{"id":3105,"date":"2019-08-07T00:31:00","date_gmt":"2019-08-07T00:31:00","guid":{"rendered":"https:\/\/jorgezanoni.com.br\/2019\/?p=3105"},"modified":"2019-08-07T00:31:00","modified_gmt":"2019-08-07T00:31:00","slug":"traficante-que-tentou-escapar-de-presidio-vestido-de-mulher-e-encontrado-morto-em-cela-no-rio","status":"publish","type":"post","link":"https:\/\/jorgezanoni.com.br\/2019\/traficante-que-tentou-escapar-de-presidio-vestido-de-mulher-e-encontrado-morto-em-cela-no-rio\/","title":{"rendered":"Traficante que tentou escapar de pres\u00eddio vestido de mulher \u00e9 encontrado morto em cela no Rio"},"content":{"rendered":"<h2 class=\"content-head__subtitle\" style=\"text-align: justify;\"><strong>Segundo a secretaria de Estado de Administra\u00e7\u00e3o Penitenci\u00e1ria, Clauvino da Silva, de 42 anos, conhecido como Baixinho, teria se enforcado com um len\u00e7ol.<\/strong><\/h2>\n<div class=\"mc-column content-text active-extra-styles active-capital-letter\" style=\"text-align: justify;\" data-block-type=\"unstyled\" data-block-weight=\"36\" data-block-id=\"1\">\n<p class=\"content-text__container theme-color-primary-first-letter\" data-track-category=\"Link no Texto\" data-track-links=\"\">O preso que tentou fugir do Complexo Penitenci\u00e1rio de Gericin\u00f3, na Zona Oeste do Rio,\u00a0<a href=\"https:\/\/g1.globo.com\/rj\/rio-de-janeiro\/noticia\/2019\/08\/03\/seap-impede-fuga-de-traficante-vestido-de-mulher-de-presidio-bangu-3.ghtml\">vestido de mulher<\/a>\u00a0foi encontrado morto, na manh\u00e3 desta ter\u00e7a-feira (6), em sua cela no pres\u00eddio de seguran\u00e7a m\u00e1xima Bangu 1.<\/p>\n<\/div>\n<div class=\"wall protected-content\">\n<div class=\"mc-column content-text active-extra-styles \" style=\"text-align: justify;\" data-block-type=\"unstyled\" data-block-weight=\"25\" data-block-id=\"2\">\n<p class=\"content-text__container \" data-track-category=\"Link no Texto\" data-track-links=\"\">Segundo a Secretaria de Estado de Administra\u00e7\u00e3o Penitenci\u00e1ria (Seap), Clauvino da Silva, de 42 anos, conhecido como Baixinho, teria se enforcado com um len\u00e7ol.<\/p>\n<\/div>\n<div class=\"mc-column content-text active-extra-styles \" data-block-type=\"unstyled\" data-block-weight=\"34\" data-block-id=\"3\">\n<p class=\"content-text__container \" style=\"text-align: justify;\" data-track-category=\"Link no Texto\" data-track-links=\"\">O corpo de bombeiros foi chamado, e ser\u00e1 realizado o registro de ocorr\u00eancia. Tamb\u00e9m ser\u00e1 instaurada uma sindic\u00e2ncia para apurar os fatos. A Seap informou que todas as celas de Bangu 1 s\u00e3o individuais.<\/p>\n<div class=\"mc-column content-text active-extra-styles\" style=\"text-align: justify;\" data-block-type=\"raw\" data-block-weight=\"3\" data-block-id=\"5\">\n<div class=\"content-intertitle\">\n<h2>Tentativa de fuga<\/h2>\n<\/div>\n<\/div>\n<div class=\"mc-column content-text active-extra-styles \" style=\"text-align: justify;\" data-block-type=\"unstyled\" data-block-weight=\"36\" data-block-id=\"6\">\n<p class=\"content-text__container \" data-track-category=\"Link no Texto\" data-track-links=\"\">Na semana passada, Clauvino tentou sair pela porta da frente vestido de mulher. Segundo a Seap, o preso iria deixar a sua filha dentro da cadeia e vestiu a roupa dela para tentar a fuga.<\/p>\n<\/div>\n<div class=\"mc-column content-text active-extra-styles \" style=\"text-align: justify;\" data-block-type=\"unstyled\" data-block-weight=\"51\" data-block-id=\"7\">\n<p class=\"content-text__container \" data-track-category=\"Link no Texto\" data-track-links=\"\">Os inspetores penitenci\u00e1rios perceberam a atitude suspeita e interromperam o plano de fuga. O traficante, a sua filha e mais sete visitantes foram encaminhados \u00e0 delegacia. Entre eles, estava uma gr\u00e1vida. Os agentes suspeitam que a m\u00e1scara e os \u00f3culos entraram no pres\u00eddio com ela, j\u00e1 que gestantes n\u00e3o s\u00e3o revistadas.<\/p>\n<\/div>\n<div class=\"mc-column content-text active-extra-styles \" style=\"text-align: justify;\" data-block-type=\"unstyled\" data-block-weight=\"49\" data-block-id=\"8\">\n<p class=\"content-text__container \" data-track-category=\"Link no Texto\" data-track-links=\"\">Clauvino estava condenado a 73 anos e 10 meses de pris\u00e3o e tinha outra fuga em seu hist\u00f3rico no sistema penitenci\u00e1rio. Em fevereiro de 2013, Baixinho estava entre os 31 presos que fugiram do Instituto Penal Vicente Piragibe, em Gericin\u00f3. Na ocasi\u00e3o, ele conseguiu deixar a unidade pelo esgoto.<\/p>\n<p data-track-category=\"Link no Texto\" data-track-links=\"\"><img loading=\"lazy\" decoding=\"async\" class=\"alignnone size-full wp-image-3106\" src=\"https:\/\/jorgezanoni.com.br\/2019\/wp-content\/uploads\/2019\/08\/fuga.jpeg\" alt=\"\" width=\"1000\" height=\"2057\" srcset=\"https:\/\/jorgezanoni.com.br\/2019\/wp-content\/uploads\/2019\/08\/fuga.jpeg 1000w, https:\/\/jorgezanoni.com.br\/2019\/wp-content\/uploads\/2019\/08\/fuga-146x300.jpeg 146w, https:\/\/jorgezanoni.com.br\/2019\/wp-content\/uploads\/2019\/08\/fuga-768x1580.jpeg 768w, https:\/\/jorgezanoni.com.br\/2019\/wp-content\/uploads\/2019\/08\/fuga-498x1024.jpeg 498w, https:\/\/jorgezanoni.com.br\/2019\/wp-content\/uploads\/2019\/08\/fuga-696x1432.jpeg 696w, https:\/\/jorgezanoni.com.br\/2019\/wp-content\/uploads\/2019\/08\/fuga-204x420.jpeg 204w\" sizes=\"auto, (max-width: 1000px) 100vw, 1000px\" \/><\/p>\n<p data-track-category=\"Link no Texto\" data-track-links=\"\">Fonte: G1<\/p>\n<\/div>\n<div class=\"content-ads content-ads--reveal\" style=\"text-align: justify;\" data-block-type=\"ads\" data-block-id=\"9\"><\/div>\n<div class=\"row medium-uncollapsed content-media content-photo\" data-block-type=\"backstage-photo\" data-block-id=\"10\">\n<div class=\"mc-column content-media__container\">\n<div class=\"progressive-img can-open-lightbox\" data-min-size=\"1008x2073\" data-min-size-url=\"https:\/\/s2.glbimg.com\/H7-k_c65FsnSpBIoB7vNsH2j1GM=\/0x0:560x1152\/1008x0\/smart\/filters:strip_icc()\/i.s3.glbimg.com\/v1\/AUTH_59edd422c0c84a879bd37670ae4f538a\/internal_photos\/bs\/2019\/B\/s\/qJiOx1QeKBJqWasx0Bwg\/whatsapp-image-2019-08-03-at-17.42.25-1-.jpeg\" data-max-size=\"1600x3291\" data-max-size-url=\"https:\/\/s2.glbimg.com\/OwOkBSQjDAms4uBqHR208FhCJ8A=\/0x0:560x1152\/1600x0\/smart\/filters:strip_icc()\/i.s3.glbimg.com\/v1\/AUTH_59edd422c0c84a879bd37670ae4f538a\/internal_photos\/bs\/2019\/B\/s\/qJiOx1QeKBJqWasx0Bwg\/whatsapp-image-2019-08-03-at-17.42.25-1-.jpeg\" data-media-index=\"0\"><\/div>\n<\/div>\n<\/div>\n<\/div>\n<\/div>\n","protected":false},"excerpt":{"rendered":"<p>Segundo a secretaria de Estado de Administra\u00e7\u00e3o Penitenci\u00e1ria, Clauvino da Silva, de 42 anos, conhecido como Baixinho, teria se enforcado com um len\u00e7ol. O preso que tentou fugir do Complexo Penitenci\u00e1rio de Gericin\u00f3, na Zona Oeste do Rio,\u00a0vestido de mulher\u00a0foi encontrado morto, na manh\u00e3 desta ter\u00e7a-feira (6), em sua cela no pres\u00eddio de seguran\u00e7a m\u00e1xima [&hellip;]<\/p>\n","protected":false},"author":1,"featured_media":3107,"comment_status":"closed","ping_status":"open","sticky":false,"template":"","format":"standard","meta":{"footnotes":""},"categories":[110,2],"tags":[],"class_list":["post-3105","post","type-post","status-publish","format-standard","has-post-thumbnail","hentry","category-noticiasdestaque","category-policial"],"_links":{"self":[{"href":"https:\/\/jorgezanoni.com.br\/2019\/wp-json\/wp\/v2\/posts\/3105","targetHints":{"allow":["GET"]}}],"collection":[{"href":"https:\/\/jorgezanoni.com.br\/2019\/wp-json\/wp\/v2\/posts"}],"about":[{"href":"https:\/\/jorgezanoni.com.br\/2019\/wp-json\/wp\/v2\/types\/post"}],"author":[{"embeddable":true,"href":"https:\/\/jorgezanoni.com.br\/2019\/wp-json\/wp\/v2\/users\/1"}],"replies":[{"embeddable":true,"href":"https:\/\/jorgezanoni.com.br\/2019\/wp-json\/wp\/v2\/comments?post=3105"}],"version-history":[{"count":0,"href":"https:\/\/jorgezanoni.com.br\/2019\/wp-json\/wp\/v2\/posts\/3105\/revisions"}],"wp:featuredmedia":[{"embeddable":true,"href":"https:\/\/jorgezanoni.com.br\/2019\/wp-json\/wp\/v2\/media\/3107"}],"wp:attachment":[{"href":"https:\/\/jorgezanoni.com.br\/2019\/wp-json\/wp\/v2\/media?parent=3105"}],"wp:term":[{"taxonomy":"category","embeddable":true,"href":"https:\/\/jorgezanoni.com.br\/2019\/wp-json\/wp\/v2\/categories?post=3105"},{"taxonomy":"post_tag","embeddable":true,"href":"https:\/\/jorgezanoni.com.br\/2019\/wp-json\/wp\/v2\/tags?post=3105"}],"curies":[{"name":"wp","href":"https:\/\/api.w.org\/{rel}","templated":true}]}}