{"id":31034,"date":"2020-07-19T23:14:19","date_gmt":"2020-07-19T23:14:19","guid":{"rendered":"https:\/\/jorgezanoni.com.br\/2019\/?p=31034"},"modified":"2020-07-19T23:14:19","modified_gmt":"2020-07-19T23:14:19","slug":"choque-contra-arvore-foi-registrado-no-acesso-a-ouro-verde-na-tarde-deste-domingo","status":"publish","type":"post","link":"https:\/\/jorgezanoni.com.br\/2019\/choque-contra-arvore-foi-registrado-no-acesso-a-ouro-verde-na-tarde-deste-domingo\/","title":{"rendered":"Choque contra \u00e1rvore foi registrado no acesso a Ouro Verde na tarde deste domingo"},"content":{"rendered":"<p style=\"text-align: justify;\"><strong>O acidente aconteceu no Km 6 da via de acesso da SP-563, Pr\u00f3ximo da chegada a Ouro Verde.<\/strong><\/p>\n<p style=\"text-align: justify;\">Policiais Militares pertencentes ao efetivo da 2\u00aa Companhia do Policiamento Rodovi\u00e1rio de Presidente Prudente\/SP, na tarde de hoje atenderam um Acidente de Tr\u00e2nsito com v\u00edtima leve, tipo choque<\/p>\n<div class=\"text_exposed_show\">\n<p style=\"text-align: justify;\">Ve\u00edculo \u00fanico (VW\/Gol, cor prata, ano 1997, placas de Dracena\/SP) transitava no sentido Dracena\/SP a Ouro Verde\/SP, quando no local do fato seu condutor J.S.N.S., 26 anos, residente em Dracena, (v\u00edtima leve) perdeu o controle da dire\u00e7\u00e3o, chocando-se contra uma \u00e1rvore e uma cerca al\u00e9m do acostamento a sua esquerda, vitimando levemente os acompanhantes do ve\u00edculo: uma mulher, P.R.F., 26 anos, residente em Dracena, e, uma crianca, (menino) D.R.F., 1 ano e 9 meses, residente em Dracena.<\/p>\n<p style=\"text-align: justify;\">V\u00edtimas socorridas ao PS de Dracena. Rodovia n\u00e3o foi interditada, o local sinalizado pelo Policiamento rodovi\u00e1rio, juntamente com DER.<\/p>\n<p><img loading=\"lazy\" decoding=\"async\" class=\"alignnone size-full wp-image-31035\" src=\"https:\/\/jorgezanoni.com.br\/2019\/wp-content\/uploads\/2020\/07\/rodo.jpg\" alt=\"\" width=\"625\" height=\"526\" srcset=\"https:\/\/jorgezanoni.com.br\/2019\/wp-content\/uploads\/2020\/07\/rodo.jpg 625w, https:\/\/jorgezanoni.com.br\/2019\/wp-content\/uploads\/2020\/07\/rodo-300x252.jpg 300w, https:\/\/jorgezanoni.com.br\/2019\/wp-content\/uploads\/2020\/07\/rodo-499x420.jpg 499w\" sizes=\"auto, (max-width: 625px) 100vw, 625px\" \/> <img loading=\"lazy\" decoding=\"async\" class=\"alignnone size-full wp-image-31036\" src=\"https:\/\/jorgezanoni.com.br\/2019\/wp-content\/uploads\/2020\/07\/rodo1.jpg\" alt=\"\" width=\"517\" height=\"387\" srcset=\"https:\/\/jorgezanoni.com.br\/2019\/wp-content\/uploads\/2020\/07\/rodo1.jpg 517w, https:\/\/jorgezanoni.com.br\/2019\/wp-content\/uploads\/2020\/07\/rodo1-300x225.jpg 300w, https:\/\/jorgezanoni.com.br\/2019\/wp-content\/uploads\/2020\/07\/rodo1-80x60.jpg 80w, https:\/\/jorgezanoni.com.br\/2019\/wp-content\/uploads\/2020\/07\/rodo1-265x198.jpg 265w\" sizes=\"auto, (max-width: 517px) 100vw, 517px\" \/><\/p>\n<p>Fonte: 2\u00aa Cia PMR<\/p>\n<p style=\"text-align: justify;\">O Site JZ havia divulgado em v\u00eddeo logo ap\u00f3s o acontecimento, VEJA NO LINK: https:\/\/jorgezanoni.com.br\/2019\/2020\/07\/19\/acidente-com-familia-de-dracena-na-entrada-da-cidade-de-ouro-verde\/<\/p>\n<\/div>\n","protected":false},"excerpt":{"rendered":"<p>O acidente aconteceu no Km 6 da via de acesso da SP-563, Pr\u00f3ximo da chegada a Ouro Verde. Policiais Militares pertencentes ao efetivo da 2\u00aa Companhia do Policiamento Rodovi\u00e1rio de Presidente Prudente\/SP, na tarde de hoje atenderam um Acidente de Tr\u00e2nsito com v\u00edtima leve, tipo choque Ve\u00edculo \u00fanico (VW\/Gol, cor prata, ano 1997, placas de [&hellip;]<\/p>\n","protected":false},"author":1,"featured_media":31037,"comment_status":"closed","ping_status":"open","sticky":false,"template":"","format":"standard","meta":{"footnotes":""},"categories":[170,110],"tags":[],"class_list":["post-31034","post","type-post","status-publish","format-standard","has-post-thumbnail","hentry","category-acidentes","category-noticiasdestaque"],"_links":{"self":[{"href":"https:\/\/jorgezanoni.com.br\/2019\/wp-json\/wp\/v2\/posts\/31034","targetHints":{"allow":["GET"]}}],"collection":[{"href":"https:\/\/jorgezanoni.com.br\/2019\/wp-json\/wp\/v2\/posts"}],"about":[{"href":"https:\/\/jorgezanoni.com.br\/2019\/wp-json\/wp\/v2\/types\/post"}],"author":[{"embeddable":true,"href":"https:\/\/jorgezanoni.com.br\/2019\/wp-json\/wp\/v2\/users\/1"}],"replies":[{"embeddable":true,"href":"https:\/\/jorgezanoni.com.br\/2019\/wp-json\/wp\/v2\/comments?post=31034"}],"version-history":[{"count":0,"href":"https:\/\/jorgezanoni.com.br\/2019\/wp-json\/wp\/v2\/posts\/31034\/revisions"}],"wp:featuredmedia":[{"embeddable":true,"href":"https:\/\/jorgezanoni.com.br\/2019\/wp-json\/wp\/v2\/media\/31037"}],"wp:attachment":[{"href":"https:\/\/jorgezanoni.com.br\/2019\/wp-json\/wp\/v2\/media?parent=31034"}],"wp:term":[{"taxonomy":"category","embeddable":true,"href":"https:\/\/jorgezanoni.com.br\/2019\/wp-json\/wp\/v2\/categories?post=31034"},{"taxonomy":"post_tag","embeddable":true,"href":"https:\/\/jorgezanoni.com.br\/2019\/wp-json\/wp\/v2\/tags?post=31034"}],"curies":[{"name":"wp","href":"https:\/\/api.w.org\/{rel}","templated":true}]}}