{"id":31030,"date":"2020-07-19T18:09:01","date_gmt":"2020-07-19T18:09:01","guid":{"rendered":"https:\/\/jorgezanoni.com.br\/2019\/?p=31030"},"modified":"2020-07-19T20:15:30","modified_gmt":"2020-07-19T20:15:30","slug":"morre-durval-ribeiro-da-silva","status":"publish","type":"post","link":"https:\/\/jorgezanoni.com.br\/2019\/morre-durval-ribeiro-da-silva\/","title":{"rendered":"Morre Durval Ribeiro da Silva"},"content":{"rendered":"<p style=\"text-align: justify;\">Faleceu na U.T.I da Santa Casa de Dracena, Durval Ribeiro da Silva de 61 anos. Trabalhou por muitos anos na Secretaria de Sa\u00fade. Deixa irm\u00e3os e demais familiares.<\/p>\n<p style=\"text-align: justify;\">Durval foi v\u00edtima de Covid-19, por\u00e9m havia superado e j\u00e1 estava em casa, neste final de semana passou mal e foi constatado um problema grave em um dos Pulm\u00f5es e foi novamente internado. Agora a tarde n\u00e3o resistiu e veio a \u00f3bito.<\/p>\n<p style=\"text-align: justify;\">O Vel\u00f3rio ocorre amanh\u00e3 (20) no Memorial Vida Prev das 7 \u00e0s 9 Hs.<\/p>\n<p style=\"text-align: justify;\">Jorge Zanoni<\/p>\n","protected":false},"excerpt":{"rendered":"<p>Faleceu na U.T.I da Santa Casa de Dracena, Durval Ribeiro da Silva de 61 anos. Trabalhou por muitos anos na Secretaria de Sa\u00fade. Deixa irm\u00e3os e demais familiares. Durval foi v\u00edtima de Covid-19, por\u00e9m havia superado e j\u00e1 estava em casa, neste final de semana passou mal e foi constatado um problema grave em um [&hellip;]<\/p>\n","protected":false},"author":1,"featured_media":31031,"comment_status":"closed","ping_status":"open","sticky":false,"template":"","format":"standard","meta":{"footnotes":""},"categories":[178,110],"tags":[],"class_list":["post-31030","post","type-post","status-publish","format-standard","has-post-thumbnail","hentry","category-notadefalecimento","category-noticiasdestaque"],"_links":{"self":[{"href":"https:\/\/jorgezanoni.com.br\/2019\/wp-json\/wp\/v2\/posts\/31030","targetHints":{"allow":["GET"]}}],"collection":[{"href":"https:\/\/jorgezanoni.com.br\/2019\/wp-json\/wp\/v2\/posts"}],"about":[{"href":"https:\/\/jorgezanoni.com.br\/2019\/wp-json\/wp\/v2\/types\/post"}],"author":[{"embeddable":true,"href":"https:\/\/jorgezanoni.com.br\/2019\/wp-json\/wp\/v2\/users\/1"}],"replies":[{"embeddable":true,"href":"https:\/\/jorgezanoni.com.br\/2019\/wp-json\/wp\/v2\/comments?post=31030"}],"version-history":[{"count":0,"href":"https:\/\/jorgezanoni.com.br\/2019\/wp-json\/wp\/v2\/posts\/31030\/revisions"}],"wp:featuredmedia":[{"embeddable":true,"href":"https:\/\/jorgezanoni.com.br\/2019\/wp-json\/wp\/v2\/media\/31031"}],"wp:attachment":[{"href":"https:\/\/jorgezanoni.com.br\/2019\/wp-json\/wp\/v2\/media?parent=31030"}],"wp:term":[{"taxonomy":"category","embeddable":true,"href":"https:\/\/jorgezanoni.com.br\/2019\/wp-json\/wp\/v2\/categories?post=31030"},{"taxonomy":"post_tag","embeddable":true,"href":"https:\/\/jorgezanoni.com.br\/2019\/wp-json\/wp\/v2\/tags?post=31030"}],"curies":[{"name":"wp","href":"https:\/\/api.w.org\/{rel}","templated":true}]}}