{"id":31017,"date":"2020-07-19T16:38:33","date_gmt":"2020-07-19T16:38:33","guid":{"rendered":"https:\/\/jorgezanoni.com.br\/2019\/?p=31017"},"modified":"2020-07-19T16:38:33","modified_gmt":"2020-07-19T16:38:33","slug":"acidente-com-familia-de-dracena-na-entrada-da-cidade-de-ouro-verde","status":"publish","type":"post","link":"https:\/\/jorgezanoni.com.br\/2019\/acidente-com-familia-de-dracena-na-entrada-da-cidade-de-ouro-verde\/","title":{"rendered":"Acidente com familia de Dracena na entrada da cidade de Ouro Verde"},"content":{"rendered":"<p style=\"text-align: justify;\">O Policiamento rodovi\u00e1rio base operacional de Adamantina, Corpo de Bombeiros de Dracena e Pol\u00edcia Militar de Ouro Verde pedem aten\u00e7\u00e3o para quem estiver fazendo o sentido Rodovia General Euclides de Oliveira Figueiredo \u00e0 cidade.<\/p>\n<p style=\"text-align: justify;\">Nas imedia\u00e7\u00f5es da entrada de Ouro Verde foi registrado um acidente com v\u00edtimas de uma fam\u00edlia de Dracena. Conforme o v\u00eddeo o condutor perdeu o controle de dire\u00e7\u00e3o e o ve\u00edculo acabou se chocando contra uma \u00e1rvore.<\/p>\n<p style=\"text-align: justify;\">Veja o v\u00eddeo de Andr\u00e9 Paulo da R\u00e1dio Cidade FM.<\/p>\n<div id=\"fb-root\"><\/div>\n<p><script async=\"1\" defer=\"1\" crossorigin=\"anonymous\" src=\"https:\/\/connect.facebook.net\/en_US\/sdk.js#xfbml=1&amp;version=v7.0\" nonce=\"EEbxSpEZ\"><\/script><\/p>\n<div class=\"fb-video\" data-href=\"https:\/\/www.facebook.com\/andre.paulo.1213\/videos\/1093431137724854\/\" data-width=\"696\">\n<blockquote cite=\"https:\/\/www.facebook.com\/andre.paulo.1213\/videos\/1093431137724854\/\" class=\"fb-xfbml-parse-ignore\"><p><a href=\"https:\/\/www.facebook.com\/andre.paulo.1213\/videos\/1093431137724854\/\"><\/a><\/p>\n<p>Aten\u00e7\u00e3o, Aten\u00e7\u00e3o:Departamento de Jornalismo da R\u00e1dio Cidade FM: \ud83d\ude93\ud83d\ude91\ud83d\ude92 Informa\u00e7\u00e3o:Cuidado redobrado, ao chegar em Ouro Verde SP, Acidente nesse exato momento:\ud83d\ude1eTrabalho r\u00e1pido e bem feito pelo resgate Bombeiros  profissionais da \u00e1rea!\u2764A princ\u00edpio todos passam bem:\ud83d\ude4f\ud83c\udffd<\/p>\n<p>Posted by <a href=\"https:\/\/www.facebook.com\/andre.paulo.1213\">Andr\u00e9 Paulo<\/a> on Sunday, July 19, 2020<\/p><\/blockquote>\n<\/div>\n<p><img loading=\"lazy\" decoding=\"async\" class=\"alignnone size-full wp-image-31018\" src=\"https:\/\/jorgezanoni.com.br\/2019\/wp-content\/uploads\/2020\/07\/2020-07-19-13.png\" alt=\"\" width=\"276\" height=\"309\" srcset=\"https:\/\/jorgezanoni.com.br\/2019\/wp-content\/uploads\/2020\/07\/2020-07-19-13.png 276w, https:\/\/jorgezanoni.com.br\/2019\/wp-content\/uploads\/2020\/07\/2020-07-19-13-268x300.png 268w\" sizes=\"auto, (max-width: 276px) 100vw, 276px\" \/> <img loading=\"lazy\" decoding=\"async\" class=\"alignnone size-full wp-image-31019\" src=\"https:\/\/jorgezanoni.com.br\/2019\/wp-content\/uploads\/2020\/07\/2020-07-19-14.png\" alt=\"\" width=\"277\" height=\"340\" srcset=\"https:\/\/jorgezanoni.com.br\/2019\/wp-content\/uploads\/2020\/07\/2020-07-19-14.png 277w, https:\/\/jorgezanoni.com.br\/2019\/wp-content\/uploads\/2020\/07\/2020-07-19-14-244x300.png 244w\" sizes=\"auto, (max-width: 277px) 100vw, 277px\" \/> <img loading=\"lazy\" decoding=\"async\" class=\"alignnone size-full wp-image-31020\" src=\"https:\/\/jorgezanoni.com.br\/2019\/wp-content\/uploads\/2020\/07\/2020-07-19-15.png\" alt=\"\" width=\"282\" height=\"389\" srcset=\"https:\/\/jorgezanoni.com.br\/2019\/wp-content\/uploads\/2020\/07\/2020-07-19-15.png 282w, https:\/\/jorgezanoni.com.br\/2019\/wp-content\/uploads\/2020\/07\/2020-07-19-15-217x300.png 217w\" sizes=\"auto, (max-width: 282px) 100vw, 282px\" \/><\/p>\n","protected":false},"excerpt":{"rendered":"<p>O Policiamento rodovi\u00e1rio base operacional de Adamantina, Corpo de Bombeiros de Dracena e Pol\u00edcia Militar de Ouro Verde pedem aten\u00e7\u00e3o para quem estiver fazendo o sentido Rodovia General Euclides de Oliveira Figueiredo \u00e0 cidade. Nas imedia\u00e7\u00f5es da entrada de Ouro Verde foi registrado um acidente com v\u00edtimas de uma fam\u00edlia de Dracena. Conforme o v\u00eddeo [&hellip;]<\/p>\n","protected":false},"author":1,"featured_media":31021,"comment_status":"closed","ping_status":"open","sticky":false,"template":"","format":"video","meta":{"footnotes":""},"categories":[170,110,169],"tags":[],"class_list":["post-31017","post","type-post","status-publish","format-video","has-post-thumbnail","hentry","category-acidentes","category-noticiasdestaque","category-videos","post_format-post-format-video"],"_links":{"self":[{"href":"https:\/\/jorgezanoni.com.br\/2019\/wp-json\/wp\/v2\/posts\/31017","targetHints":{"allow":["GET"]}}],"collection":[{"href":"https:\/\/jorgezanoni.com.br\/2019\/wp-json\/wp\/v2\/posts"}],"about":[{"href":"https:\/\/jorgezanoni.com.br\/2019\/wp-json\/wp\/v2\/types\/post"}],"author":[{"embeddable":true,"href":"https:\/\/jorgezanoni.com.br\/2019\/wp-json\/wp\/v2\/users\/1"}],"replies":[{"embeddable":true,"href":"https:\/\/jorgezanoni.com.br\/2019\/wp-json\/wp\/v2\/comments?post=31017"}],"version-history":[{"count":0,"href":"https:\/\/jorgezanoni.com.br\/2019\/wp-json\/wp\/v2\/posts\/31017\/revisions"}],"wp:featuredmedia":[{"embeddable":true,"href":"https:\/\/jorgezanoni.com.br\/2019\/wp-json\/wp\/v2\/media\/31021"}],"wp:attachment":[{"href":"https:\/\/jorgezanoni.com.br\/2019\/wp-json\/wp\/v2\/media?parent=31017"}],"wp:term":[{"taxonomy":"category","embeddable":true,"href":"https:\/\/jorgezanoni.com.br\/2019\/wp-json\/wp\/v2\/categories?post=31017"},{"taxonomy":"post_tag","embeddable":true,"href":"https:\/\/jorgezanoni.com.br\/2019\/wp-json\/wp\/v2\/tags?post=31017"}],"curies":[{"name":"wp","href":"https:\/\/api.w.org\/{rel}","templated":true}]}}