{"id":31014,"date":"2020-07-19T15:46:02","date_gmt":"2020-07-19T15:46:02","guid":{"rendered":"https:\/\/jorgezanoni.com.br\/2019\/?p=31014"},"modified":"2020-07-19T15:46:02","modified_gmt":"2020-07-19T15:46:02","slug":"o-sacrificio-de-quase-100-mil-visons-infectados-por-coronavirus-na-espanha","status":"publish","type":"post","link":"https:\/\/jorgezanoni.com.br\/2019\/o-sacrificio-de-quase-100-mil-visons-infectados-por-coronavirus-na-espanha\/","title":{"rendered":"O sacrif\u00edcio de quase 100 mil visons infectados por coronav\u00edrus na Espanha"},"content":{"rendered":"<h2 class=\"content-head__subtitle\" style=\"text-align: justify;\"><strong>Autoridades de sa\u00fade detectaram que dezenas de milhares de visons criados em uma fazenda na Espanha estavam infectados com coronav\u00edrus. O surto tamb\u00e9m fez trabalhadores adoecerem, alertando as autoridades.<\/strong><\/h2>\n<div class=\"mc-column content-text active-extra-styles \" data-block-type=\"unstyled\" data-block-weight=\"31\" data-block-id=\"2\">\n<p class=\"content-text__container \" style=\"text-align: justify;\" data-track-category=\"Link no Texto\" data-track-links=\"\">Quase 100 mil visons em uma fazenda no nordeste da Espanha ser\u00e3o sacrificados depois que muitos deles fizeram testes que deram positivo para\u00a0<a href=\"https:\/\/g1.globo.com\/bemestar\/coronavirus\/\">coronav\u00edrus<\/a>, informaram as autoridades de sa\u00fade do pa\u00eds.<\/p>\n<\/div>\n<div class=\"wall protected-content\">\n<div class=\"mc-column content-text active-extra-styles \" style=\"text-align: justify;\" data-block-type=\"unstyled\" data-block-weight=\"21\" data-block-id=\"3\">\n<p class=\"content-text__container \" data-track-category=\"Link no Texto\" data-track-links=\"\">O surto na prov\u00edncia de Arag\u00e3o foi descoberto depois que a esposa de um funcion\u00e1rio agr\u00edcola contraiu a doen\u00e7a em maio.<\/p>\n<\/div>\n<div class=\"mc-column content-text active-extra-styles \" style=\"text-align: justify;\" data-block-type=\"unstyled\" data-block-weight=\"17\" data-block-id=\"4\">\n<p class=\"content-text__container \" data-track-category=\"Link no Texto\" data-track-links=\"\">Desde ent\u00e3o, seu marido e outros seis trabalhadores tamb\u00e9m tiveram Covid-19, a doen\u00e7a causada pelo novo coronav\u00edrus.<\/p>\n<\/div>\n<div class=\"mc-column content-text active-extra-styles\" style=\"text-align: justify;\" data-block-type=\"raw\" data-block-weight=\"27\" data-block-id=\"5\">\n<blockquote class=\"content-blockquote theme-border-color-primary-before\"><p>Os visons, criados por seu precioso pelo e para a produ\u00e7\u00e3o de casacos de pele, foram isolados, e sua sa\u00fade foi monitorada ap\u00f3s a infec\u00e7\u00e3o dos trabalhadores.<\/p><\/blockquote>\n<\/div>\n<div class=\"mc-column content-text active-extra-styles \" style=\"text-align: justify;\" data-block-type=\"unstyled\" data-block-weight=\"26\" data-block-id=\"6\">\n<p class=\"content-text__container \" data-track-category=\"Link no Texto\" data-track-links=\"\">Quando os testes realizados em 13 de julho mostraram que\u00a0<strong>87% dos animais estavam infectados<\/strong>, as autoridades de sa\u00fade ordenaram o abate dos aproximadamente 92.700 animais.<\/p>\n<\/div>\n<div class=\"mc-column content-text active-extra-styles \" style=\"text-align: justify;\" data-block-type=\"unstyled\" data-block-weight=\"19\" data-block-id=\"7\">\n<p class=\"content-text__container \" data-track-category=\"Link no Texto\" data-track-links=\"\">A empresa que administra a fazenda, localizada em uma cidade a 200 km de Madri, receber\u00e1 uma compensa\u00e7\u00e3o financeira.<\/p>\n<\/div>\n<div class=\"mc-column content-text active-extra-styles\" style=\"text-align: justify;\" data-block-type=\"raw\" data-block-weight=\"24\" data-block-id=\"8\">\n<ul class=\"content-unordered-list\">\n<li><a href=\"https:\/\/g1.globo.com\/bemestar\/coronavirus\/noticia\/2020\/05\/25\/visons-infectaram-dois-humanos-com-coronavirus-diz-governo-da-holanda.ghtml\">Visons infectaram dois humanos com coronav\u00edrus, diz governo da Holanda<\/a><\/li>\n<li><a href=\"https:\/\/g1.globo.com\/natureza\/noticia\/2020\/06\/08\/holanda-ordena-abate-de-10-mil-visons-apos-caso-de-infeccao-humana-por-coronavirus.ghtml\">Holanda ordena abate de 10 mil visons ap\u00f3s caso de infec\u00e7\u00e3o humana por coronav\u00edrus<\/a><\/li>\n<\/ul>\n<\/div>\n<div class=\"row medium-uncollapsed content-media content-photo\" style=\"text-align: justify;\" data-block-type=\"backstage-photo\" data-block-id=\"9\">\n<div class=\"mc-column content-media__container\">\n<figure><img decoding=\"async\" class=\"i-amphtml-fill-content i-amphtml-replaced-content\" src=\"https:\/\/s2.glbimg.com\/y4oj1iq50LKSg-UYGNVBFAiiuhs=\/0x0:976x549\/984x0\/smart\/filters:strip_icc()\/i.s3.glbimg.com\/v1\/AUTH_59edd422c0c84a879bd37670ae4f538a\/internal_photos\/bs\/2020\/9\/B\/jD0qg3S9S2al0KBUufmw\/foto-2-nao-esta-claro-se-a-transmissao-do-virus-foi-de-humanos-para-animais-ou-vice-versa.jpg\" sizes=\"(max-width: 1242px) 648px, 100vw\" srcset=\"https:\/\/s2.glbimg.com\/_UVBj-LIfey_uAMwOdMyndvP8bs=\/0x0:976x549\/1000x0\/smart\/filters:strip_icc()\/i.s3.glbimg.com\/v1\/AUTH_59edd422c0c84a879bd37670ae4f538a\/internal_photos\/bs\/2020\/9\/B\/jD0qg3S9S2al0KBUufmw\/foto-2-nao-esta-claro-se-a-transmissao-do-virus-foi-de-humanos-para-animais-ou-vice-versa.jpg 1000w, https:\/\/s2.glbimg.com\/y4oj1iq50LKSg-UYGNVBFAiiuhs=\/0x0:976x549\/984x0\/smart\/filters:strip_icc()\/i.s3.glbimg.com\/v1\/AUTH_59edd422c0c84a879bd37670ae4f538a\/internal_photos\/bs\/2020\/9\/B\/jD0qg3S9S2al0KBUufmw\/foto-2-nao-esta-claro-se-a-transmissao-do-virus-foi-de-humanos-para-animais-ou-vice-versa.jpg 984w, https:\/\/s2.glbimg.com\/Hs_ss-UhFZgNKOKaIoQAB4ZW3WA=\/0x0:976x549\/640x0\/smart\/filters:strip_icc()\/i.s3.glbimg.com\/v1\/AUTH_59edd422c0c84a879bd37670ae4f538a\/internal_photos\/bs\/2020\/9\/B\/jD0qg3S9S2al0KBUufmw\/foto-2-nao-esta-claro-se-a-transmissao-do-virus-foi-de-humanos-para-animais-ou-vice-versa.jpg 640w, https:\/\/s2.glbimg.com\/fSYmZKWzTPE5pesYD2EpPMu5qlk=\/0x0:976x549\/600x0\/smart\/filters:strip_icc()\/i.s3.glbimg.com\/v1\/AUTH_59edd422c0c84a879bd37670ae4f538a\/internal_photos\/bs\/2020\/9\/B\/jD0qg3S9S2al0KBUufmw\/foto-2-nao-esta-claro-se-a-transmissao-do-virus-foi-de-humanos-para-animais-ou-vice-versa.jpg 600w\" alt=\"N\u00e3o est\u00e1 claro se a transmiss\u00e3o do v\u00edrus foi de humanos para animais ou vice-versa \u2014 Foto: Getty Images via BBC\" \/><\/figure>\n<p class=\"content-media__description \">N\u00e3o est\u00e1 claro se a transmiss\u00e3o do v\u00edrus foi de humanos para animais ou vice-versa \u2014 Foto: Getty Images via BBC<\/p>\n<\/div>\n<\/div>\n<div class=\"mc-column content-text active-extra-styles\" style=\"text-align: justify;\" data-block-type=\"raw\" data-block-weight=\"3\" data-block-id=\"11\">\n<div class=\"content-intertitle\">\n<h2>Risco de cont\u00e1gio<\/h2>\n<\/div>\n<\/div>\n<div class=\"mc-column content-text active-extra-styles \" style=\"text-align: justify;\" data-block-type=\"unstyled\" data-block-weight=\"41\" data-block-id=\"12\">\n<p class=\"content-text__container \" data-track-category=\"Link no Texto\" data-track-links=\"\">Ao lado de Madri e da Catalunha, Arag\u00e3o tem sido um dos pontos mais cr\u00edticos da pandemia na Espanha, onde at\u00e9 esta semana havia mais de 250 mil casos confirmados e cerca de 28 mil mortes desde o in\u00edcio da pandemia.<\/p>\n<\/div>\n<div class=\"mc-column content-text active-extra-styles \" style=\"text-align: justify;\" data-block-type=\"unstyled\" data-block-weight=\"28\" data-block-id=\"13\">\n<p class=\"content-text__container \" data-track-category=\"Link no Texto\" data-track-links=\"\">Joaqu\u00edn Olona, \u200b\u200bministro da Agricultura de Arag\u00e3o, disse a rep\u00f3rteres na quinta-feira que a decis\u00e3o de sacrificar os vison foi tomada &#8220;para evitar o risco de transmiss\u00e3o humana&#8221;.<\/p>\n<\/div>\n<div class=\"mc-column content-text active-extra-styles \" style=\"text-align: justify;\" data-block-type=\"unstyled\" data-block-weight=\"17\" data-block-id=\"14\">\n<p class=\"content-text__container \" data-track-category=\"Link no Texto\" data-track-links=\"\">Olona enfatizou que n\u00e3o estava claro se &#8220;a transmiss\u00e3o era poss\u00edvel de animais para humanos e vice-versa&#8221;.<\/p>\n<\/div>\n<div class=\"mc-column content-text active-extra-styles \" style=\"text-align: justify;\" data-block-type=\"unstyled\" data-block-weight=\"18\" data-block-id=\"15\">\n<p class=\"content-text__container \" data-track-category=\"Link no Texto\" data-track-links=\"\">Mas uma possibilidade, disse ele, era que um trabalhador agr\u00edcola infectado havia transmitido a doen\u00e7a acidentalmente aos animais.<\/p>\n<\/div>\n<div class=\"mc-column content-text active-extra-styles \" style=\"text-align: justify;\" data-block-type=\"unstyled\" data-block-weight=\"27\" data-block-id=\"16\">\n<p class=\"content-text__container \" data-track-category=\"Link no Texto\" data-track-links=\"\">Outra teoria \u00e9 a de que os animais transmitem a doen\u00e7a aos trabalhadores, disse ele, mas n\u00e3o h\u00e1 evid\u00eancias conclusivas para provar que isso ocorra de fato.<\/p>\n<\/div>\n<div class=\"mc-column content-text active-extra-styles\" style=\"text-align: justify;\" data-block-type=\"raw\" data-block-weight=\"20\" data-block-id=\"17\">\n<div class=\"content-intertitle\">\n<h2>Por que as fazendas de vison est\u00e3o em risco? An\u00e1lise de Helen Briggs, jornalista de sa\u00fade e ci\u00eancia da BBC<\/h2>\n<\/div>\n<\/div>\n<div class=\"mc-column content-text active-extra-styles \" style=\"text-align: justify;\" data-block-type=\"unstyled\" data-block-weight=\"32\" data-block-id=\"18\">\n<p class=\"content-text__container \" data-track-category=\"Link no Texto\" data-track-links=\"\">Mais de um milh\u00e3o de casos do v\u00edrus em visons de cria\u00e7\u00e3o em cativeiro foram detectados na Europa, onde est\u00e3o em andamento estudos para descobrir como e por que eles foram afetados.<\/p>\n<\/div>\n<div class=\"mc-column content-text active-extra-styles \" style=\"text-align: justify;\" data-block-type=\"unstyled\" data-block-weight=\"27\" data-block-id=\"19\">\n<p class=\"content-text__container \" data-track-category=\"Link no Texto\" data-track-links=\"\">H\u00e1 muito se sabe que o vison pode contrair a infec\u00e7\u00e3o. E as condi\u00e7\u00f5es s\u00e3o prop\u00edcias para a doen\u00e7a se espalhar rapidamente de um animal para outro.<\/p>\n<\/div>\n<div class=\"mc-column content-text active-extra-styles \" style=\"text-align: justify;\" data-block-type=\"unstyled\" data-block-weight=\"28\" data-block-id=\"20\">\n<p class=\"content-text__container \" data-track-category=\"Link no Texto\" data-track-links=\"\">O novo coronav\u00edrus teve sua origem no reino animal. Mas agora \u00e9 mais prov\u00e1vel que os animais sejam expostos ao v\u00edrus por meio do contato com portadores humanos.<\/p>\n<\/div>\n<div class=\"mc-column content-text active-extra-styles \" style=\"text-align: justify;\" data-block-type=\"unstyled\" data-block-weight=\"14\" data-block-id=\"21\">\n<p class=\"content-text__container \" data-track-category=\"Link no Texto\" data-track-links=\"\">Os criadores de vison foram alertados para o problema quando seus animais adoeceram.<\/p>\n<\/div>\n<div class=\"mc-column content-text active-extra-styles \" style=\"text-align: justify;\" data-block-type=\"unstyled\" data-block-weight=\"17\" data-block-id=\"22\">\n<p class=\"content-text__container \" data-track-category=\"Link no Texto\" data-track-links=\"\">Cientistas temem que, se o v\u00edrus passar para a vida selvagem, n\u00e3o perceberemos isso por um tempo.<\/p>\n<\/div>\n<div class=\"mc-column content-text active-extra-styles \" style=\"text-align: justify;\" data-block-type=\"unstyled\" data-block-weight=\"14\" data-block-id=\"23\">\n<p class=\"content-text__container \" data-track-category=\"Link no Texto\" data-track-links=\"\">E o coronav\u00edrus poder\u00e1 ser catastr\u00f3fico para animais em extin\u00e7\u00e3o, como gorilas e chimpanz\u00e9s.<\/p>\n<\/div>\n<div class=\"mc-column content-text active-extra-styles\" style=\"text-align: justify;\" data-block-type=\"raw\" data-block-weight=\"10\" data-block-id=\"24\">\n<div class=\"content-intertitle\">\n<h2>O que sabemos sobre a transmiss\u00e3o de animais para humanos?<\/h2>\n<\/div>\n<\/div>\n<div class=\"mc-column content-text active-extra-styles \" style=\"text-align: justify;\" data-block-type=\"unstyled\" data-block-weight=\"14\" data-block-id=\"25\">\n<p class=\"content-text__container \" data-track-category=\"Link no Texto\" data-track-links=\"\">Estudos demonstraram que o v\u00edrus \u00e9 contagioso entre certos animais, incluindo c\u00e3es e gatos.<\/p>\n<\/div>\n<div class=\"content-ads content-ads--reveal\" style=\"text-align: justify;\" data-block-type=\"ads\" data-block-id=\"26\">\n<div id=\"banner_materia__90205848-99e5-4421-ad35-d0f6087caa17\" class=\"tag-manager-publicidade-container mc-has-reveal mc-has-ad-lazyload tag-manager-publicidade-banner_materia__90205848-99e5-4421-ad35-d0f6087caa17 tag-manager-publicidade-container--carregado tag-manager-publicidade-container--visivel\" data-id=\"banner_materia__90205848-99e5-4421-ad35-d0f6087caa17\" data-google-query-id=\"CN6FgcrS2eoCFYMyuQYdagMDfw\" data-cid=\"138317660908\" data-lid=\"5419770455\">\n<div id=\"google_ads_iframe_\/95377733\/tvg_G1\/Bem_Estar\/Coronavirus_3__container__\">No entanto, pouco se sabe sobre a possibilidade de transmiss\u00e3o de animal para humano, algo que os especialistas est\u00e3o investigando.<\/div>\n<\/div>\n<\/div>\n<div class=\"mc-column content-text active-extra-styles \" style=\"text-align: justify;\" data-block-type=\"unstyled\" data-block-weight=\"16\" data-block-id=\"28\">\n<p class=\"content-text__container \" data-track-category=\"Link no Texto\" data-track-links=\"\">Milhares de visons tamb\u00e9m foram abatidos na Dinamarca e na Holanda ap\u00f3s a detec\u00e7\u00e3o de cont\u00e1gios.<\/p>\n<\/div>\n<div class=\"mc-column content-text active-extra-styles \" style=\"text-align: justify;\" data-block-type=\"unstyled\" data-block-weight=\"29\" data-block-id=\"29\">\n<p class=\"content-text__container \" data-track-category=\"Link no Texto\" data-track-links=\"\">A Organiza\u00e7\u00e3o Mundial da Sa\u00fade (OMS) disse que as infec\u00e7\u00f5es podem ser os &#8220;primeiros casos conhecidos de transmiss\u00e3o de animais para humanos&#8221; desde o in\u00edcio da pandemia na China.<\/p>\n<\/div>\n<div class=\"mc-column content-text active-extra-styles \" style=\"text-align: justify;\" data-block-type=\"unstyled\" data-block-weight=\"29\" data-block-id=\"30\">\n<p class=\"content-text__container \" data-track-category=\"Link no Texto\" data-track-links=\"\">Em uma entrevista coletiva em junho, a epidemiologista da OMS Maria van Kerkhove disse: &#8220;Houve indiv\u00edduos que infectaram visons&#8230; e, por sua vez, alguns desses visons infectaram algumas pessoas&#8221;.<\/p>\n<\/div>\n<div class=\"mc-column content-text active-extra-styles \" data-block-type=\"unstyled\" data-block-weight=\"21\" data-block-id=\"31\">\n<p class=\"content-text__container \" style=\"text-align: justify;\" data-track-category=\"Link no Texto\" data-track-links=\"\">Van Kerkhove explicou: &#8220;Estamos entendendo o que isso realmente significa em termos de transmiss\u00e3o e qual papel [os visons] podem desempenhar&#8221;.<\/p>\n<p data-track-category=\"Link no Texto\" data-track-links=\"\">Fonte: G1<\/p>\n<\/div>\n<\/div>\n","protected":false},"excerpt":{"rendered":"<p>Autoridades de sa\u00fade detectaram que dezenas de milhares de visons criados em uma fazenda na Espanha estavam infectados com coronav\u00edrus. O surto tamb\u00e9m fez trabalhadores adoecerem, alertando as autoridades. Quase 100 mil visons em uma fazenda no nordeste da Espanha ser\u00e3o sacrificados depois que muitos deles fizeram testes que deram positivo para\u00a0coronav\u00edrus, informaram as autoridades [&hellip;]<\/p>\n","protected":false},"author":1,"featured_media":31015,"comment_status":"closed","ping_status":"open","sticky":false,"template":"","format":"standard","meta":{"footnotes":""},"categories":[176,110],"tags":[],"class_list":["post-31014","post","type-post","status-publish","format-standard","has-post-thumbnail","hentry","category-meioambienteeagricultura","category-noticiasdestaque"],"_links":{"self":[{"href":"https:\/\/jorgezanoni.com.br\/2019\/wp-json\/wp\/v2\/posts\/31014","targetHints":{"allow":["GET"]}}],"collection":[{"href":"https:\/\/jorgezanoni.com.br\/2019\/wp-json\/wp\/v2\/posts"}],"about":[{"href":"https:\/\/jorgezanoni.com.br\/2019\/wp-json\/wp\/v2\/types\/post"}],"author":[{"embeddable":true,"href":"https:\/\/jorgezanoni.com.br\/2019\/wp-json\/wp\/v2\/users\/1"}],"replies":[{"embeddable":true,"href":"https:\/\/jorgezanoni.com.br\/2019\/wp-json\/wp\/v2\/comments?post=31014"}],"version-history":[{"count":0,"href":"https:\/\/jorgezanoni.com.br\/2019\/wp-json\/wp\/v2\/posts\/31014\/revisions"}],"wp:featuredmedia":[{"embeddable":true,"href":"https:\/\/jorgezanoni.com.br\/2019\/wp-json\/wp\/v2\/media\/31015"}],"wp:attachment":[{"href":"https:\/\/jorgezanoni.com.br\/2019\/wp-json\/wp\/v2\/media?parent=31014"}],"wp:term":[{"taxonomy":"category","embeddable":true,"href":"https:\/\/jorgezanoni.com.br\/2019\/wp-json\/wp\/v2\/categories?post=31014"},{"taxonomy":"post_tag","embeddable":true,"href":"https:\/\/jorgezanoni.com.br\/2019\/wp-json\/wp\/v2\/tags?post=31014"}],"curies":[{"name":"wp","href":"https:\/\/api.w.org\/{rel}","templated":true}]}}