{"id":31011,"date":"2020-07-19T14:40:20","date_gmt":"2020-07-19T14:40:20","guid":{"rendered":"https:\/\/jorgezanoni.com.br\/2019\/?p=31011"},"modified":"2020-07-19T14:40:20","modified_gmt":"2020-07-19T14:40:20","slug":"casos-e-mortes-por-coronavirus-no-brasil-em-19-de-julho-segundo-consorcio-de-veiculos-de-imprensa-atualizacao-das-8h","status":"publish","type":"post","link":"https:\/\/jorgezanoni.com.br\/2019\/casos-e-mortes-por-coronavirus-no-brasil-em-19-de-julho-segundo-consorcio-de-veiculos-de-imprensa-atualizacao-das-8h\/","title":{"rendered":"Casos e mortes por coronav\u00edrus no Brasil em 19 de julho, segundo cons\u00f3rcio de ve\u00edculos de imprensa (atualiza\u00e7\u00e3o das 8h)"},"content":{"rendered":"<h2 class=\"content-head__subtitle\" style=\"text-align: justify;\"><strong>Pa\u00eds tem 78.821 mortes por Covid-19 e 2.075.361 infectados.<\/strong><\/h2>\n<div class=\"mc-column content-text active-extra-styles active-capital-letter\" data-block-type=\"unstyled\" data-block-weight=\"31\" data-block-id=\"1\">\n<p class=\"content-text__container theme-color-primary-first-letter\" style=\"text-align: justify;\" data-track-category=\"Link no Texto\" data-track-links=\"\">O Brasil tem\u00a0<strong>78.821\u00a0<\/strong>mortes por coronav\u00edrus confirmadas at\u00e9 as 8h deste domingo (19), segundo levantamento do cons\u00f3rcio de ve\u00edculos de imprensa a partir de dados das secretarias estaduais de Sa\u00fade.<\/p>\n<\/div>\n<div class=\"wall protected-content\">\n<div class=\"mc-column content-text active-extra-styles \" style=\"text-align: justify;\" data-block-type=\"unstyled\" data-block-weight=\"17\" data-block-id=\"2\">\n<p class=\"content-text__container \" data-track-category=\"Link no Texto\" data-track-links=\"\">Desde o balan\u00e7o das 20h de s\u00e1bado (18),<strong>\u00a0tr\u00eas estados<\/strong>\u00a0atualizaram seus dados:\u00a0<strong>GO, RN e RR<\/strong><\/p>\n<\/div>\n<div class=\"mc-column content-text active-extra-styles \" style=\"text-align: justify;\" data-block-type=\"unstyled\" data-block-weight=\"4\" data-block-id=\"3\">\n<p class=\"content-text__container \" data-track-category=\"Link no Texto\" data-track-links=\"\">Veja os n\u00fameros consolidados:<\/p>\n<\/div>\n<div class=\"mc-column content-text active-extra-styles\" style=\"text-align: justify;\" data-block-type=\"raw\" data-block-weight=\"4\" data-block-id=\"4\">\n<ul class=\"content-unordered-list\">\n<li><strong>78.821 mortes<\/strong><\/li>\n<li><strong>2.075.361 casos<\/strong><\/li>\n<\/ul>\n<\/div>\n<div class=\"mc-column content-text active-extra-styles \" style=\"text-align: justify;\" data-block-type=\"unstyled\" data-block-weight=\"43\" data-block-id=\"5\">\n<p class=\"content-text__container \" data-track-category=\"Link no Texto\" data-track-links=\"\">No s\u00e1bado,\u00a0<a href=\"https:\/\/g1.globo.com\/bemestar\/coronavirus\/noticia\/2020\/07\/18\/casos-e-mortes-por-coronavirus-no-brasil-em-18-de-julho-segundo-consorcio-de-veiculos-de-imprensa.ghtml\">\u00e0s 20h, o balan\u00e7o indicou: 78.817 mortes, 885 em 24 horas<\/a>. Com isso, a\u00a0<strong>m\u00e9dia m\u00f3vel de novas mortes no Brasil nos \u00faltimos 7 dias foi de 1.046 \u00f3bitos<\/strong>, uma\u00a0<strong>varia\u00e7\u00e3o de +1%<\/strong>\u00a0em rela\u00e7\u00e3o aos dados registrados em 14 dias.<\/p>\n<\/div>\n<div class=\"mc-column content-text active-extra-styles \" style=\"text-align: justify;\" data-block-type=\"unstyled\" data-block-weight=\"38\" data-block-id=\"6\">\n<p class=\"content-text__container \" data-track-category=\"Link no Texto\" data-track-links=\"\">Sobre os infectados, j\u00e1 s\u00e3o\u00a0<strong>2.075.246 brasileiros com o novo coronav\u00edrus<\/strong>,\u00a0<strong>26.549 confirmados no \u00faltimo dia<\/strong>. A\u00a0<strong>m\u00e9dia m\u00f3vel de casos foi de 33.491 por dia<\/strong>, uma\u00a0<strong>varia\u00e7\u00e3o de -10%<\/strong>\u00a0em rela\u00e7\u00e3o aos casos registrados em 14 dias.<\/p>\n<\/div>\n<div class=\"mc-column content-text active-extra-styles \" style=\"text-align: justify;\" data-block-type=\"unstyled\" data-block-weight=\"12\" data-block-id=\"7\">\n<p class=\"content-text__container \" data-track-category=\"Link no Texto\" data-track-links=\"\"><strong>M\u00c9DIA M\u00d3VEL:<\/strong>\u00a0<a href=\"http:\/\/especiais.g1.globo.com\/bemestar\/coronavirus\/estados-brasil-mortes-casos-media-movel\/#\/\" target=\"_blank\" rel=\"noopener noreferrer\">Veja como est\u00e3o os casos e mortes no seu estado<\/a><\/p>\n<\/div>\n<div class=\"mc-column content-text active-extra-styles\" style=\"text-align: justify;\" data-block-type=\"raw\" data-block-weight=\"5\" data-block-id=\"8\">\n<div class=\"content-intertitle\">\n<h2><strong>Progress\u00e3o at\u00e9 18 de julho<\/strong><\/h2>\n<\/div>\n<\/div>\n<div class=\"mc-column content-text active-extra-styles \" style=\"text-align: justify;\" data-block-type=\"unstyled\" data-block-weight=\"20\" data-block-id=\"9\">\n<p class=\"content-text__container \" data-track-category=\"Link no Texto\" data-track-links=\"\">No total,\u00a0<strong>oito estados mais o DF apresentaram alta de mortes<\/strong>: PR, RS, SC, MG, GO, MS, TO e PB.<\/p>\n<\/div>\n<div class=\"mc-column content-text active-extra-styles \" style=\"text-align: justify;\" data-block-type=\"unstyled\" data-block-weight=\"23\" data-block-id=\"10\">\n<p class=\"content-text__container \" data-track-category=\"Link no Texto\" data-track-links=\"\">Em rela\u00e7\u00e3o a sexta (17), MT deixou a lista de crescimento de mortes \u2014 na ocasi\u00e3o,\u00a0<a href=\"https:\/\/g1.globo.com\/bemestar\/coronavirus\/noticia\/2020\/07\/17\/casos-e-mortes-por-coronavirus-no-brasil-em-17-de-julho-segundo-consorcio-de-veiculos-de-imprensa.ghtml\">eram seis estados mais o Distrito Federal<\/a>.<\/p>\n<\/div>\n<div class=\"mc-column content-text active-extra-styles \" style=\"text-align: justify;\" data-block-type=\"unstyled\" data-block-weight=\"13\" data-block-id=\"11\">\n<p class=\"content-text__container \" data-track-category=\"Link no Texto\" data-track-links=\"\"><strong>Veja como o n\u00famero de novas mortes tem variado nas \u00faltimas duas semanas:<\/strong><\/p>\n<\/div>\n<div class=\"mc-column content-text active-extra-styles\" style=\"text-align: justify;\" data-block-type=\"raw\" data-block-weight=\"73\" data-block-id=\"12\">\n<ul class=\"content-unordered-list\">\n<li><strong>Subindo:\u00a0<\/strong>PR, RS, SC, MG, DF, GO, MS, TO e PB<\/li>\n<li><strong>Em estabilidade:\u00a0<\/strong>ES, SP, MT, AC, AP, PA, AL, BA, MA, PE e SE<\/li>\n<li><strong>Em queda:\u00a0<\/strong>AM, RR, CE e RN<\/li>\n<li>Os estados de\u00a0<strong>Piau\u00ed,<\/strong>\u00a0<strong>Rio de Janeiro\u00a0<\/strong>e\u00a0<strong>Rond\u00f4nia<\/strong>\u00a0n\u00e3o divulgaram os dados at\u00e9 as 20h. Considerando os dados at\u00e9 as 20h de sexta (17), Piau\u00ed estava em estabilidade (0%); Rond\u00f4nia, em estabilidade (+10%); e Rio de Janeiro, em queda (-24%).<\/li>\n<\/ul>\n<\/div>\n<div class=\"mc-column content-text active-extra-styles \" style=\"text-align: justify;\" data-block-type=\"unstyled\" data-block-weight=\"38\" data-block-id=\"13\">\n<p class=\"content-text__container \" data-track-category=\"Link no Texto\" data-track-links=\"\">Essa compara\u00e7\u00e3o leva em conta a m\u00e9dia de mortes nos \u00faltimos 7 dias at\u00e9 a publica\u00e7\u00e3o deste balan\u00e7o em rela\u00e7\u00e3o \u00e0 m\u00e9dia registrada duas semanas atr\u00e1s (<a href=\"https:\/\/g1.globo.com\/bemestar\/coronavirus\/noticia\/2020\/07\/09\/g1-e-telejornais-passam-a-divulgar-dados-mais-detalhados-sobre-a-pandemia-de-covid-19-no-brasil.ghtml\">entenda os crit\u00e9rios usados pelo G1 para analisar as tend\u00eancias da pandemia<\/a>).<\/p>\n<\/div>\n<p style=\"text-align: justify;\" data-track-category=\"Link no Texto\" data-track-links=\"\">Fonte: https:\/\/g1.globo.com\/bemestar\/coronavirus\/noticia\/2020\/07\/19\/casos-e-mortes-por-coronavirus-no-brasil-em-19-de-julho-segundo-consorcio-de-veiculos-de-imprensa.ghtml<\/p>\n<\/div>\n","protected":false},"excerpt":{"rendered":"<p>Pa\u00eds tem 78.821 mortes por Covid-19 e 2.075.361 infectados. O Brasil tem\u00a078.821\u00a0mortes por coronav\u00edrus confirmadas at\u00e9 as 8h deste domingo (19), segundo levantamento do cons\u00f3rcio de ve\u00edculos de imprensa a partir de dados das secretarias estaduais de Sa\u00fade. Desde o balan\u00e7o das 20h de s\u00e1bado (18),\u00a0tr\u00eas estados\u00a0atualizaram seus dados:\u00a0GO, RN e RR Veja os n\u00fameros [&hellip;]<\/p>\n","protected":false},"author":1,"featured_media":31012,"comment_status":"closed","ping_status":"open","sticky":false,"template":"","format":"standard","meta":{"footnotes":""},"categories":[110,122],"tags":[],"class_list":["post-31011","post","type-post","status-publish","format-standard","has-post-thumbnail","hentry","category-noticiasdestaque","category-saudeeducacaoeconcurso"],"_links":{"self":[{"href":"https:\/\/jorgezanoni.com.br\/2019\/wp-json\/wp\/v2\/posts\/31011","targetHints":{"allow":["GET"]}}],"collection":[{"href":"https:\/\/jorgezanoni.com.br\/2019\/wp-json\/wp\/v2\/posts"}],"about":[{"href":"https:\/\/jorgezanoni.com.br\/2019\/wp-json\/wp\/v2\/types\/post"}],"author":[{"embeddable":true,"href":"https:\/\/jorgezanoni.com.br\/2019\/wp-json\/wp\/v2\/users\/1"}],"replies":[{"embeddable":true,"href":"https:\/\/jorgezanoni.com.br\/2019\/wp-json\/wp\/v2\/comments?post=31011"}],"version-history":[{"count":0,"href":"https:\/\/jorgezanoni.com.br\/2019\/wp-json\/wp\/v2\/posts\/31011\/revisions"}],"wp:featuredmedia":[{"embeddable":true,"href":"https:\/\/jorgezanoni.com.br\/2019\/wp-json\/wp\/v2\/media\/31012"}],"wp:attachment":[{"href":"https:\/\/jorgezanoni.com.br\/2019\/wp-json\/wp\/v2\/media?parent=31011"}],"wp:term":[{"taxonomy":"category","embeddable":true,"href":"https:\/\/jorgezanoni.com.br\/2019\/wp-json\/wp\/v2\/categories?post=31011"},{"taxonomy":"post_tag","embeddable":true,"href":"https:\/\/jorgezanoni.com.br\/2019\/wp-json\/wp\/v2\/tags?post=31011"}],"curies":[{"name":"wp","href":"https:\/\/api.w.org\/{rel}","templated":true}]}}