{"id":31001,"date":"2020-07-19T13:55:18","date_gmt":"2020-07-19T13:55:18","guid":{"rendered":"https:\/\/jorgezanoni.com.br\/2019\/?p=31001"},"modified":"2020-07-19T13:55:18","modified_gmt":"2020-07-19T13:55:18","slug":"veja-fotos-do-casamento-da-princesa-beatrice-neta-da-rainha-elizabeth-ii","status":"publish","type":"post","link":"https:\/\/jorgezanoni.com.br\/2019\/veja-fotos-do-casamento-da-princesa-beatrice-neta-da-rainha-elizabeth-ii\/","title":{"rendered":"Veja fotos do casamento da princesa Beatrice, neta da rainha Elizabeth II"},"content":{"rendered":"<h2 class=\"content-head__subtitle\" style=\"text-align: justify;\"><strong>Casamento de Beatrice e Edoardo Mapelli Mozzi foi uma cerim\u00f4nia privada no Castelo de Windsor na sexta-feira.<\/strong><\/h2>\n<div class=\"mc-column content-text active-extra-styles \" data-block-type=\"unstyled\" data-block-weight=\"40\" data-block-id=\"2\">\n<p class=\"content-text__container \" style=\"text-align: justify;\" data-track-category=\"Link no Texto\" data-track-links=\"\">As fotos do casamento da princesa Beatrice e Edoardo Mapelli Mozzi no Castelo de Windsor foram divulgadas neste domingo (19). Beatrice, que \u00e9 filha do pr\u00edncipe Andrew e Sarah Ferguson, usou um vestido emprestado pela av\u00f3, a rainha Elizabeth II.<\/p>\n<\/div>\n<div class=\"wall protected-content\">\n<div class=\"mc-column content-text active-extra-styles \" style=\"text-align: justify;\" data-block-type=\"unstyled\" data-block-weight=\"44\" data-block-id=\"3\">\n<p class=\"content-text__container \" data-track-category=\"Link no Texto\" data-track-links=\"\">O\u00a0<a href=\"https:\/\/g1.globo.com\/mundo\/noticia\/2020\/07\/17\/rainha-elizabeth-participa-do-casamento-da-princesa-beatrice-no-castelo-de-windsor.ghtml\">cerim\u00f4nia privada aconteceu na sexta-feira (17) em uma capela do Castelo de Windsor<\/a>, onde a rainha e o marido, o pr\u00edncipe Philip, est\u00e3o confinados desde o in\u00edcio da pandemia de Covid-19. Al\u00e9m da monarca e do marido, participaram outros membros pr\u00f3ximos da fam\u00edlia.<\/p>\n<\/div>\n<div class=\"mc-column content-text active-extra-styles \" style=\"text-align: justify;\" data-block-type=\"unstyled\" data-block-weight=\"30\" data-block-id=\"4\">\n<p class=\"content-text__container \" data-track-category=\"Link no Texto\" data-track-links=\"\">As fam\u00edlias dos noivos se conhecem h\u00e1 muito tempo. Especula-se que os dois come\u00e7aram a relacionar depois de se reencontrarem no casamento da princesa Eugenie, irm\u00e3 de Beatrice, em 2018.<\/p>\n<\/div>\n<div class=\"row medium-uncollapsed content-media content-photo\" data-block-type=\"backstage-photo\" data-block-id=\"5\">\n<div class=\"mc-column content-media__container\">\n<figure style=\"text-align: justify;\"><img decoding=\"async\" class=\"i-amphtml-fill-content i-amphtml-replaced-content\" src=\"https:\/\/s2.glbimg.com\/_0Vs2b1gOE08Vd-SH8VMfbTyo50=\/0x0:2000x2984\/984x0\/smart\/filters:strip_icc()\/i.s3.glbimg.com\/v1\/AUTH_59edd422c0c84a879bd37670ae4f538a\/internal_photos\/bs\/2020\/e\/v\/BgnVwcT3iRyMlR1oMBOA\/beatrice19.jpg\" sizes=\"(max-width: 1242px) 648px, 100vw\" srcset=\"https:\/\/s2.glbimg.com\/F6_F_gWTZvtYR7jNlVg0vpoSIjQ=\/0x0:2000x2984\/1000x0\/smart\/filters:strip_icc()\/i.s3.glbimg.com\/v1\/AUTH_59edd422c0c84a879bd37670ae4f538a\/internal_photos\/bs\/2020\/e\/v\/BgnVwcT3iRyMlR1oMBOA\/beatrice19.jpg 1000w, https:\/\/s2.glbimg.com\/_0Vs2b1gOE08Vd-SH8VMfbTyo50=\/0x0:2000x2984\/984x0\/smart\/filters:strip_icc()\/i.s3.glbimg.com\/v1\/AUTH_59edd422c0c84a879bd37670ae4f538a\/internal_photos\/bs\/2020\/e\/v\/BgnVwcT3iRyMlR1oMBOA\/beatrice19.jpg 984w, https:\/\/s2.glbimg.com\/14_awgqHonoVHoi8TFpigBXoqCU=\/0x0:2000x2984\/640x0\/smart\/filters:strip_icc()\/i.s3.glbimg.com\/v1\/AUTH_59edd422c0c84a879bd37670ae4f538a\/internal_photos\/bs\/2020\/e\/v\/BgnVwcT3iRyMlR1oMBOA\/beatrice19.jpg 640w, https:\/\/s2.glbimg.com\/3L5BoTyjy2W7H2c62JWVns12gzI=\/0x0:2000x2984\/600x0\/smart\/filters:strip_icc()\/i.s3.glbimg.com\/v1\/AUTH_59edd422c0c84a879bd37670ae4f538a\/internal_photos\/bs\/2020\/e\/v\/BgnVwcT3iRyMlR1oMBOA\/beatrice19.jpg 600w\" alt=\"Princesa Beatrice e Edoardo Mapelli Mozzi s\u00e3o fotografados ao lado da rainha Elizabeth II e do pr\u00edncipe Philip do lado de fora da Capela Real de Todos os Santos no Royal Lodge, em Windsor, na Inglaterra, ap\u00f3s o casamento  \u2014 Foto: Benjamin Wheeler \/ Royal Communications da princesa Beatrice e Edoardo Mapelli Mozzi via AP\" \/><\/figure>\n<p class=\"content-media__description \" style=\"text-align: justify;\">Princesa Beatrice e Edoardo Mapelli Mozzi s\u00e3o fotografados ao lado da rainha Elizabeth II e do pr\u00edncipe Philip do lado de fora da Capela Real de Todos os Santos no Royal Lodge, em Windsor, na Inglaterra, ap\u00f3s o casamento \u2014 Foto: Benjamin Wheeler \/ Royal Communications da princesa Beatrice e Edoardo Mapelli Mozzi via AP<\/p>\n<p>Fonte: G1<\/p>\n<\/div>\n<\/div>\n<\/div>\n","protected":false},"excerpt":{"rendered":"<p>Casamento de Beatrice e Edoardo Mapelli Mozzi foi uma cerim\u00f4nia privada no Castelo de Windsor na sexta-feira. As fotos do casamento da princesa Beatrice e Edoardo Mapelli Mozzi no Castelo de Windsor foram divulgadas neste domingo (19). Beatrice, que \u00e9 filha do pr\u00edncipe Andrew e Sarah Ferguson, usou um vestido emprestado pela av\u00f3, a rainha [&hellip;]<\/p>\n","protected":false},"author":1,"featured_media":31002,"comment_status":"closed","ping_status":"open","sticky":false,"template":"","format":"standard","meta":{"footnotes":""},"categories":[114,110],"tags":[],"class_list":["post-31001","post","type-post","status-publish","format-standard","has-post-thumbnail","hentry","category-geralecomercio","category-noticiasdestaque"],"_links":{"self":[{"href":"https:\/\/jorgezanoni.com.br\/2019\/wp-json\/wp\/v2\/posts\/31001","targetHints":{"allow":["GET"]}}],"collection":[{"href":"https:\/\/jorgezanoni.com.br\/2019\/wp-json\/wp\/v2\/posts"}],"about":[{"href":"https:\/\/jorgezanoni.com.br\/2019\/wp-json\/wp\/v2\/types\/post"}],"author":[{"embeddable":true,"href":"https:\/\/jorgezanoni.com.br\/2019\/wp-json\/wp\/v2\/users\/1"}],"replies":[{"embeddable":true,"href":"https:\/\/jorgezanoni.com.br\/2019\/wp-json\/wp\/v2\/comments?post=31001"}],"version-history":[{"count":0,"href":"https:\/\/jorgezanoni.com.br\/2019\/wp-json\/wp\/v2\/posts\/31001\/revisions"}],"wp:featuredmedia":[{"embeddable":true,"href":"https:\/\/jorgezanoni.com.br\/2019\/wp-json\/wp\/v2\/media\/31002"}],"wp:attachment":[{"href":"https:\/\/jorgezanoni.com.br\/2019\/wp-json\/wp\/v2\/media?parent=31001"}],"wp:term":[{"taxonomy":"category","embeddable":true,"href":"https:\/\/jorgezanoni.com.br\/2019\/wp-json\/wp\/v2\/categories?post=31001"},{"taxonomy":"post_tag","embeddable":true,"href":"https:\/\/jorgezanoni.com.br\/2019\/wp-json\/wp\/v2\/tags?post=31001"}],"curies":[{"name":"wp","href":"https:\/\/api.w.org\/{rel}","templated":true}]}}