{"id":30971,"date":"2020-07-18T23:34:10","date_gmt":"2020-07-18T23:34:10","guid":{"rendered":"https:\/\/jorgezanoni.com.br\/2019\/?p=30971"},"modified":"2020-07-18T23:34:10","modified_gmt":"2020-07-18T23:34:10","slug":"incendio-atinge-catedral-de-nantes-na-franca","status":"publish","type":"post","link":"https:\/\/jorgezanoni.com.br\/2019\/incendio-atinge-catedral-de-nantes-na-franca\/","title":{"rendered":"Inc\u00eandio atinge catedral de Nantes, na Fran\u00e7a"},"content":{"rendered":"<h2 class=\"content-head__subtitle\" style=\"text-align: justify;\"><strong>Fogo foi rapidamente controlado e ningu\u00e9m ficou ferido. H\u00e1 a suspeita de que ele tenha sido criminoso.<\/strong><\/h2>\n<div class=\"mc-column content-text active-extra-styles \" data-block-type=\"unstyled\" data-block-weight=\"28\" data-block-id=\"2\">\n<p class=\"content-text__container \" style=\"text-align: justify;\" data-track-category=\"Link no Texto\" data-track-links=\"\">Um inc\u00eandio atingiu a Catedral de S\u00e3o Pedro e S\u00e3o Paulo, em Nantes, na Fran\u00e7a, neste s\u00e1bado (18). O fogo foi rapidamente controlado e ningu\u00e9m ficou ferido.<\/p>\n<\/div>\n<div class=\"wall protected-content\">\n<div class=\"mc-column content-text active-extra-styles \" style=\"text-align: justify;\" data-block-type=\"unstyled\" data-block-weight=\"32\" data-block-id=\"3\">\n<p class=\"content-text__container \" data-track-category=\"Link no Texto\" data-track-links=\"\">Vitrais do s\u00e9culo XVI e o \u00f3rg\u00e3o foram destru\u00eddos. Uma fuma\u00e7a preta foi vista saindo entre as suas torres, mas n\u00e3o chegou a atingir o telhado da constru\u00e7\u00e3o que tem estilo g\u00f3tico.<\/p>\n<\/div>\n<div class=\"mc-column content-text active-extra-styles \" style=\"text-align: justify;\" data-block-type=\"unstyled\" data-block-weight=\"52\" data-block-id=\"4\">\n<p class=\"content-text__container \" data-track-category=\"Link no Texto\" data-track-links=\"\">O padre Fran\u00e7ois Renaud, que \u00e9 o administrador diocesano, que chegou a entrar com os bombeiros na catedral depois do inc\u00eandio afirmou que a destrui\u00e7\u00e3o n\u00e3o se assemelha \u00e0 da Notre Dame de Paris, que foi consumida pelas chamas em abril de 2019, mas que a perda do \u00f3rg\u00e3o \u00e9 \u201cinestim\u00e1vel\u201d.<\/p>\n<\/div>\n<div class=\"mc-column content-text active-extra-styles \" style=\"text-align: justify;\" data-block-type=\"unstyled\" data-block-weight=\"29\" data-block-id=\"5\">\n<p class=\"content-text__container \" data-track-category=\"Link no Texto\" data-track-links=\"\">O procurador da rep\u00fablica em Nantes afirmou que foi aberta uma investiga\u00e7\u00e3o sobre a suspeita de que o inc\u00eandio tenha sido criminoso, de acordo com o jornal \u201cLe Monde\u201d.<\/p>\n<\/div>\n<div class=\"mc-column content-text active-extra-styles \" data-block-type=\"unstyled\" data-block-weight=\"37\" data-block-id=\"6\">\n<p class=\"content-text__container \" style=\"text-align: justify;\" data-track-category=\"Link no Texto\" data-track-links=\"\">Essa n\u00e3o \u00e9 a primeira vez que a catedral \u00e9 atingida por um inc\u00eandio. Em 1972, o telhado da igreja, constru\u00edda entre o s\u00e9culo XV e XIX, ficou destru\u00eddo. Os trabalhos de repara\u00e7\u00e3o duraram 13 anos.<\/p>\n<p style=\"text-align: justify;\">Fonte: https:\/\/g1.globo.com\/mundo\/noticia\/2020\/07\/18\/incendio-atinge-catedral-de-nantes-na-franca.ghtml<\/p>\n<\/div>\n<\/div>\n","protected":false},"excerpt":{"rendered":"<p>Fogo foi rapidamente controlado e ningu\u00e9m ficou ferido. H\u00e1 a suspeita de que ele tenha sido criminoso. Um inc\u00eandio atingiu a Catedral de S\u00e3o Pedro e S\u00e3o Paulo, em Nantes, na Fran\u00e7a, neste s\u00e1bado (18). O fogo foi rapidamente controlado e ningu\u00e9m ficou ferido. Vitrais do s\u00e9culo XVI e o \u00f3rg\u00e3o foram destru\u00eddos. Uma fuma\u00e7a [&hellip;]<\/p>\n","protected":false},"author":1,"featured_media":30972,"comment_status":"closed","ping_status":"open","sticky":false,"template":"","format":"standard","meta":{"footnotes":""},"categories":[110,118],"tags":[],"class_list":["post-30971","post","type-post","status-publish","format-standard","has-post-thumbnail","hentry","category-noticiasdestaque","category-religiaoesolidariedade"],"_links":{"self":[{"href":"https:\/\/jorgezanoni.com.br\/2019\/wp-json\/wp\/v2\/posts\/30971","targetHints":{"allow":["GET"]}}],"collection":[{"href":"https:\/\/jorgezanoni.com.br\/2019\/wp-json\/wp\/v2\/posts"}],"about":[{"href":"https:\/\/jorgezanoni.com.br\/2019\/wp-json\/wp\/v2\/types\/post"}],"author":[{"embeddable":true,"href":"https:\/\/jorgezanoni.com.br\/2019\/wp-json\/wp\/v2\/users\/1"}],"replies":[{"embeddable":true,"href":"https:\/\/jorgezanoni.com.br\/2019\/wp-json\/wp\/v2\/comments?post=30971"}],"version-history":[{"count":0,"href":"https:\/\/jorgezanoni.com.br\/2019\/wp-json\/wp\/v2\/posts\/30971\/revisions"}],"wp:featuredmedia":[{"embeddable":true,"href":"https:\/\/jorgezanoni.com.br\/2019\/wp-json\/wp\/v2\/media\/30972"}],"wp:attachment":[{"href":"https:\/\/jorgezanoni.com.br\/2019\/wp-json\/wp\/v2\/media?parent=30971"}],"wp:term":[{"taxonomy":"category","embeddable":true,"href":"https:\/\/jorgezanoni.com.br\/2019\/wp-json\/wp\/v2\/categories?post=30971"},{"taxonomy":"post_tag","embeddable":true,"href":"https:\/\/jorgezanoni.com.br\/2019\/wp-json\/wp\/v2\/tags?post=30971"}],"curies":[{"name":"wp","href":"https:\/\/api.w.org\/{rel}","templated":true}]}}