{"id":30961,"date":"2020-07-18T20:39:31","date_gmt":"2020-07-18T20:39:31","guid":{"rendered":"https:\/\/jorgezanoni.com.br\/2019\/?p=30961"},"modified":"2020-07-18T20:39:31","modified_gmt":"2020-07-18T20:39:31","slug":"mais-de-uma-tonelada-de-carvao-vegetal-e-apreendida-durante-operacao-da-policia-ambiental","status":"publish","type":"post","link":"https:\/\/jorgezanoni.com.br\/2019\/mais-de-uma-tonelada-de-carvao-vegetal-e-apreendida-durante-operacao-da-policia-ambiental\/","title":{"rendered":"Mais de uma tonelada de carv\u00e3o vegetal \u00e9 apreendida durante opera\u00e7\u00e3o da Pol\u00edcia Ambiental"},"content":{"rendered":"<h2 class=\"content-head__subtitle\" style=\"text-align: justify;\"><strong>Ocorr\u00eancias foram registradas em Rosana e em Presidente Prudente durante a opera\u00e7\u00e3o Floresta Mais Segura.<\/strong><\/h2>\n<div class=\"mc-column content-text active-extra-styles \" data-block-type=\"unstyled\" data-block-weight=\"27\" data-block-id=\"2\">\n<p class=\"content-text__container \" style=\"text-align: justify;\" data-track-category=\"Link no Texto\" data-track-links=\"\">Em duas ocorr\u00eancias nesta sexta-feira (17), durante opera\u00e7\u00e3o Floresta Mais Segura, a Pol\u00edcia Militar Ambiental apreendeu mais de uma tonelada de carv\u00e3o vegetal. Os envolvidos foram advertidos.<\/p>\n<\/div>\n<div class=\"wall protected-content\">\n<div class=\"mc-column content-text active-extra-styles \" style=\"text-align: justify;\" data-block-type=\"unstyled\" data-block-weight=\"31\" data-block-id=\"3\">\n<p class=\"content-text__container \" data-track-category=\"Link no Texto\" data-track-links=\"\">Em\u00a0<a href=\"http:\/\/g1.globo.com\/sp\/presidente-prudente-regiao\/cidade\/rosana.html\">Rosana<\/a>, uma equipe da Pol\u00edcia Militar Ambiental realizou atendimento de ocorr\u00eancia de atividade potencialmente poluidora sobre ter em dep\u00f3sito carv\u00e3o sem licen\u00e7a v\u00e1lida para todo o tempo do armazenamento.<\/p>\n<\/div>\n<div class=\"mc-column content-text active-extra-styles \" style=\"text-align: justify;\" data-block-type=\"unstyled\" data-block-weight=\"29\" data-block-id=\"4\">\n<p class=\"content-text__container \" data-track-category=\"Link no Texto\" data-track-links=\"\">Ao chegar em uma propriedade rural do distrito de Primavera, os policiais constataram a exist\u00eancia de 320 quilos de carv\u00e3o vegetal, sendo 32 sacos de 10 kg cada.<\/p>\n<\/div>\n<div class=\"mc-column content-text active-extra-styles \" style=\"text-align: justify;\" data-block-type=\"unstyled\" data-block-weight=\"27\" data-block-id=\"5\">\n<p class=\"content-text__container \" data-track-category=\"Link no Texto\" data-track-links=\"\">Foi elaborado em desfavor do propriet\u00e1rio um Auto de Infra\u00e7\u00e3o Ambiental por ter em dep\u00f3sito carv\u00e3o sem licen\u00e7a e por atividade potencialmente poluidora na modalidade advert\u00eancia.<\/p>\n<\/div>\n<div class=\"mc-column content-text active-extra-styles \" style=\"text-align: justify;\" data-block-type=\"unstyled\" data-block-weight=\"16\" data-block-id=\"6\">\n<p class=\"content-text__container \" data-track-category=\"Link no Texto\" data-track-links=\"\">O carv\u00e3o foi apreendido e permanecer\u00e1 no dep\u00f3sito da Base Operacional de Rosana aguardando destina\u00e7\u00e3o legal.<\/p>\n<\/div>\n<div class=\"row medium-uncollapsed content-media content-photo\" data-block-type=\"backstage-photo\" data-block-id=\"7\">\n<div class=\"mc-column content-media__container\">\n<figure style=\"text-align: justify;\"><img decoding=\"async\" class=\"i-amphtml-fill-content i-amphtml-replaced-content\" src=\"https:\/\/s2.glbimg.com\/qFubBIZUH37JGHlKHUw03_-dpsw=\/0x732:904x1280\/984x0\/smart\/filters:strip_icc()\/i.s3.glbimg.com\/v1\/AUTH_59edd422c0c84a879bd37670ae4f538a\/internal_photos\/bs\/2020\/Z\/r\/1DphwIQym5r43VrATFsw\/whatsapp-image-2020-07-17-at-18.04.37.jpeg\" sizes=\"(max-width: 1242px) 648px, 100vw\" srcset=\"https:\/\/s2.glbimg.com\/ZPOOb-fNDRsAXmaNJU61GZBB3Ac=\/0x732:904x1280\/1000x0\/smart\/filters:strip_icc()\/i.s3.glbimg.com\/v1\/AUTH_59edd422c0c84a879bd37670ae4f538a\/internal_photos\/bs\/2020\/Z\/r\/1DphwIQym5r43VrATFsw\/whatsapp-image-2020-07-17-at-18.04.37.jpeg 1000w, https:\/\/s2.glbimg.com\/qFubBIZUH37JGHlKHUw03_-dpsw=\/0x732:904x1280\/984x0\/smart\/filters:strip_icc()\/i.s3.glbimg.com\/v1\/AUTH_59edd422c0c84a879bd37670ae4f538a\/internal_photos\/bs\/2020\/Z\/r\/1DphwIQym5r43VrATFsw\/whatsapp-image-2020-07-17-at-18.04.37.jpeg 984w, https:\/\/s2.glbimg.com\/EXy9t8s4S-U3W4T6vE4v9FZaHK8=\/0x732:904x1280\/640x0\/smart\/filters:strip_icc()\/i.s3.glbimg.com\/v1\/AUTH_59edd422c0c84a879bd37670ae4f538a\/internal_photos\/bs\/2020\/Z\/r\/1DphwIQym5r43VrATFsw\/whatsapp-image-2020-07-17-at-18.04.37.jpeg 640w, https:\/\/s2.glbimg.com\/oQeSft8RCVTHGBTNJqnYH_Eewk8=\/0x732:904x1280\/600x0\/smart\/filters:strip_icc()\/i.s3.glbimg.com\/v1\/AUTH_59edd422c0c84a879bd37670ae4f538a\/internal_photos\/bs\/2020\/Z\/r\/1DphwIQym5r43VrATFsw\/whatsapp-image-2020-07-17-at-18.04.37.jpeg 600w\" alt=\"Mais de uma tonelada de carv\u00e3o vegetal foi apreendida durante opera\u00e7\u00e3o \u2014 Foto: Pol\u00edcia Ambiental\" \/><\/figure>\n<p class=\"content-media__description \" style=\"text-align: justify;\">Mais de uma tonelada de carv\u00e3o vegetal foi apreendida durante opera\u00e7\u00e3o \u2014 Foto: Pol\u00edcia Ambienta<\/p>\n<\/div>\n<\/div>\n<div class=\"mc-column content-text active-extra-styles \" data-block-type=\"unstyled\" data-block-weight=\"24\" data-block-id=\"9\">\n<p class=\"content-text__container \" style=\"text-align: justify;\" data-track-category=\"Link no Texto\" data-track-links=\"\">J\u00e1 em<a href=\"http:\/\/g1.globo.com\/sp\/presidente-prudente-regiao\/cidade\/presidente-prudente.html\">\u00a0Presidente Prudente<\/a>, durante patrulhamento, a PM Ambiental localizou em um estabelecimento comercial 756 quilos de carv\u00e3o sem autoriza\u00e7\u00e3o do \u00f3rg\u00e3o competente.<\/p>\n<\/div>\n<div class=\"mc-column content-text active-extra-styles \" style=\"text-align: justify;\" data-block-type=\"unstyled\" data-block-weight=\"36\" data-block-id=\"10\">\n<p class=\"content-text__container \" data-track-category=\"Link no Texto\" data-track-links=\"\">Diante da constata\u00e7\u00e3o, foi elaborado em desfavor do envolvido um Auto de Infra\u00e7\u00e3o Ambiental na modalidade advert\u00eancia por ter em dep\u00f3sito carv\u00e3o vegetal sem autoriza\u00e7\u00e3o do \u00f3rg\u00e3o competente, conforme Artigo 48, Par\u00e1grafo 1 da resolu\u00e7\u00e3o SMA-48\/2014.<\/p>\n<\/div>\n<div class=\"row medium-uncollapsed content-media content-photo\" data-block-type=\"backstage-photo\" data-block-id=\"11\">\n<div class=\"mc-column content-media__container\">\n<figure style=\"text-align: justify;\"><img decoding=\"async\" class=\"i-amphtml-fill-content i-amphtml-replaced-content\" src=\"https:\/\/s2.glbimg.com\/FLWIFcoWQ2HURMDwBd4qgP0KtsQ=\/0x0:1024x768\/984x0\/smart\/filters:strip_icc()\/i.s3.glbimg.com\/v1\/AUTH_59edd422c0c84a879bd37670ae4f538a\/internal_photos\/bs\/2020\/S\/t\/ZprCG2RLaQaJU4JD1qkA\/whatsapp-image-2020-07-17-at-17.50.29.jpeg\" sizes=\"(max-width: 1242px) 648px, 100vw\" srcset=\"https:\/\/s2.glbimg.com\/pNxtmRyWDBk9Rhi6v-8IYdA0N7E=\/0x0:1024x768\/1000x0\/smart\/filters:strip_icc()\/i.s3.glbimg.com\/v1\/AUTH_59edd422c0c84a879bd37670ae4f538a\/internal_photos\/bs\/2020\/S\/t\/ZprCG2RLaQaJU4JD1qkA\/whatsapp-image-2020-07-17-at-17.50.29.jpeg 1000w, https:\/\/s2.glbimg.com\/FLWIFcoWQ2HURMDwBd4qgP0KtsQ=\/0x0:1024x768\/984x0\/smart\/filters:strip_icc()\/i.s3.glbimg.com\/v1\/AUTH_59edd422c0c84a879bd37670ae4f538a\/internal_photos\/bs\/2020\/S\/t\/ZprCG2RLaQaJU4JD1qkA\/whatsapp-image-2020-07-17-at-17.50.29.jpeg 984w, https:\/\/s2.glbimg.com\/q9_-k1XNtNhek0AhCsSdCPgcOuU=\/0x0:1024x768\/640x0\/smart\/filters:strip_icc()\/i.s3.glbimg.com\/v1\/AUTH_59edd422c0c84a879bd37670ae4f538a\/internal_photos\/bs\/2020\/S\/t\/ZprCG2RLaQaJU4JD1qkA\/whatsapp-image-2020-07-17-at-17.50.29.jpeg 640w, https:\/\/s2.glbimg.com\/LlKv8A2Vfw5Xyk-1IQZdi2JqyYI=\/0x0:1024x768\/600x0\/smart\/filters:strip_icc()\/i.s3.glbimg.com\/v1\/AUTH_59edd422c0c84a879bd37670ae4f538a\/internal_photos\/bs\/2020\/S\/t\/ZprCG2RLaQaJU4JD1qkA\/whatsapp-image-2020-07-17-at-17.50.29.jpeg 600w\" alt=\"Mais de uma tonelada de carv\u00e3o vegetal foi apreendida durante opera\u00e7\u00e3o \u2014 Foto: Pol\u00edcia Ambiental\" \/><\/figure>\n<p class=\"content-media__description \" style=\"text-align: justify;\">Mais de uma tonelada de carv\u00e3o vegetal foi apreendida durante opera\u00e7\u00e3o \u2014 Foto: Pol\u00edcia Ambiental<\/p>\n<p>Fonte: G1<\/p>\n<\/div>\n<\/div>\n<\/div>\n","protected":false},"excerpt":{"rendered":"<p>Ocorr\u00eancias foram registradas em Rosana e em Presidente Prudente durante a opera\u00e7\u00e3o Floresta Mais Segura. Em duas ocorr\u00eancias nesta sexta-feira (17), durante opera\u00e7\u00e3o Floresta Mais Segura, a Pol\u00edcia Militar Ambiental apreendeu mais de uma tonelada de carv\u00e3o vegetal. Os envolvidos foram advertidos. Em\u00a0Rosana, uma equipe da Pol\u00edcia Militar Ambiental realizou atendimento de ocorr\u00eancia de atividade [&hellip;]<\/p>\n","protected":false},"author":1,"featured_media":30962,"comment_status":"closed","ping_status":"open","sticky":false,"template":"","format":"standard","meta":{"footnotes":""},"categories":[176,110],"tags":[],"class_list":["post-30961","post","type-post","status-publish","format-standard","has-post-thumbnail","hentry","category-meioambienteeagricultura","category-noticiasdestaque"],"_links":{"self":[{"href":"https:\/\/jorgezanoni.com.br\/2019\/wp-json\/wp\/v2\/posts\/30961","targetHints":{"allow":["GET"]}}],"collection":[{"href":"https:\/\/jorgezanoni.com.br\/2019\/wp-json\/wp\/v2\/posts"}],"about":[{"href":"https:\/\/jorgezanoni.com.br\/2019\/wp-json\/wp\/v2\/types\/post"}],"author":[{"embeddable":true,"href":"https:\/\/jorgezanoni.com.br\/2019\/wp-json\/wp\/v2\/users\/1"}],"replies":[{"embeddable":true,"href":"https:\/\/jorgezanoni.com.br\/2019\/wp-json\/wp\/v2\/comments?post=30961"}],"version-history":[{"count":0,"href":"https:\/\/jorgezanoni.com.br\/2019\/wp-json\/wp\/v2\/posts\/30961\/revisions"}],"wp:featuredmedia":[{"embeddable":true,"href":"https:\/\/jorgezanoni.com.br\/2019\/wp-json\/wp\/v2\/media\/30962"}],"wp:attachment":[{"href":"https:\/\/jorgezanoni.com.br\/2019\/wp-json\/wp\/v2\/media?parent=30961"}],"wp:term":[{"taxonomy":"category","embeddable":true,"href":"https:\/\/jorgezanoni.com.br\/2019\/wp-json\/wp\/v2\/categories?post=30961"},{"taxonomy":"post_tag","embeddable":true,"href":"https:\/\/jorgezanoni.com.br\/2019\/wp-json\/wp\/v2\/tags?post=30961"}],"curies":[{"name":"wp","href":"https:\/\/api.w.org\/{rel}","templated":true}]}}