{"id":30952,"date":"2020-07-18T18:54:37","date_gmt":"2020-07-18T18:54:37","guid":{"rendered":"https:\/\/jorgezanoni.com.br\/2019\/?p=30952"},"modified":"2020-07-18T18:54:37","modified_gmt":"2020-07-18T18:54:37","slug":"policial-militar-de-rancharia-morre-vitima-da-covid-19-e-o-terceiro-obito-da-cidade","status":"publish","type":"post","link":"https:\/\/jorgezanoni.com.br\/2019\/policial-militar-de-rancharia-morre-vitima-da-covid-19-e-o-terceiro-obito-da-cidade\/","title":{"rendered":"Policial militar de Rancharia morre v\u00edtima da Covid-19; \u00e9 o terceiro \u00f3bito da cidade"},"content":{"rendered":"<h2 class=\"content-head__subtitle\" style=\"text-align: justify;\"><strong>Cabo PM Juliano Borges era instrutor do Programa Educacional de Resist\u00eancia \u00e0s Drogas (Proerd). Munic\u00edpio tem 99 casos positivos da doen\u00e7a.<\/strong><\/h2>\n<div class=\"mc-column content-text active-extra-styles \" style=\"text-align: justify;\" data-block-type=\"unstyled\" data-block-weight=\"41\" data-block-id=\"2\">\n<p class=\"content-text__container \" data-track-category=\"Link no Texto\" data-track-links=\"\">Um policial militar de 45 anos, morador em\u00a0<a href=\"http:\/\/g1.globo.com\/sp\/presidente-prudente-regiao\/cidade\/rancharia.html\">Rancharia<\/a>, faleceu v\u00edtima de Covid-19, nesta sexta-feira (17). O cabo Juliano Borges estava internado no Hospital e Maternidade da cidade desde o dia 3 de julho. Ele deixa esposa e tr\u00eas filhos.<\/p>\n<\/div>\n<div class=\"wall protected-content\">\n<div class=\"mc-column content-text active-extra-styles \" style=\"text-align: justify;\" data-block-type=\"unstyled\" data-block-weight=\"21\" data-block-id=\"3\">\n<p class=\"content-text__container \" data-track-category=\"Link no Texto\" data-track-links=\"\">A Secretaria Municipal de Sa\u00fade de Rancharia informou que o \u00f3bito de Borges \u00e9 o terceiro por Covid-19 no munic\u00edpio.<\/p>\n<\/div>\n<div class=\"mc-column content-text active-extra-styles \" style=\"text-align: justify;\" data-block-type=\"unstyled\" data-block-weight=\"23\" data-block-id=\"4\">\n<p class=\"content-text__container \" data-track-category=\"Link no Texto\" data-track-links=\"\">Conforme o boletim oficial, a cidade tem 99 casos positivos, sendo 47 curados, tr\u00eas \u00f3bitos, um no hospital e 48 em casa.<\/p>\n<\/div>\n<div class=\"row medium-uncollapsed content-media content-photo\" style=\"text-align: justify;\" data-block-type=\"backstage-photo\" data-block-id=\"5\">\n<div class=\"mc-column content-media__container\">\n<figure><img decoding=\"async\" class=\"i-amphtml-fill-content i-amphtml-replaced-content\" src=\"https:\/\/s2.glbimg.com\/tOpEk3SFtjfJ9llbeQmEQnuGbJQ=\/0x0:985x733\/984x0\/smart\/filters:strip_icc()\/i.s3.glbimg.com\/v1\/AUTH_59edd422c0c84a879bd37670ae4f538a\/internal_photos\/bs\/2020\/9\/x\/uKB1sPT0STxv9OQ0sTvQ\/18-07.jpg\" sizes=\"(max-width: 1242px) 648px, 100vw\" srcset=\"https:\/\/s2.glbimg.com\/dbEfjYSUpB9eQtwt-9QBrwn0KSA=\/0x0:985x733\/1000x0\/smart\/filters:strip_icc()\/i.s3.glbimg.com\/v1\/AUTH_59edd422c0c84a879bd37670ae4f538a\/internal_photos\/bs\/2020\/9\/x\/uKB1sPT0STxv9OQ0sTvQ\/18-07.jpg 1000w, https:\/\/s2.glbimg.com\/tOpEk3SFtjfJ9llbeQmEQnuGbJQ=\/0x0:985x733\/984x0\/smart\/filters:strip_icc()\/i.s3.glbimg.com\/v1\/AUTH_59edd422c0c84a879bd37670ae4f538a\/internal_photos\/bs\/2020\/9\/x\/uKB1sPT0STxv9OQ0sTvQ\/18-07.jpg 984w, https:\/\/s2.glbimg.com\/36VgPBP-pt2kwIMfcnhhucVQ_EM=\/0x0:985x733\/640x0\/smart\/filters:strip_icc()\/i.s3.glbimg.com\/v1\/AUTH_59edd422c0c84a879bd37670ae4f538a\/internal_photos\/bs\/2020\/9\/x\/uKB1sPT0STxv9OQ0sTvQ\/18-07.jpg 640w, https:\/\/s2.glbimg.com\/TbB7vrYIN-mbdfg1gngvdc8kAXo=\/0x0:985x733\/600x0\/smart\/filters:strip_icc()\/i.s3.glbimg.com\/v1\/AUTH_59edd422c0c84a879bd37670ae4f538a\/internal_photos\/bs\/2020\/9\/x\/uKB1sPT0STxv9OQ0sTvQ\/18-07.jpg 600w\" alt=\"Boletim oficial de Rancharia informa 99 casos positivos \u2014 Foto: Prefeitura de Rancharia\" \/><\/figure>\n<p class=\"content-media__description \">Boletim oficial de Rancharia informa 99 casos positivos \u2014 Foto: Prefeitura de Rancharia<\/p>\n<\/div>\n<\/div>\n<div class=\"mc-column content-text active-extra-styles \" style=\"text-align: justify;\" data-block-type=\"unstyled\" data-block-weight=\"32\" data-block-id=\"6\">\n<p class=\"content-text__container \" data-track-category=\"Link no Texto\" data-track-links=\"\">A Pol\u00edcia Militar divulgou uma nota oficial sobre o falecimento do cabo Borges, instrutor do Programa Educacional de Resist\u00eancia \u00e0s Drogas (Proerd) da 2\u00aa Companha da Pol\u00edcia Militar, com sede em Rancharia:<\/p>\n<\/div>\n<div class=\"mc-column content-text active-extra-styles \" style=\"text-align: justify;\" data-block-type=\"unstyled\" data-block-weight=\"59\" data-block-id=\"8\">\n<p class=\"content-text__container \" data-track-category=\"Link no Texto\" data-track-links=\"\"><em>\u201cComunicamos o falecimento do Cb BORGES, aos 45 anos, instrutor do PROERD, da 2\u00aa Cia PM, Rancharia, ocorrido no in\u00edcio da noite. Ainda n\u00e3o foi informado nada sobre vel\u00f3rio, provavelmente n\u00e3o haver\u00e1 em raz\u00e3o da Covid-19, poder\u00e1 ocorrer apenas uma homenagem restrita aos familiares. Caso tenhamos mais informa\u00e7\u00f5es, ser\u00e3o repassadas! O Cb Borges deixa esposa e 03 filhos. \ud83d\ude4f\ud83c\udffb<\/em><\/p>\n<\/div>\n<div class=\"mc-column content-text active-extra-styles \" style=\"text-align: justify;\" data-block-type=\"unstyled\" data-block-weight=\"17\" data-block-id=\"9\">\n<p class=\"content-text__container \" data-track-category=\"Link no Texto\" data-track-links=\"\"><em>A Cmt do 18\u00ba BPM\/I, Oficiais e Pra\u00e7as, externam os profundos sentimentos \u00e0 fam\u00edlia enlutada e amigos.<\/em><\/p>\n<\/div>\n<div class=\"mc-column content-text active-extra-styles \" style=\"text-align: justify;\" data-block-type=\"unstyled\" data-block-weight=\"3\" data-block-id=\"10\">\n<p class=\"content-text__container \" data-track-category=\"Link no Texto\" data-track-links=\"\"><em>Descanse em paz!\u201d<\/em><\/p>\n<\/div>\n<div class=\"row medium-uncollapsed content-media content-photo\" data-block-type=\"backstage-photo\" data-block-id=\"11\">\n<div class=\"mc-column content-media__container\">\n<figure style=\"text-align: justify;\"><img decoding=\"async\" class=\"i-amphtml-fill-content i-amphtml-replaced-content\" src=\"https:\/\/s2.glbimg.com\/HkGbrUPDohV6NZfxR4g-QzO-A8w=\/0x0:897x1040\/984x0\/smart\/filters:strip_icc()\/i.s3.glbimg.com\/v1\/AUTH_59edd422c0c84a879bd37670ae4f538a\/internal_photos\/bs\/2020\/r\/C\/dzK2uvRYyJkdcmFqq9Xg\/110017243-884938482014596-5938221555454918785-o.jpg\" sizes=\"(max-width: 1242px) 648px, 100vw\" srcset=\"https:\/\/s2.glbimg.com\/xdTs8O5OESC9lQ_sbj2xIG96d6I=\/0x0:897x1040\/1000x0\/smart\/filters:strip_icc()\/i.s3.glbimg.com\/v1\/AUTH_59edd422c0c84a879bd37670ae4f538a\/internal_photos\/bs\/2020\/r\/C\/dzK2uvRYyJkdcmFqq9Xg\/110017243-884938482014596-5938221555454918785-o.jpg 1000w, https:\/\/s2.glbimg.com\/HkGbrUPDohV6NZfxR4g-QzO-A8w=\/0x0:897x1040\/984x0\/smart\/filters:strip_icc()\/i.s3.glbimg.com\/v1\/AUTH_59edd422c0c84a879bd37670ae4f538a\/internal_photos\/bs\/2020\/r\/C\/dzK2uvRYyJkdcmFqq9Xg\/110017243-884938482014596-5938221555454918785-o.jpg 984w, https:\/\/s2.glbimg.com\/Pe7G3bHMZEqM4RfZsFEIAeIAXYk=\/0x0:897x1040\/640x0\/smart\/filters:strip_icc()\/i.s3.glbimg.com\/v1\/AUTH_59edd422c0c84a879bd37670ae4f538a\/internal_photos\/bs\/2020\/r\/C\/dzK2uvRYyJkdcmFqq9Xg\/110017243-884938482014596-5938221555454918785-o.jpg 640w, https:\/\/s2.glbimg.com\/TAM7Mc-8b0q28c8lfNoCmVY7xV0=\/0x0:897x1040\/600x0\/smart\/filters:strip_icc()\/i.s3.glbimg.com\/v1\/AUTH_59edd422c0c84a879bd37670ae4f538a\/internal_photos\/bs\/2020\/r\/C\/dzK2uvRYyJkdcmFqq9Xg\/110017243-884938482014596-5938221555454918785-o.jpg 600w\" alt=\"Cabo Juliano Borges era um dos instrutores do Proerd na regi\u00e3o de Presidente Prudente \u2014 Foto: Pol\u00edcia Militar\" \/><\/figure>\n<p class=\"content-media__description \" style=\"text-align: justify;\">Cabo Juliano Borges era um dos instrutores do Proerd na regi\u00e3o de Presidente Prudente \u2014 Foto: Pol\u00edcia Militar<\/p>\n<p style=\"text-align: justify;\">Fonte: G1<\/p>\n<\/div>\n<\/div>\n<\/div>\n","protected":false},"excerpt":{"rendered":"<p>Cabo PM Juliano Borges era instrutor do Programa Educacional de Resist\u00eancia \u00e0s Drogas (Proerd). Munic\u00edpio tem 99 casos positivos da doen\u00e7a. Um policial militar de 45 anos, morador em\u00a0Rancharia, faleceu v\u00edtima de Covid-19, nesta sexta-feira (17). O cabo Juliano Borges estava internado no Hospital e Maternidade da cidade desde o dia 3 de julho. Ele [&hellip;]<\/p>\n","protected":false},"author":1,"featured_media":30953,"comment_status":"closed","ping_status":"open","sticky":false,"template":"","format":"standard","meta":{"footnotes":""},"categories":[110,2],"tags":[],"class_list":["post-30952","post","type-post","status-publish","format-standard","has-post-thumbnail","hentry","category-noticiasdestaque","category-policial"],"_links":{"self":[{"href":"https:\/\/jorgezanoni.com.br\/2019\/wp-json\/wp\/v2\/posts\/30952","targetHints":{"allow":["GET"]}}],"collection":[{"href":"https:\/\/jorgezanoni.com.br\/2019\/wp-json\/wp\/v2\/posts"}],"about":[{"href":"https:\/\/jorgezanoni.com.br\/2019\/wp-json\/wp\/v2\/types\/post"}],"author":[{"embeddable":true,"href":"https:\/\/jorgezanoni.com.br\/2019\/wp-json\/wp\/v2\/users\/1"}],"replies":[{"embeddable":true,"href":"https:\/\/jorgezanoni.com.br\/2019\/wp-json\/wp\/v2\/comments?post=30952"}],"version-history":[{"count":0,"href":"https:\/\/jorgezanoni.com.br\/2019\/wp-json\/wp\/v2\/posts\/30952\/revisions"}],"wp:featuredmedia":[{"embeddable":true,"href":"https:\/\/jorgezanoni.com.br\/2019\/wp-json\/wp\/v2\/media\/30953"}],"wp:attachment":[{"href":"https:\/\/jorgezanoni.com.br\/2019\/wp-json\/wp\/v2\/media?parent=30952"}],"wp:term":[{"taxonomy":"category","embeddable":true,"href":"https:\/\/jorgezanoni.com.br\/2019\/wp-json\/wp\/v2\/categories?post=30952"},{"taxonomy":"post_tag","embeddable":true,"href":"https:\/\/jorgezanoni.com.br\/2019\/wp-json\/wp\/v2\/tags?post=30952"}],"curies":[{"name":"wp","href":"https:\/\/api.w.org\/{rel}","templated":true}]}}