{"id":3095,"date":"2019-08-06T22:41:47","date_gmt":"2019-08-06T22:41:47","guid":{"rendered":"https:\/\/jorgezanoni.com.br\/2019\/?p=3095"},"modified":"2019-08-06T22:41:47","modified_gmt":"2019-08-06T22:41:47","slug":"capitao-cavalcante-deixa-comando-da-1a-cia-para-fazer-curso-em-sao-paulo","status":"publish","type":"post","link":"https:\/\/jorgezanoni.com.br\/2019\/capitao-cavalcante-deixa-comando-da-1a-cia-para-fazer-curso-em-sao-paulo\/","title":{"rendered":"Capit\u00e3o Cavalcante deixa comando da 1\u00aa Cia para fazer curso em S\u00e3o Paulo"},"content":{"rendered":"<p style=\"text-align: justify;\">O capit\u00e3o Marcelo Cavalcante comandou at\u00e9 a sexta-feira que passou a 1\u00aa Cia da Pol\u00edcia Militar de Dracena. Ele deixou o cargo porque no per\u00edodo de 5 de agosto at\u00e9 15 de dezembro deste ano far\u00e1 o Curso de Aperfei\u00e7oamento de Oficiais, mestrado profissional na \u00e1rea de Seguran\u00e7a P\u00fablica, no Centro de Altos Estudos da Academia do Barro Branco, no bairro Tucuruvi em S\u00e3o Paulo.<\/p>\n<p style=\"text-align: justify;\">Ele informou que o curso que \u00e9 indispens\u00e1vel, sendo um requisito para estar apto a promo\u00e7\u00e3o ao posto de major que dever\u00e1 ocorrer daqui h\u00e1 cerca de dois anos. \u201cEste curso \u00e9 uma meta de todo oficial. Nesse per\u00edodo a gente vai ficar adido \u00e0 Academia do Barro Branco e outro oficial ocupar\u00e1 o comando da 1\u00aa Cia\u201d, explicou o capit\u00e3o Cavalcante, que retornar\u00e1 ao cargo em janeiro de\u00a0 2020 ap\u00f3s per\u00edodo de f\u00e9rias.<\/p>\n<p style=\"text-align: justify;\">O novo comandante da companhia dever\u00e1 ser definido esta semana, segundo a unidade policial.<\/p>\n<p>Fonte: Portal Regional<\/p>\n<p>&nbsp;<\/p>\n","protected":false},"excerpt":{"rendered":"<p>O capit\u00e3o Marcelo Cavalcante comandou at\u00e9 a sexta-feira que passou a 1\u00aa Cia da Pol\u00edcia Militar de Dracena. Ele deixou o cargo porque no per\u00edodo de 5 de agosto at\u00e9 15 de dezembro deste ano far\u00e1 o Curso de Aperfei\u00e7oamento de Oficiais, mestrado profissional na \u00e1rea de Seguran\u00e7a P\u00fablica, no Centro de Altos Estudos da [&hellip;]<\/p>\n","protected":false},"author":1,"featured_media":3096,"comment_status":"closed","ping_status":"open","sticky":false,"template":"","format":"standard","meta":{"footnotes":""},"categories":[110,2],"tags":[],"class_list":["post-3095","post","type-post","status-publish","format-standard","has-post-thumbnail","hentry","category-noticiasdestaque","category-policial"],"_links":{"self":[{"href":"https:\/\/jorgezanoni.com.br\/2019\/wp-json\/wp\/v2\/posts\/3095","targetHints":{"allow":["GET"]}}],"collection":[{"href":"https:\/\/jorgezanoni.com.br\/2019\/wp-json\/wp\/v2\/posts"}],"about":[{"href":"https:\/\/jorgezanoni.com.br\/2019\/wp-json\/wp\/v2\/types\/post"}],"author":[{"embeddable":true,"href":"https:\/\/jorgezanoni.com.br\/2019\/wp-json\/wp\/v2\/users\/1"}],"replies":[{"embeddable":true,"href":"https:\/\/jorgezanoni.com.br\/2019\/wp-json\/wp\/v2\/comments?post=3095"}],"version-history":[{"count":0,"href":"https:\/\/jorgezanoni.com.br\/2019\/wp-json\/wp\/v2\/posts\/3095\/revisions"}],"wp:featuredmedia":[{"embeddable":true,"href":"https:\/\/jorgezanoni.com.br\/2019\/wp-json\/wp\/v2\/media\/3096"}],"wp:attachment":[{"href":"https:\/\/jorgezanoni.com.br\/2019\/wp-json\/wp\/v2\/media?parent=3095"}],"wp:term":[{"taxonomy":"category","embeddable":true,"href":"https:\/\/jorgezanoni.com.br\/2019\/wp-json\/wp\/v2\/categories?post=3095"},{"taxonomy":"post_tag","embeddable":true,"href":"https:\/\/jorgezanoni.com.br\/2019\/wp-json\/wp\/v2\/tags?post=3095"}],"curies":[{"name":"wp","href":"https:\/\/api.w.org\/{rel}","templated":true}]}}