{"id":30947,"date":"2020-07-18T18:37:23","date_gmt":"2020-07-18T18:37:23","guid":{"rendered":"https:\/\/jorgezanoni.com.br\/2019\/?p=30947"},"modified":"2020-07-18T21:29:01","modified_gmt":"2020-07-18T21:29:01","slug":"geada-negra-completa-45-anos-foi-uma-catastrofe-economica-para-muitas-cidades-incluindo-dracena","status":"publish","type":"post","link":"https:\/\/jorgezanoni.com.br\/2019\/geada-negra-completa-45-anos-foi-uma-catastrofe-economica-para-muitas-cidades-incluindo-dracena\/","title":{"rendered":"&#8220;Geada Negra&#8221; completa 45 anos. Foi uma cat\u00e1strofe econ\u00f4mica para muitas cidades, incluindo Dracena"},"content":{"rendered":"<p style=\"text-align: justify;\">Em 18 de julho de 1975 ocorreu a chamada geada negra que provocou a destrui\u00e7\u00e3o de milh\u00f5es de p\u00e9s de caf\u00e9, atingindo fortemente a economia tamb\u00e9m de Dracena e regi\u00e3o. No Paran\u00e1, milhares de pessoas abandonaram as cidades e iniciaram novas culturas no Mato Grosso. Relembre a hist\u00f3ria com texto, v\u00eddeos e fotos.<\/p>\n<p style=\"text-align: justify;\"><img loading=\"lazy\" decoding=\"async\" class=\"alignnone size-full wp-image-30949\" src=\"https:\/\/jorgezanoni.com.br\/2019\/wp-content\/uploads\/2020\/07\/geada1.jpg\" alt=\"\" width=\"602\" height=\"384\" srcset=\"https:\/\/jorgezanoni.com.br\/2019\/wp-content\/uploads\/2020\/07\/geada1.jpg 602w, https:\/\/jorgezanoni.com.br\/2019\/wp-content\/uploads\/2020\/07\/geada1-300x191.jpg 300w\" sizes=\"auto, (max-width: 602px) 100vw, 602px\" \/> <img loading=\"lazy\" decoding=\"async\" class=\"alignnone size-full wp-image-30950\" src=\"https:\/\/jorgezanoni.com.br\/2019\/wp-content\/uploads\/2020\/07\/geada2.jpg\" alt=\"\" width=\"599\" height=\"820\" srcset=\"https:\/\/jorgezanoni.com.br\/2019\/wp-content\/uploads\/2020\/07\/geada2.jpg 599w, https:\/\/jorgezanoni.com.br\/2019\/wp-content\/uploads\/2020\/07\/geada2-219x300.jpg 219w, https:\/\/jorgezanoni.com.br\/2019\/wp-content\/uploads\/2020\/07\/geada2-307x420.jpg 307w\" sizes=\"auto, (max-width: 599px) 100vw, 599px\" \/><\/p>\n<p style=\"text-align: justify;\">Veja fotos e v\u00eddeos no link: http:\/\/g1.globo.com\/pr\/norte-noroeste\/noticia\/2015\/07\/geada-negra-que-destruiu-pes-de-cafe-no-parana-completa-40-anos.html<\/p>\n<p>Fonte: Bastidores da Noticia<\/p>\n<p>&nbsp;<\/p>\n","protected":false},"excerpt":{"rendered":"<p>Em 18 de julho de 1975 ocorreu a chamada geada negra que provocou a destrui\u00e7\u00e3o de milh\u00f5es de p\u00e9s de caf\u00e9, atingindo fortemente a economia tamb\u00e9m de Dracena e regi\u00e3o. No Paran\u00e1, milhares de pessoas abandonaram as cidades e iniciaram novas culturas no Mato Grosso. Relembre a hist\u00f3ria com texto, v\u00eddeos e fotos. Veja fotos [&hellip;]<\/p>\n","protected":false},"author":1,"featured_media":30948,"comment_status":"closed","ping_status":"open","sticky":false,"template":"","format":"standard","meta":{"footnotes":""},"categories":[110,116],"tags":[],"class_list":["post-30947","post","type-post","status-publish","format-standard","has-post-thumbnail","hentry","category-noticiasdestaque","category-politicaeeconomia"],"_links":{"self":[{"href":"https:\/\/jorgezanoni.com.br\/2019\/wp-json\/wp\/v2\/posts\/30947","targetHints":{"allow":["GET"]}}],"collection":[{"href":"https:\/\/jorgezanoni.com.br\/2019\/wp-json\/wp\/v2\/posts"}],"about":[{"href":"https:\/\/jorgezanoni.com.br\/2019\/wp-json\/wp\/v2\/types\/post"}],"author":[{"embeddable":true,"href":"https:\/\/jorgezanoni.com.br\/2019\/wp-json\/wp\/v2\/users\/1"}],"replies":[{"embeddable":true,"href":"https:\/\/jorgezanoni.com.br\/2019\/wp-json\/wp\/v2\/comments?post=30947"}],"version-history":[{"count":0,"href":"https:\/\/jorgezanoni.com.br\/2019\/wp-json\/wp\/v2\/posts\/30947\/revisions"}],"wp:featuredmedia":[{"embeddable":true,"href":"https:\/\/jorgezanoni.com.br\/2019\/wp-json\/wp\/v2\/media\/30948"}],"wp:attachment":[{"href":"https:\/\/jorgezanoni.com.br\/2019\/wp-json\/wp\/v2\/media?parent=30947"}],"wp:term":[{"taxonomy":"category","embeddable":true,"href":"https:\/\/jorgezanoni.com.br\/2019\/wp-json\/wp\/v2\/categories?post=30947"},{"taxonomy":"post_tag","embeddable":true,"href":"https:\/\/jorgezanoni.com.br\/2019\/wp-json\/wp\/v2\/tags?post=30947"}],"curies":[{"name":"wp","href":"https:\/\/api.w.org\/{rel}","templated":true}]}}