{"id":3092,"date":"2019-08-06T21:30:11","date_gmt":"2019-08-06T21:30:11","guid":{"rendered":"https:\/\/jorgezanoni.com.br\/2019\/?p=3092"},"modified":"2019-08-06T21:30:37","modified_gmt":"2019-08-06T21:30:37","slug":"dia-dos-avos-e-comemorado-na-emefi-joao-vendramini-em-dracena","status":"publish","type":"post","link":"https:\/\/jorgezanoni.com.br\/2019\/dia-dos-avos-e-comemorado-na-emefi-joao-vendramini-em-dracena\/","title":{"rendered":"Dia dos Av\u00f3s \u00e9 comemorado na EMEFI Jo\u00e3o Vendramini, em Dracena"},"content":{"rendered":"<p style=\"text-align: justify;\">Foi comemorado por alunos, profissionais e convidados o Dia dos Av\u00f3s, celebrado em 26 de julho, na Escola Municipal de Ensino Fundamental e Infantil (EMEFI) \u201cJo\u00e3o Vendramini\u201d.<\/p>\n<p style=\"text-align: justify;\">Na oportunidade foram realizadas apresenta\u00e7\u00f5es art\u00edsticas pelos estudantes, bem como dan\u00e7a de integrantes do grupo da terceira idade &#8220;As fofoqueiras&#8221;\u00a0 e conta\u00e7\u00e3o de hist\u00f3rias da professora aposentada e ex-diretora Mirtes Sampaio.<\/p>\n<p style=\"text-align: justify;\">Para a Secret\u00e1ria de Educa\u00e7\u00e3o Vanessa Red\u00edgolo Castilho, \u201catividades envolvendo importantes datas comemorativas, como essa, s\u00e3o essenciais no espa\u00e7o escolar por terem cunho de forma\u00e7\u00e3o de valores para os alunos, contribuindo para o desenvolvimento humano dos mesmos\u201d.<\/p>\n<p style=\"text-align: justify;\">A escola \u00e9 dirigida por Eliana Aparecida Santana, com o apoio da Vice-Diretora Ana L\u00facia Fuzer e Coordenadora M\u00e1rcia Regina Rossetto Honda.<\/p>\n<p>Fonte: Diretoria de Comunica\u00e7\u00e3o<\/p>\n","protected":false},"excerpt":{"rendered":"<p>Foi comemorado por alunos, profissionais e convidados o Dia dos Av\u00f3s, celebrado em 26 de julho, na Escola Municipal de Ensino Fundamental e Infantil (EMEFI) \u201cJo\u00e3o Vendramini\u201d. Na oportunidade foram realizadas apresenta\u00e7\u00f5es art\u00edsticas pelos estudantes, bem como dan\u00e7a de integrantes do grupo da terceira idade &#8220;As fofoqueiras&#8221;\u00a0 e conta\u00e7\u00e3o de hist\u00f3rias da professora aposentada e [&hellip;]<\/p>\n","protected":false},"author":1,"featured_media":3093,"comment_status":"closed","ping_status":"open","sticky":false,"template":"","format":"standard","meta":{"footnotes":""},"categories":[110],"tags":[],"class_list":["post-3092","post","type-post","status-publish","format-standard","has-post-thumbnail","hentry","category-noticiasdestaque"],"_links":{"self":[{"href":"https:\/\/jorgezanoni.com.br\/2019\/wp-json\/wp\/v2\/posts\/3092","targetHints":{"allow":["GET"]}}],"collection":[{"href":"https:\/\/jorgezanoni.com.br\/2019\/wp-json\/wp\/v2\/posts"}],"about":[{"href":"https:\/\/jorgezanoni.com.br\/2019\/wp-json\/wp\/v2\/types\/post"}],"author":[{"embeddable":true,"href":"https:\/\/jorgezanoni.com.br\/2019\/wp-json\/wp\/v2\/users\/1"}],"replies":[{"embeddable":true,"href":"https:\/\/jorgezanoni.com.br\/2019\/wp-json\/wp\/v2\/comments?post=3092"}],"version-history":[{"count":0,"href":"https:\/\/jorgezanoni.com.br\/2019\/wp-json\/wp\/v2\/posts\/3092\/revisions"}],"wp:featuredmedia":[{"embeddable":true,"href":"https:\/\/jorgezanoni.com.br\/2019\/wp-json\/wp\/v2\/media\/3093"}],"wp:attachment":[{"href":"https:\/\/jorgezanoni.com.br\/2019\/wp-json\/wp\/v2\/media?parent=3092"}],"wp:term":[{"taxonomy":"category","embeddable":true,"href":"https:\/\/jorgezanoni.com.br\/2019\/wp-json\/wp\/v2\/categories?post=3092"},{"taxonomy":"post_tag","embeddable":true,"href":"https:\/\/jorgezanoni.com.br\/2019\/wp-json\/wp\/v2\/tags?post=3092"}],"curies":[{"name":"wp","href":"https:\/\/api.w.org\/{rel}","templated":true}]}}