{"id":30909,"date":"2020-07-18T01:24:57","date_gmt":"2020-07-18T01:24:57","guid":{"rendered":"https:\/\/jorgezanoni.com.br\/2019\/?p=30909"},"modified":"2020-07-18T01:24:57","modified_gmt":"2020-07-18T01:24:57","slug":"atacado-por-abelhas-bombeiro-passa-mal-cai-de-moto-e-e-socorrido-em-andradina","status":"publish","type":"post","link":"https:\/\/jorgezanoni.com.br\/2019\/atacado-por-abelhas-bombeiro-passa-mal-cai-de-moto-e-e-socorrido-em-andradina\/","title":{"rendered":"Atacado por abelhas, bombeiro passa mal, cai de moto e \u00e9 socorrido em Andradina"},"content":{"rendered":"<h2 style=\"text-align: justify;\"><strong>A reportagem registrou com exclusividade o acidente ocorrido perto do meio dia desta sexta-feira 17, na perimetral Ant\u00f4nio Modesto Filho, no jardim Brasil.<\/strong><\/h2>\n<p style=\"text-align: justify;\">A reportagem do Impacto Online registrou com exclusividade o acidente ocorrido perto do meio dia desta sexta-feira 17, na perimetral Ant\u00f4nio Modesto Filho, no jardim Brasil.<\/p>\n<p style=\"text-align: justify;\">Um bombeiro que retornava de moto de Tr\u00eas Lagoas, cidade onde trabalha, segundo informa\u00e7\u00f5es obtida pela reportagem, passou mal ap\u00f3s ser ferroado por abelhas e sofreu uma queda de moto perto de uma cerca, entre as ruas S\u00e3o Pedro e Santo Em\u00edlio.<\/p>\n<p style=\"text-align: justify;\">Colegas de farda do Grupamento local que o socorreram disseram que a v\u00edtima teve altera\u00e7\u00e3o na press\u00e3o por conta da picada do inseto e o fato de ser al\u00e9rgico, ao que consta.<\/p>\n<p style=\"text-align: justify;\">Os bombeiros foram acionados por populares que transitavam pela rua e presenciaram o acidente. A reportagem do Impacto tamb\u00e9m trafegava pelo mesmo trajeto e registrou o socorro \u00e0 v\u00edtima, encaminhada \u00e0 UPA.<\/p>\n<p style=\"text-align: justify;\">Fonte: Impacto Online<\/p>\n","protected":false},"excerpt":{"rendered":"<p>A reportagem registrou com exclusividade o acidente ocorrido perto do meio dia desta sexta-feira 17, na perimetral Ant\u00f4nio Modesto Filho, no jardim Brasil. A reportagem do Impacto Online registrou com exclusividade o acidente ocorrido perto do meio dia desta sexta-feira 17, na perimetral Ant\u00f4nio Modesto Filho, no jardim Brasil. Um bombeiro que retornava de moto [&hellip;]<\/p>\n","protected":false},"author":1,"featured_media":30910,"comment_status":"closed","ping_status":"open","sticky":false,"template":"","format":"standard","meta":{"footnotes":""},"categories":[110,2],"tags":[],"class_list":["post-30909","post","type-post","status-publish","format-standard","has-post-thumbnail","hentry","category-noticiasdestaque","category-policial"],"_links":{"self":[{"href":"https:\/\/jorgezanoni.com.br\/2019\/wp-json\/wp\/v2\/posts\/30909","targetHints":{"allow":["GET"]}}],"collection":[{"href":"https:\/\/jorgezanoni.com.br\/2019\/wp-json\/wp\/v2\/posts"}],"about":[{"href":"https:\/\/jorgezanoni.com.br\/2019\/wp-json\/wp\/v2\/types\/post"}],"author":[{"embeddable":true,"href":"https:\/\/jorgezanoni.com.br\/2019\/wp-json\/wp\/v2\/users\/1"}],"replies":[{"embeddable":true,"href":"https:\/\/jorgezanoni.com.br\/2019\/wp-json\/wp\/v2\/comments?post=30909"}],"version-history":[{"count":0,"href":"https:\/\/jorgezanoni.com.br\/2019\/wp-json\/wp\/v2\/posts\/30909\/revisions"}],"wp:featuredmedia":[{"embeddable":true,"href":"https:\/\/jorgezanoni.com.br\/2019\/wp-json\/wp\/v2\/media\/30910"}],"wp:attachment":[{"href":"https:\/\/jorgezanoni.com.br\/2019\/wp-json\/wp\/v2\/media?parent=30909"}],"wp:term":[{"taxonomy":"category","embeddable":true,"href":"https:\/\/jorgezanoni.com.br\/2019\/wp-json\/wp\/v2\/categories?post=30909"},{"taxonomy":"post_tag","embeddable":true,"href":"https:\/\/jorgezanoni.com.br\/2019\/wp-json\/wp\/v2\/tags?post=30909"}],"curies":[{"name":"wp","href":"https:\/\/api.w.org\/{rel}","templated":true}]}}