{"id":30906,"date":"2020-07-18T01:08:37","date_gmt":"2020-07-18T01:08:37","guid":{"rendered":"https:\/\/jorgezanoni.com.br\/2019\/?p=30906"},"modified":"2020-07-18T01:08:37","modified_gmt":"2020-07-18T01:08:37","slug":"birigui-investe-em-marca-coletiva-para-exportacao","status":"publish","type":"post","link":"https:\/\/jorgezanoni.com.br\/2019\/birigui-investe-em-marca-coletiva-para-exportacao\/","title":{"rendered":"Birigui investe em marca coletiva para exporta\u00e7\u00e3o"},"content":{"rendered":"<p style=\"text-align: justify;\">O momento econ\u00f4mico que o Brasil passa, por conta da pandemia, \u00e9 muito delicado. Por conta disto, desta situa\u00e7\u00e3o inusitada, muitos buscam entender esse processo todo, procurando solu\u00e7\u00f5es para este problema.<\/p>\n<p style=\"text-align: justify;\">Por isso, dentro do polo cal\u00e7adista de Birigui, dez empresas est\u00e3o escrevendo uma nova hist\u00f3ria. Uniram-se em torno de um projeto como forma de buscar solu\u00e7\u00f5es, principalmente na \u00e1rea comercial.<\/p>\n<p style=\"text-align: justify;\">Por isso, o Sinbi (Sindicato das Ind\u00fastrias do Cal\u00e7ado e Vestu\u00e1rio de Birigui) apresentou uma proposta de intelig\u00eancia de mercado a fim de se desenvolver uma trilha de forma\u00e7\u00e3o em gest\u00e3o comercial no mercado externo, criando uma marca \u00fanica de com\u00e9rcio, onde essas empresas ser\u00e3o capacitadas a entender e preparar seus produtos para o mercado a ser definido.<\/p>\n<p style=\"text-align: justify;\">Esse programa est\u00e1 totalmente alinhado com o prop\u00f3sito do Sinbi que \u00e9 \u201celevar a uni\u00e3o e competitividade de nossas empresas\u201d. Unir empresas e criar uma marca coletiva do cal\u00e7ado produzido em Birigui tem gerado um grande movimento dentro das atividades desenvolvidas pelo Sinbi, j\u00e1 que est\u00e1 sendo dedicado parte do nosso tempo para que este programa de ajuda m\u00fatua aconte\u00e7a, e isto est\u00e1 sendo desenvolvido juntamente com o renomado consultor, Sr. Mauricio Manfr\u00e9, al\u00e9m de demais parceiros que est\u00e3o contribuindo para o seu \u00eaxito.<\/p>\n<p style=\"text-align: justify;\">A ideia macro do programa \u00e9 permitir com que as empresas que nunca exportaram unam suas for\u00e7as produtivas, preparando-se para atender demandas internacionais, utilizando-se de uma Identidade Comum (marca setorial e comercial).<\/p>\n<p style=\"text-align: justify;\">Essa identidade ser\u00e1 produzida durante uma oficina a ser realizada nas pr\u00f3ximas semanas pelo SEBRAE-Ara\u00e7atuba, Sinbi e empres\u00e1rios envolvidos neste programa.<\/p>\n<p style=\"text-align: justify;\"><strong>MARCA<\/strong><\/p>\n<p style=\"text-align: justify;\">Com a cria\u00e7\u00e3o desta marca e da respectiva logomarca, de acordo com a Consultoria do SEBRAE-Ara\u00e7atuba, \u201ca oficina ir\u00e1 extrair o prop\u00f3sito do grupo (alma) e a ag\u00eancia ir\u00e1 expressar esse prop\u00f3sito atrav\u00e9s do desenvolvimento das pe\u00e7as de marketing (corpo).<\/p>\n<p style=\"text-align: justify;\">Desta forma, o grupo definir\u00e1 a identidade da marca, sentindo-se totalmente comprometidos com ela, desde sua cria\u00e7\u00e3o, ter o pertencimento da mesma\u201d.<\/p>\n<p style=\"text-align: justify;\">Segundo o consultor Mauricio Manfr\u00e9, o objetivo \u201c\u00e9 criar experi\u00eancias e mostrar \u00e0s empresas que exportar \u00e9 poss\u00edvel e que pode trazer grandes benef\u00edcios para a sa\u00fade financeira da empresa, quebrando paradigmas e preconceitos, dando apoio, direcionamento e incentivando as empresas nesta a\u00e7\u00e3o comercial que ser\u00e1 realizada para ganhar novos mercados.\u201d<\/p>\n<p style=\"text-align: justify;\">\u201cEsse programa \u00e9 pioneiro em todos os polos cal\u00e7adistas do Brasil, raz\u00e3o pela qual acreditamos no seu sucesso, porque juntos somos mais fortes\u201d, afirma Renato Ramires, presidente do Sinbi.<\/p>\n<p style=\"text-align: justify;\">Fonte: Folha da Regi\u00e3o<\/p>\n","protected":false},"excerpt":{"rendered":"<p>O momento econ\u00f4mico que o Brasil passa, por conta da pandemia, \u00e9 muito delicado. Por conta disto, desta situa\u00e7\u00e3o inusitada, muitos buscam entender esse processo todo, procurando solu\u00e7\u00f5es para este problema. Por isso, dentro do polo cal\u00e7adista de Birigui, dez empresas est\u00e3o escrevendo uma nova hist\u00f3ria. Uniram-se em torno de um projeto como forma de [&hellip;]<\/p>\n","protected":false},"author":1,"featured_media":30907,"comment_status":"closed","ping_status":"open","sticky":false,"template":"","format":"standard","meta":{"footnotes":""},"categories":[110,116],"tags":[],"class_list":["post-30906","post","type-post","status-publish","format-standard","has-post-thumbnail","hentry","category-noticiasdestaque","category-politicaeeconomia"],"_links":{"self":[{"href":"https:\/\/jorgezanoni.com.br\/2019\/wp-json\/wp\/v2\/posts\/30906","targetHints":{"allow":["GET"]}}],"collection":[{"href":"https:\/\/jorgezanoni.com.br\/2019\/wp-json\/wp\/v2\/posts"}],"about":[{"href":"https:\/\/jorgezanoni.com.br\/2019\/wp-json\/wp\/v2\/types\/post"}],"author":[{"embeddable":true,"href":"https:\/\/jorgezanoni.com.br\/2019\/wp-json\/wp\/v2\/users\/1"}],"replies":[{"embeddable":true,"href":"https:\/\/jorgezanoni.com.br\/2019\/wp-json\/wp\/v2\/comments?post=30906"}],"version-history":[{"count":0,"href":"https:\/\/jorgezanoni.com.br\/2019\/wp-json\/wp\/v2\/posts\/30906\/revisions"}],"wp:featuredmedia":[{"embeddable":true,"href":"https:\/\/jorgezanoni.com.br\/2019\/wp-json\/wp\/v2\/media\/30907"}],"wp:attachment":[{"href":"https:\/\/jorgezanoni.com.br\/2019\/wp-json\/wp\/v2\/media?parent=30906"}],"wp:term":[{"taxonomy":"category","embeddable":true,"href":"https:\/\/jorgezanoni.com.br\/2019\/wp-json\/wp\/v2\/categories?post=30906"},{"taxonomy":"post_tag","embeddable":true,"href":"https:\/\/jorgezanoni.com.br\/2019\/wp-json\/wp\/v2\/tags?post=30906"}],"curies":[{"name":"wp","href":"https:\/\/api.w.org\/{rel}","templated":true}]}}