{"id":30903,"date":"2020-07-18T00:04:40","date_gmt":"2020-07-18T00:04:40","guid":{"rendered":"https:\/\/jorgezanoni.com.br\/2019\/?p=30903"},"modified":"2020-07-18T00:04:40","modified_gmt":"2020-07-18T00:04:40","slug":"policia-civil-esclarece-furto-de-gado-que-causou-prejuizo-de-r-100-mil-em-junqueiropolis","status":"publish","type":"post","link":"https:\/\/jorgezanoni.com.br\/2019\/policia-civil-esclarece-furto-de-gado-que-causou-prejuizo-de-r-100-mil-em-junqueiropolis\/","title":{"rendered":"Pol\u00edcia Civil esclarece furto de gado que causou preju\u00edzo de R$ 100 mil em Junqueir\u00f3polis"},"content":{"rendered":"<h2 class=\"content-head__subtitle\" style=\"text-align: justify;\"><strong>Animais foram subtra\u00eddos de uma propriedade rural na cidade, em outubro de 2019. Caminh\u00e3o utilizado pelos suspeitos foi apreendido em Guara\u00e7a\u00ed (SP).<\/strong><\/h2>\n<div class=\"mc-column content-text active-extra-styles \" data-block-type=\"unstyled\" data-block-weight=\"48\" data-block-id=\"2\">\n<p class=\"content-text__container \" style=\"text-align: justify;\" data-track-category=\"Link no Texto\" data-track-links=\"\">A Pol\u00edcia Civil esclareceu nesta sexta-feira (17) um crime de furto de gado que ocorreu no dia 15 de outubro de 2019, em\u00a0<a href=\"https:\/\/g1.globo.com\/sp\/presidente-prudente-regiao\/cidade\/junqueiropolis\/\">Junqueir\u00f3polis<\/a>. Na ocasi\u00e3o,\u00a0<a href=\"https:\/\/g1.globo.com\/sp\/presidente-prudente-regiao\/noticia\/2019\/10\/15\/bandidos-invadem-propriedade-rural-e-furtam-mais-de-70-cabecas-de-gado-em-junqueiropolis.ghtml\">foram subtra\u00eddas de uma propriedade rural cerca de 70 cabe\u00e7as de gado, entre bois, vacas e bezerros avaliados em R$ 100 mil<\/a>.<\/p>\n<\/div>\n<div class=\"wall protected-content\">\n<div class=\"mc-column content-text active-extra-styles \" style=\"text-align: justify;\" data-block-type=\"unstyled\" data-block-weight=\"28\" data-block-id=\"3\">\n<p class=\"content-text__container \" data-track-category=\"Link no Texto\" data-track-links=\"\">Durante o crime, o caminh\u00e3o utilizado pelos suspeitos se chocou contra a porteira da propriedade deixando fragmentos de sua carroceria no local. Tais objetos foram arrecadados pelos investigadores.<\/p>\n<\/div>\n<div class=\"mc-column content-text active-extra-styles \" style=\"text-align: justify;\" data-block-type=\"unstyled\" data-block-weight=\"47\" data-block-id=\"4\">\n<p class=\"content-text__container \" data-track-category=\"Link no Texto\" data-track-links=\"\">No in\u00edcio desta semana um caminh\u00e3o foi apreendido em Guara\u00e7a\u00ed (SP) com cerca de 20 cabe\u00e7as de gado furtadas. Policiais civis inspecionaram o caminh\u00e3o e apuraram, gra\u00e7as ao confronto do material apreendido com o ve\u00edculo, que se tratava do mesmo caminh\u00e3o utilizado no crime praticado em Junqueir\u00f3polis.<\/p>\n<\/div>\n<div class=\"mc-column content-text active-extra-styles \" style=\"text-align: justify;\" data-block-type=\"unstyled\" data-block-weight=\"22\" data-block-id=\"5\">\n<p class=\"content-text__container \" data-track-category=\"Link no Texto\" data-track-links=\"\">No caminh\u00e3o ainda estavam ferramentas furtadas no s\u00edtio em Junqueir\u00f3polis. De acordo com a pol\u00edcia, o dono do caminh\u00e3o j\u00e1 foi identificado.<\/p>\n<\/div>\n<div class=\"mc-column content-text active-extra-styles \" style=\"text-align: justify;\" data-block-type=\"unstyled\" data-block-weight=\"16\" data-block-id=\"6\">\n<p class=\"content-text__container \" data-track-category=\"Link no Texto\" data-track-links=\"\">O ve\u00edculo foi apreendido e poder\u00e1 ser utilizado para reparar as v\u00edtimas a crit\u00e9rio da Justi\u00e7a.<\/p>\n<\/div>\n<div class=\"mc-column content-text active-extra-styles \" style=\"text-align: justify;\" data-block-type=\"unstyled\" data-block-weight=\"9\" data-block-id=\"7\">\n<p class=\"content-text__container \" data-track-category=\"Link no Texto\" data-track-links=\"\">As investiga\u00e7\u00f5es continuam para identificar demais membros da quadrilha.<\/p>\n<\/div>\n<div class=\"mc-column content-text active-extra-styles \" style=\"text-align: justify;\" data-block-type=\"unstyled\" data-block-weight=\"18\" data-block-id=\"8\">\n<p class=\"content-text__container \" data-track-category=\"Link no Texto\" data-track-links=\"\">Al\u00e9m dos policiais civis de Junqueir\u00f3polis, agentes de Mirand\u00f3polis (SP) e Guara\u00e7a\u00ed tamb\u00e9m auxiliaram no esclarecimento do caso.<\/p>\n<\/div>\n<div class=\"mc-column content-text active-extra-styles\" data-block-type=\"raw\" data-block-weight=\"14\" data-block-id=\"9\">\n<ul class=\"content-unordered-list\" style=\"text-align: justify;\">\n<li><a href=\"https:\/\/g1.globo.com\/sp\/presidente-prudente-regiao\/noticia\/2019\/10\/15\/bandidos-invadem-propriedade-rural-e-furtam-mais-de-70-cabecas-de-gado-em-junqueiropolis.ghtml\">Bandidos invadem propriedade rural e furtam mais de 70 cabe\u00e7as de gado em Junqueir\u00f3polis<\/a><\/li>\n<\/ul>\n<p style=\"text-align: justify;\">Fonte: G1<\/p>\n<\/div>\n<\/div>\n","protected":false},"excerpt":{"rendered":"<p>Animais foram subtra\u00eddos de uma propriedade rural na cidade, em outubro de 2019. Caminh\u00e3o utilizado pelos suspeitos foi apreendido em Guara\u00e7a\u00ed (SP). A Pol\u00edcia Civil esclareceu nesta sexta-feira (17) um crime de furto de gado que ocorreu no dia 15 de outubro de 2019, em\u00a0Junqueir\u00f3polis. Na ocasi\u00e3o,\u00a0foram subtra\u00eddas de uma propriedade rural cerca de 70 [&hellip;]<\/p>\n","protected":false},"author":1,"featured_media":30904,"comment_status":"closed","ping_status":"open","sticky":false,"template":"","format":"standard","meta":{"footnotes":""},"categories":[110,2],"tags":[],"class_list":["post-30903","post","type-post","status-publish","format-standard","has-post-thumbnail","hentry","category-noticiasdestaque","category-policial"],"_links":{"self":[{"href":"https:\/\/jorgezanoni.com.br\/2019\/wp-json\/wp\/v2\/posts\/30903","targetHints":{"allow":["GET"]}}],"collection":[{"href":"https:\/\/jorgezanoni.com.br\/2019\/wp-json\/wp\/v2\/posts"}],"about":[{"href":"https:\/\/jorgezanoni.com.br\/2019\/wp-json\/wp\/v2\/types\/post"}],"author":[{"embeddable":true,"href":"https:\/\/jorgezanoni.com.br\/2019\/wp-json\/wp\/v2\/users\/1"}],"replies":[{"embeddable":true,"href":"https:\/\/jorgezanoni.com.br\/2019\/wp-json\/wp\/v2\/comments?post=30903"}],"version-history":[{"count":0,"href":"https:\/\/jorgezanoni.com.br\/2019\/wp-json\/wp\/v2\/posts\/30903\/revisions"}],"wp:featuredmedia":[{"embeddable":true,"href":"https:\/\/jorgezanoni.com.br\/2019\/wp-json\/wp\/v2\/media\/30904"}],"wp:attachment":[{"href":"https:\/\/jorgezanoni.com.br\/2019\/wp-json\/wp\/v2\/media?parent=30903"}],"wp:term":[{"taxonomy":"category","embeddable":true,"href":"https:\/\/jorgezanoni.com.br\/2019\/wp-json\/wp\/v2\/categories?post=30903"},{"taxonomy":"post_tag","embeddable":true,"href":"https:\/\/jorgezanoni.com.br\/2019\/wp-json\/wp\/v2\/tags?post=30903"}],"curies":[{"name":"wp","href":"https:\/\/api.w.org\/{rel}","templated":true}]}}