{"id":30896,"date":"2020-07-17T23:02:45","date_gmt":"2020-07-17T23:02:45","guid":{"rendered":"https:\/\/jorgezanoni.com.br\/2019\/?p=30896"},"modified":"2020-07-17T23:02:45","modified_gmt":"2020-07-17T23:02:45","slug":"adolescente-esta-desaparecido-em-presidente-prudente","status":"publish","type":"post","link":"https:\/\/jorgezanoni.com.br\/2019\/adolescente-esta-desaparecido-em-presidente-prudente\/","title":{"rendered":"Adolescente est\u00e1 desaparecido em Presidente Prudente"},"content":{"rendered":"<p style=\"text-align: justify;\">A fam\u00edlia de Kaio Pereira Dacome, de 17 anos, morador do Jardim Eldorado em Presidente Prudente, est\u00e1 a procura do rapaz. O adolescente saiu\u00a0de casa\u00a0por volta das 12 horas de\u00a0quinta-feira (16) para estudar na casa de um amigo, mas n\u00e3o chegou ao destino\u00a0e n\u00e3o retornou para casa.<\/p>\n<p style=\"text-align: justify;\">A m\u00e3e relatou que\u00a0nunca ficou sem not\u00edcias do filho, que \u00e9 considerado um jovem tranquilo.<\/p>\n<p style=\"text-align: justify;\">Kaio vestia bermuda, camiseta e uma mochila preta.<\/p>\n<p style=\"text-align: justify;\">Qualquer informa\u00e7\u00e3o sobre o rapaz deve ser comunicada \u00e0 pol\u00edcia, pelo 190 ou \u00e0 m\u00e3e do garoto, Marli, atrav\u00e9s do telefone (18) 99805- 7170.<\/p>\n<p>Fonte: Portal Bueno<\/p>\n","protected":false},"excerpt":{"rendered":"<p>A fam\u00edlia de Kaio Pereira Dacome, de 17 anos, morador do Jardim Eldorado em Presidente Prudente, est\u00e1 a procura do rapaz. O adolescente saiu\u00a0de casa\u00a0por volta das 12 horas de\u00a0quinta-feira (16) para estudar na casa de um amigo, mas n\u00e3o chegou ao destino\u00a0e n\u00e3o retornou para casa. A m\u00e3e relatou que\u00a0nunca ficou sem not\u00edcias do [&hellip;]<\/p>\n","protected":false},"author":1,"featured_media":30897,"comment_status":"closed","ping_status":"open","sticky":false,"template":"","format":"standard","meta":{"footnotes":""},"categories":[110,2],"tags":[],"class_list":["post-30896","post","type-post","status-publish","format-standard","has-post-thumbnail","hentry","category-noticiasdestaque","category-policial"],"_links":{"self":[{"href":"https:\/\/jorgezanoni.com.br\/2019\/wp-json\/wp\/v2\/posts\/30896","targetHints":{"allow":["GET"]}}],"collection":[{"href":"https:\/\/jorgezanoni.com.br\/2019\/wp-json\/wp\/v2\/posts"}],"about":[{"href":"https:\/\/jorgezanoni.com.br\/2019\/wp-json\/wp\/v2\/types\/post"}],"author":[{"embeddable":true,"href":"https:\/\/jorgezanoni.com.br\/2019\/wp-json\/wp\/v2\/users\/1"}],"replies":[{"embeddable":true,"href":"https:\/\/jorgezanoni.com.br\/2019\/wp-json\/wp\/v2\/comments?post=30896"}],"version-history":[{"count":0,"href":"https:\/\/jorgezanoni.com.br\/2019\/wp-json\/wp\/v2\/posts\/30896\/revisions"}],"wp:featuredmedia":[{"embeddable":true,"href":"https:\/\/jorgezanoni.com.br\/2019\/wp-json\/wp\/v2\/media\/30897"}],"wp:attachment":[{"href":"https:\/\/jorgezanoni.com.br\/2019\/wp-json\/wp\/v2\/media?parent=30896"}],"wp:term":[{"taxonomy":"category","embeddable":true,"href":"https:\/\/jorgezanoni.com.br\/2019\/wp-json\/wp\/v2\/categories?post=30896"},{"taxonomy":"post_tag","embeddable":true,"href":"https:\/\/jorgezanoni.com.br\/2019\/wp-json\/wp\/v2\/tags?post=30896"}],"curies":[{"name":"wp","href":"https:\/\/api.w.org\/{rel}","templated":true}]}}