{"id":30887,"date":"2020-07-17T21:48:43","date_gmt":"2020-07-17T21:48:43","guid":{"rendered":"https:\/\/jorgezanoni.com.br\/2019\/?p=30887"},"modified":"2020-07-17T21:48:43","modified_gmt":"2020-07-17T21:48:43","slug":"as-sutilezas-do-mercado","status":"publish","type":"post","link":"https:\/\/jorgezanoni.com.br\/2019\/as-sutilezas-do-mercado\/","title":{"rendered":"As sutilezas do mercado"},"content":{"rendered":"<p style=\"text-align: justify;\"><strong>AS SUTILEZAS DO MERCADO.\u00a0 \u00a0 \u00a0 \u00a0 \u00a0 \u00a0 \u00a0 \u00a0 \u00a0 \u00a0 \u00a0 \u00a0 \u00a0 \u00a0 \u00a0 \u00a0 \u00a0 \u00a0 \u00a0 \u00a0 \u00a0 \u00a0 \u00a0 \u00a0 \u00a0 \u00a0 \u00a0 \u00a0 \u00a0 \u00a0 \u00a0 \u00a0 \u00a0 \u00a0 \u00a0 \u00a0 \u00a0 \u00a0 \u00a0 \u00a0 \u00a0 \u00a0 \u00a0 \u00a0 \u00a0 \u00a0 \u00a0 \u00a0\u00a0<\/strong><\/p>\n<p style=\"text-align: justify;\"><strong>\u00a0<\/strong><strong>*CLAUDIVAL CLEMENTE.<\/strong><\/p>\n<p style=\"text-align: justify;\"><strong>**CLAUDIVAL MOURA CLEMENTE<\/strong><\/p>\n<p style=\"text-align: justify;\">O mercado de capitais \u00e9 um mecanismo de distribui\u00e7\u00e3o de valores mobili\u00e1rios (t\u00edtulos que normalmente s\u00e3o vendidos publicamente em Bolsa de Valores), cujo objetivo \u00e9 trazer dinheiro para as empresas e as estas atividades empresariais produzem resultados financeiros para as pessoas ou grupo de pessoas e empresas que investiram nestes t\u00edtulos.O conceito normalmente \u00e9 resumido pela express\u00e3o \u201cmercado.\u201d<\/p>\n<p style=\"text-align: justify;\">Decis\u00f5es pol\u00edticas e econ\u00f4micas podem influenciar as atividades do mercado, especialmente quando estas decis\u00f5es possam levar \u00e0 algum risco das atividades financeiras das empresas.<\/p>\n<p style=\"text-align: justify;\">Mas existem ouros assuntos que tamb\u00e9m podem provocar o aumento ou queda nas atividades do mercado, \u00e0s vezes at\u00e9 alguma situa\u00e7\u00e3o de onde n\u00e3o se espera nenhuma rea\u00e7\u00e3o.<\/p>\n<p style=\"text-align: justify;\">O mercado se encontrava em queda desde o an\u00fancio da pandemia do SARS-Cov2 (v\u00edrus que provoca a Covid19), especialmente depois da declara\u00e7\u00e3o das autoridades sanit\u00e1rias que a contamina\u00e7\u00e3o tinha atingido o Brasil, com decreta\u00e7\u00e3o de isolamento social por parte das autoridades estaduais e a rivalidade criada entre o Governo Federal e os governadores. O Governo Federal defendia o isolamento horizontal, por meio do qual somente pessoas idosas e portadoras de doen\u00e7as cr\u00f4nicas deveriam ser isoladas. Os governadores defendiam o isolamento vertical, com o fechamento de todas as atividades comerciais, exceto as consideradas essenciais, como hospitais, postos de gasolinas, supermercados e lojas de suprimentos para animais.<\/p>\n<p style=\"text-align: justify;\">Com a pr\u00e1tica do isolamento social v\u00e1rios ramos de neg\u00f3cios perderam muitas vendas e consequentemente com perda de arrecada\u00e7\u00e3o por parte dos governos. Algumas empresas que fazem parte da Bolsa de Valores tamb\u00e9m perderam a rentabilidade e as atividades ca\u00edram consideravelmente desde abril deste ano.<\/p>\n<p style=\"text-align: justify;\">Mas uma pequena possibilidade de normalidade nas atividades comerciais \u00e9 bem vista pelos investidores e foi suficiente para que um fechamento com eleva\u00e7\u00e3o de 4,69% &#8211; maior \u00edndice desde 6 de abril \u2013 atingindo 81.194 , n\u00edvel que n\u00e3o era alcan\u00e7ado desde 29 de abril.\u00a0 O d\u00f3lar caiu 2% fechou negociado em m\u00e9dia em R$5,72, maior queda di\u00e1ria deste m\u00eas. Pontos representa o prov\u00e1vel valor em reais das diversas carteiras de investimentos. Cada ponto equivale a um real.<\/p>\n<p style=\"text-align: justify;\">A novidade que melhorou o desempenho do mercado veio diretamente dos EUA, com a divulga\u00e7\u00e3o de um comunicado da empresa americana de Biotecnologia MODERNA, que a vacina contra o Covid19, testado em um pequeno grupo de volunt\u00e1rios saud\u00e1veis, ajudou a criar respostas imunes que podem proteger as pessoas de serem infectadas pelo novo coronav\u00edrus.<\/p>\n<p style=\"text-align: justify;\">A vacina desenvolvida pela Moderna utiliza uma t\u00e9cnica que at\u00e9 hoje n\u00e3o \u00e9 usada contra nenhuma outra doen\u00e7a no mundo. A empresa aposta na utiliza\u00e7\u00e3o do RNA mensageiro, no qual a pessoa recebe uma inje\u00e7\u00e3o com material gen\u00e9tico para que suas pr\u00f3prias c\u00e9lulas produzam as prote\u00ednas do v\u00edrus com o objetivo de que seu sistema imunol\u00f3gico crie as defesas contra o coronav\u00edrus real.\u00a0 Estes resultados pela revista cient\u00edfica\u00a0\u201cNew EnglandJournalof Medicine\u201d, o que tornou o assunto comprovado em termos de estudos cient\u00edficos<em>. Pesquisa semelhante \u00e9 realizada tamb\u00e9m pela Pfizer, que\u00a0<\/em><a href=\"https:\/\/olhardigital.com.br\/noticia\/vacina-da-pfizer-contra-covid-19-tem-resultado-promissor-em-teste-com-humanos\/102906\"><em>tamb\u00e9m anunciou resultados animadores de fase 1<\/em><\/a><em>\u00a0recentemente, bastante parecidos com o da Moderna.<\/em><\/p>\n<p style=\"text-align: justify;\">Mas \u00e9 de fato interessante o mercado se movimentar, especialmente elevando os n\u00edveis por causa dos resultados das pesquisas envolvendo o combate ao SARS-Cov2, pois enquanto este v\u00edrus n\u00e3o for definitivamente eliminado da face da terra, sempre ser\u00e1 um inimigo invis\u00edvel, \u00e0 espreita de novas v\u00edtimas. S\u00e3o as sutilezas do mercado que fazem toda a diferen\u00e7a.<\/p>\n<p style=\"text-align: justify;\">Justamente por isso, nunca se esque\u00e7a que ainda estamos no combate ao SARS-Cov 2, mantendo os cuidados de distanciamento social e higiene pessoal .Importante sempre lembrar de lavar as m\u00e3os com frequ\u00eancia, com \u00e1gua e sab\u00e3o durante 20 segundos ou higienizar com \u00e1lcool gel 70%, evitar tocar a boca, o nariz e os olhos com as m\u00e3os e cobrir a boca quando tossir ou espirrar.Saindo de casa, use sempre as m\u00e1scaras, com a devida cautela, evitando aglomera\u00e7\u00f5es. Nunca toque na m\u00e1scara e n\u00e3o \u00e9 necess\u00e1rio baixar ou tirar a m\u00e1scara para falar ao celular ou ouvir ou gravar alguma mensagem no watts. A m\u00e1scara \u00e9 a melhor prote\u00e7\u00e3o no momento.<\/p>\n<p style=\"text-align: justify;\">Juntos somos mais fortes, juntos venceremos. O Brasil ir\u00e1 vencer o v\u00edrus. O Brasil precisa de todos n\u00f3s.<\/p>\n<p style=\"text-align: justify;\">Participe enviando d\u00favidas, coment\u00e1rios ou sugest\u00f5es para<a href=\"mailto:bcrcconsultoria@gmail.com\">bcrcnews.wixsite.<\/a>com e tamb\u00e9m \u00a0no facebook, onde podereler este e outros artigos. At\u00e9 a pr\u00f3xima.<\/p>\n<p style=\"text-align: justify;\">*Formado em Direito pela UENP &#8211; Universidade Estadual de Direito do Norte Pioneiro em Jacarezinho e em Administra\u00e7\u00e3o de Empresas nas Faculdades Integradas de Ourinhos. MBA em Comunica\u00e7\u00e3o Corporativa pela Universidade Est\u00e1cio de S\u00e1(em curso) . S\u00f3cio s\u00eanior da BCRC Consultoria em Comunica\u00e7\u00e3o.<\/p>\n<p style=\"text-align: justify;\">** Revis\u00e3o e colabora\u00e7\u00e3o\u00a0 &#8211; Administrador de Empresas pela Universidade Cidade de S\u00e3o Paulo &#8211; UNICID.<\/p>\n","protected":false},"excerpt":{"rendered":"<p>AS SUTILEZAS DO MERCADO.\u00a0 \u00a0 \u00a0 \u00a0 \u00a0 \u00a0 \u00a0 \u00a0 \u00a0 \u00a0 \u00a0 \u00a0 \u00a0 \u00a0 \u00a0 \u00a0 \u00a0 \u00a0 \u00a0 \u00a0 \u00a0 \u00a0 \u00a0 \u00a0 \u00a0 \u00a0 \u00a0 \u00a0 \u00a0 \u00a0 \u00a0 \u00a0 \u00a0 \u00a0 \u00a0 \u00a0 \u00a0 \u00a0 \u00a0 \u00a0 \u00a0 \u00a0 \u00a0 \u00a0 \u00a0 \u00a0 \u00a0 \u00a0\u00a0 \u00a0*CLAUDIVAL CLEMENTE. **CLAUDIVAL MOURA [&hellip;]<\/p>\n","protected":false},"author":1,"featured_media":30888,"comment_status":"closed","ping_status":"open","sticky":false,"template":"","format":"standard","meta":{"footnotes":""},"categories":[175],"tags":[],"class_list":["post-30887","post","type-post","status-publish","format-standard","has-post-thumbnail","hentry","category-artigos"],"_links":{"self":[{"href":"https:\/\/jorgezanoni.com.br\/2019\/wp-json\/wp\/v2\/posts\/30887","targetHints":{"allow":["GET"]}}],"collection":[{"href":"https:\/\/jorgezanoni.com.br\/2019\/wp-json\/wp\/v2\/posts"}],"about":[{"href":"https:\/\/jorgezanoni.com.br\/2019\/wp-json\/wp\/v2\/types\/post"}],"author":[{"embeddable":true,"href":"https:\/\/jorgezanoni.com.br\/2019\/wp-json\/wp\/v2\/users\/1"}],"replies":[{"embeddable":true,"href":"https:\/\/jorgezanoni.com.br\/2019\/wp-json\/wp\/v2\/comments?post=30887"}],"version-history":[{"count":0,"href":"https:\/\/jorgezanoni.com.br\/2019\/wp-json\/wp\/v2\/posts\/30887\/revisions"}],"wp:featuredmedia":[{"embeddable":true,"href":"https:\/\/jorgezanoni.com.br\/2019\/wp-json\/wp\/v2\/media\/30888"}],"wp:attachment":[{"href":"https:\/\/jorgezanoni.com.br\/2019\/wp-json\/wp\/v2\/media?parent=30887"}],"wp:term":[{"taxonomy":"category","embeddable":true,"href":"https:\/\/jorgezanoni.com.br\/2019\/wp-json\/wp\/v2\/categories?post=30887"},{"taxonomy":"post_tag","embeddable":true,"href":"https:\/\/jorgezanoni.com.br\/2019\/wp-json\/wp\/v2\/tags?post=30887"}],"curies":[{"name":"wp","href":"https:\/\/api.w.org\/{rel}","templated":true}]}}