{"id":30837,"date":"2020-07-17T03:01:13","date_gmt":"2020-07-17T03:01:13","guid":{"rendered":"https:\/\/jorgezanoni.com.br\/2019\/?p=30837"},"modified":"2020-07-17T03:15:08","modified_gmt":"2020-07-17T03:15:08","slug":"banco-do-brasil-agencia-de-dracena-estara-fechado-para-atendimento-presencial-nesta-sexta-feira","status":"publish","type":"post","link":"https:\/\/jorgezanoni.com.br\/2019\/banco-do-brasil-agencia-de-dracena-estara-fechado-para-atendimento-presencial-nesta-sexta-feira\/","title":{"rendered":"Banco do Brasil ag\u00eancia de Dracena estar\u00e1 fechado para atendimento presencial nesta sexta-feira"},"content":{"rendered":"<p style=\"text-align: justify;\"><strong>Funcion\u00e1rio da \u00e1rea de seguran\u00e7a apresentou teste positivo para COVID-19 e ag\u00eancia passar\u00e1 por Higieniza\u00e7\u00e3o.<\/strong><\/p>\n<p style=\"text-align: justify;\">O Banco do Brasil ag\u00eancia de Dracena na avenida Presidente Vargas, estar\u00e1 fechado para atendimento ao p\u00fablico nesta sexta-feira (17).<\/p>\n<p style=\"text-align: justify;\">Um funcion\u00e1rio do quadro respons\u00e1vel pela seguran\u00e7a foi testado positivo para a COVID-19 e est\u00e1 se recuperando em sua resid\u00eancia. J\u00e1 todos os funcion\u00e1rios da ag\u00eancia que tiveram contato com o vigilante, fizeram teste r\u00e1pido no dia de hoje e ningu\u00e9m foi detectado com o V\u00edrus.<\/p>\n<p style=\"text-align: justify;\">O Atendimento nos Caixas Eletr\u00f4nicos permanecem normalmente.<\/p>\n<p style=\"text-align: justify;\">Refor\u00e7amos que o fechamento da ag\u00eancia \u00e9 por precau\u00e7\u00e3o e para que posso ser higienizado sem causar maiores problemas para funcion\u00e1rios e clientes.<\/p>\n<p style=\"text-align: justify;\">Jorge Zanoni<\/p>\n<p>Foto Arquivo<\/p>\n","protected":false},"excerpt":{"rendered":"<p>Funcion\u00e1rio da \u00e1rea de seguran\u00e7a apresentou teste positivo para COVID-19 e ag\u00eancia passar\u00e1 por Higieniza\u00e7\u00e3o. O Banco do Brasil ag\u00eancia de Dracena na avenida Presidente Vargas, estar\u00e1 fechado para atendimento ao p\u00fablico nesta sexta-feira (17). Um funcion\u00e1rio do quadro respons\u00e1vel pela seguran\u00e7a foi testado positivo para a COVID-19 e est\u00e1 se recuperando em sua resid\u00eancia. [&hellip;]<\/p>\n","protected":false},"author":1,"featured_media":30840,"comment_status":"closed","ping_status":"open","sticky":false,"template":"","format":"standard","meta":{"footnotes":""},"categories":[110,122],"tags":[],"class_list":["post-30837","post","type-post","status-publish","format-standard","has-post-thumbnail","hentry","category-noticiasdestaque","category-saudeeducacaoeconcurso"],"_links":{"self":[{"href":"https:\/\/jorgezanoni.com.br\/2019\/wp-json\/wp\/v2\/posts\/30837","targetHints":{"allow":["GET"]}}],"collection":[{"href":"https:\/\/jorgezanoni.com.br\/2019\/wp-json\/wp\/v2\/posts"}],"about":[{"href":"https:\/\/jorgezanoni.com.br\/2019\/wp-json\/wp\/v2\/types\/post"}],"author":[{"embeddable":true,"href":"https:\/\/jorgezanoni.com.br\/2019\/wp-json\/wp\/v2\/users\/1"}],"replies":[{"embeddable":true,"href":"https:\/\/jorgezanoni.com.br\/2019\/wp-json\/wp\/v2\/comments?post=30837"}],"version-history":[{"count":0,"href":"https:\/\/jorgezanoni.com.br\/2019\/wp-json\/wp\/v2\/posts\/30837\/revisions"}],"wp:featuredmedia":[{"embeddable":true,"href":"https:\/\/jorgezanoni.com.br\/2019\/wp-json\/wp\/v2\/media\/30840"}],"wp:attachment":[{"href":"https:\/\/jorgezanoni.com.br\/2019\/wp-json\/wp\/v2\/media?parent=30837"}],"wp:term":[{"taxonomy":"category","embeddable":true,"href":"https:\/\/jorgezanoni.com.br\/2019\/wp-json\/wp\/v2\/categories?post=30837"},{"taxonomy":"post_tag","embeddable":true,"href":"https:\/\/jorgezanoni.com.br\/2019\/wp-json\/wp\/v2\/tags?post=30837"}],"curies":[{"name":"wp","href":"https:\/\/api.w.org\/{rel}","templated":true}]}}