{"id":30828,"date":"2020-07-16T22:35:15","date_gmt":"2020-07-16T22:35:15","guid":{"rendered":"https:\/\/jorgezanoni.com.br\/2019\/?p=30828"},"modified":"2020-07-16T22:41:47","modified_gmt":"2020-07-16T22:41:47","slug":"pm-que-morreu-ao-cair-do-helicoptero-aguia-durante-treinamento-sera-velado-e-enterrado-em-paraguacu-paulista","status":"publish","type":"post","link":"https:\/\/jorgezanoni.com.br\/2019\/pm-que-morreu-ao-cair-do-helicoptero-aguia-durante-treinamento-sera-velado-e-enterrado-em-paraguacu-paulista\/","title":{"rendered":"PM que morreu ao cair do Helic\u00f3ptero \u00c1guia durante treinamento ser\u00e1 velado e enterrado em Paragua\u00e7u Paulista"},"content":{"rendered":"<h2 class=\"content-head__subtitle\" style=\"text-align: justify;\"><strong>Corpo do cabo da PM de 43 anos ser\u00e1 velado no centro de conven\u00e7\u00f5es da cidade; enterro est\u00e1 previsto para esta sexta-feira (17). Acidente aconteceu em \u00c1lvares Machado durante um treinamento.<\/strong><\/h2>\n<div class=\"mc-column content-text active-extra-styles \" data-block-type=\"unstyled\" data-block-weight=\"23\" data-block-id=\"2\">\n<p class=\"content-text__container \" style=\"text-align: justify;\" data-track-category=\"Link no Texto\" data-track-links=\"\">O corpo do cabo da PM Alexandre Lu\u00eds Batista, de 43 anos, ser\u00e1 velado e enterrado em Paragua\u00e7u Paulista (SP), onde morava.<\/p>\n<\/div>\n<div class=\"wall protected-content\">\n<div class=\"mc-column content-text active-extra-styles \" style=\"text-align: justify;\" data-block-type=\"unstyled\" data-block-weight=\"36\" data-block-id=\"3\">\n<p class=\"content-text__container \" data-track-category=\"Link no Texto\" data-track-links=\"\">O\u00a0<a href=\"https:\/\/g1.globo.com\/sp\/presidente-prudente-regiao\/noticia\/2020\/07\/16\/policial-militar-cai-do-helicoptero-aguia-durante-treinamento-em-presidente-prudente.ghtml\">policial militar, que trabalhava havia 20 anos na corpora\u00e7\u00e3o, morreu nesta quinta-feira (16) ap\u00f3s cair do Helic\u00f3ptero \u00c1guia da PM durante um treinamento<\/a>\u00a0que era realizado em \u00c1lvares Machado (SP), na regi\u00e3o de Presidente Prudente.<\/p>\n<\/div>\n<div class=\"mc-column content-text active-extra-styles \" style=\"text-align: justify;\" data-block-type=\"unstyled\" data-block-weight=\"36\" data-block-id=\"4\">\n<p class=\"content-text__container \" data-track-category=\"Link no Texto\" data-track-links=\"\">Segundo a PM, o vel\u00f3rio ser\u00e1 realizado no Centro de Conven\u00e7\u00f5es M\u00e1rio Covas, no bairro Jardim Panambi de Paragua\u00e7u Paulista. O hor\u00e1rio ainda ser\u00e1 definido pelos familiares e depender\u00e1 dos tr\u00e2mites de libera\u00e7\u00e3o do corpo.<\/p>\n<\/div>\n<div class=\"mc-column content-text active-extra-styles \" style=\"text-align: justify;\" data-block-type=\"unstyled\" data-block-weight=\"14\" data-block-id=\"5\">\n<p class=\"content-text__container \" data-track-category=\"Link no Texto\" data-track-links=\"\">O enterro ser\u00e1 nesta sexta-feira (17), no Cemit\u00e9rio da Paz, tamb\u00e9m em Paragua\u00e7u Paulista.<\/p>\n<\/div>\n<div class=\"row medium-uncollapsed content-media content-photo\" style=\"text-align: justify;\" data-block-type=\"backstage-photo\" data-block-id=\"6\">\n<div class=\"mc-column content-media__container\">\n<figure><img decoding=\"async\" class=\"i-amphtml-fill-content i-amphtml-replaced-content\" src=\"https:\/\/s2.glbimg.com\/BMxQX6aeb_b2P0LF3sxF04dyudg=\/0x0:1280x960\/984x0\/smart\/filters:strip_icc()\/i.s3.glbimg.com\/v1\/AUTH_59edd422c0c84a879bd37670ae4f538a\/internal_photos\/bs\/2020\/Y\/e\/yJLzlXRySIPiXCgJbyWw\/whatsapp-image-2020-07-16-at-11.38.50.jpeg\" sizes=\"(max-width: 1242px) 648px, 100vw\" srcset=\"https:\/\/s2.glbimg.com\/epW6Sg-OhDiwrO2u7L5JsUNYOdc=\/0x0:1280x960\/1000x0\/smart\/filters:strip_icc()\/i.s3.glbimg.com\/v1\/AUTH_59edd422c0c84a879bd37670ae4f538a\/internal_photos\/bs\/2020\/Y\/e\/yJLzlXRySIPiXCgJbyWw\/whatsapp-image-2020-07-16-at-11.38.50.jpeg 1000w, https:\/\/s2.glbimg.com\/BMxQX6aeb_b2P0LF3sxF04dyudg=\/0x0:1280x960\/984x0\/smart\/filters:strip_icc()\/i.s3.glbimg.com\/v1\/AUTH_59edd422c0c84a879bd37670ae4f538a\/internal_photos\/bs\/2020\/Y\/e\/yJLzlXRySIPiXCgJbyWw\/whatsapp-image-2020-07-16-at-11.38.50.jpeg 984w, https:\/\/s2.glbimg.com\/AW3KXaGLEV0TzYeV-2UbTfvyqy8=\/0x0:1280x960\/640x0\/smart\/filters:strip_icc()\/i.s3.glbimg.com\/v1\/AUTH_59edd422c0c84a879bd37670ae4f538a\/internal_photos\/bs\/2020\/Y\/e\/yJLzlXRySIPiXCgJbyWw\/whatsapp-image-2020-07-16-at-11.38.50.jpeg 640w, https:\/\/s2.glbimg.com\/DbLYR2SbnaktxBPxoCO6HaRbPvc=\/0x0:1280x960\/600x0\/smart\/filters:strip_icc()\/i.s3.glbimg.com\/v1\/AUTH_59edd422c0c84a879bd37670ae4f538a\/internal_photos\/bs\/2020\/Y\/e\/yJLzlXRySIPiXCgJbyWw\/whatsapp-image-2020-07-16-at-11.38.50.jpeg 600w\" alt=\"Acidente aconteceu em um aer\u00f3dromo particular em \u00c1lvares Machado durante um treinamento \u2014 Foto: Aline Costa\/G1\" \/><\/figure>\n<p class=\"content-media__description \">Acidente aconteceu em um aer\u00f3dromo particular em \u00c1lvares Machado durante um treinamento \u2014 Foto: Aline Costa\/G1<\/p>\n<\/div>\n<\/div>\n<div class=\"mc-column content-text active-extra-styles\" style=\"text-align: justify;\" data-block-type=\"raw\" data-block-weight=\"1\" data-block-id=\"8\">\n<div class=\"content-intertitle\">\n<h2>Acidente<\/h2>\n<\/div>\n<\/div>\n<div class=\"mc-column content-text active-extra-styles \" style=\"text-align: justify;\" data-block-type=\"unstyled\" data-block-weight=\"46\" data-block-id=\"9\">\n<p class=\"content-text__container \" data-track-category=\"Link no Texto\" data-track-links=\"\">O cabo Alexandre morreu ap\u00f3s cair do Helic\u00f3ptero \u00c1guia durante um treinamento realizado em um aer\u00f3dromo particular, em \u00c1lvares Machado. Segundo a PM informou ao\u00a0<strong>G1<\/strong>, a queda foi de uma altura de oito a dez metros, e aconteceu por motivos ainda a serem esclarecidos.<\/p>\n<\/div>\n<div class=\"mc-column content-text active-extra-styles \" style=\"text-align: justify;\" data-block-type=\"unstyled\" data-block-weight=\"23\" data-block-id=\"10\">\n<p class=\"content-text__container \" data-track-category=\"Link no Texto\" data-track-links=\"\">O policial foi socorrido em estado grav\u00edssimo e levado para o Hospital Regional de Presidente Prudente, onde morreu no fim da manh\u00e3.<\/p>\n<\/div>\n<div class=\"mc-column content-text active-extra-styles \" style=\"text-align: justify;\" data-block-type=\"unstyled\" data-block-weight=\"47\" data-block-id=\"11\">\n<p class=\"content-text__container \" data-track-category=\"Link no Texto\" data-track-links=\"\">De acordo com a PM, o treinamento era uma atividade conjunta do Comando de Avia\u00e7\u00e3o e a For\u00e7a T\u00e1tica do 32\u00ba BPM\/I, de Assis. O policial estava na aeronave \u00c1guia 8, da Base de Avia\u00e7\u00e3o de Presidente Prudente, e a queda aconteceu por volta das 10h30.<\/p>\n<\/div>\n<div class=\"mc-column content-text active-extra-styles \" style=\"text-align: justify;\" data-block-type=\"unstyled\" data-block-weight=\"19\" data-block-id=\"12\">\n<p class=\"content-text__container \" data-track-category=\"Link no Texto\" data-track-links=\"\">O policial atuava na For\u00e7a T\u00e1tica do 32\u00ba Batalh\u00e3o de Pol\u00edcia Militar do Interior, de Assis. Ele era solteiro.<\/p>\n<\/div>\n<div class=\"mc-column content-text active-extra-styles \" style=\"text-align: justify;\" data-block-type=\"unstyled\" data-block-weight=\"34\" data-block-id=\"13\">\n<p class=\"content-text__container \" data-track-category=\"Link no Texto\" data-track-links=\"\">O Hospital Regional informou que o paciente deu entrada no pronto-socorro da unidade e recebeu todos os cuidados da equipe m\u00e9dica e multiprofissional. Por\u00e9m, segundo o hospital, o \u00f3bito foi confirmado \u00e0s 11h40.<\/p>\n<\/div>\n<div class=\"mc-column content-text active-extra-styles \" data-block-type=\"unstyled\" data-block-weight=\"11\" data-block-id=\"14\">\n<p class=\"content-text__container \" style=\"text-align: justify;\" data-track-category=\"Link no Texto\" data-track-links=\"\">A Pol\u00edcia Militar vai instaurar uma sindic\u00e2ncia para apurar o acidente.<\/p>\n<p data-track-category=\"Link no Texto\" data-track-links=\"\">Fonte: G1<\/p>\n<p data-track-category=\"Link no Texto\" data-track-links=\"\"><strong>NOTA DO CPI-8<\/strong><\/p>\n<p><strong>Nota de falecimento<\/strong><\/p>\n<p style=\"text-align: justify;\">\u00c9 com extremo pesar que o Comando de Policiamento do Interior -8 comunica o falecimento do Cb Alexandre Luis Batista, de 43 anos. O policial atuava na For\u00e7a T\u00e1tica do 32\u00ba Batalh\u00e3o de Pol\u00edcia Militar do Interior e estava h\u00e1 20 anos na Institui\u00e7\u00e3o.<br \/>\nO policial caiu da aeronave \u00c1guia 8, da Base de Avia\u00e7\u00e3o de Presidente Prudente, na manh\u00e3 nesta quinta-feira (16), por volta das 10h30, durante treinamento conjunto do Comando de Avia\u00e7\u00e3o e a For\u00e7a T\u00e1tica do 32\u00ba BPM\/I. O treinamento era realizado no Aer\u00f3dromo Est\u00e2ncia Machado em \u00c1lvares Machado. O policial ap\u00f3s a queda foi socorrido em estado grave para o Hospital Regional de Presidente Prudente, por\u00e9m n\u00e3o resistiu aos ferimentos e faleceu.<br \/>\nTodas as provid\u00eancias para esclarecer o caso est\u00e3o sendo adotadas pela Pol\u00edcia Militar, bem como pelo \u00f3rg\u00e3o aeron\u00e1utico respons\u00e1vel.<br \/>\nO vel\u00f3rio ser\u00e1 realizado no Centro de Converg\u00eancias Mario Covas, em Paragua\u00e7u Paulista, Rua Jo\u00e3o Mustafa, n\u00ba 306, Jd Panambi, Paragua\u00e7u Paulista\/SP, em hor\u00e1rio a ser definido pelos familiares.<\/p>\n<p style=\"text-align: justify;\">Pol\u00edcia Militar, a For\u00e7a P\u00fablica de S\u00e3o Paulo!<br \/>\nCOMUNICA\u00c7\u00c3O SOCIAL CPI-8<\/p>\n<p>O Site JZ se solidariza com toda a Familia de Policiais, especialmente integrantes do CPI-8 por t\u00e3o grande perda.<\/p>\n<p>Jorge Zanoni<\/p>\n<\/div>\n<\/div>\n","protected":false},"excerpt":{"rendered":"<p>Corpo do cabo da PM de 43 anos ser\u00e1 velado no centro de conven\u00e7\u00f5es da cidade; enterro est\u00e1 previsto para esta sexta-feira (17). Acidente aconteceu em \u00c1lvares Machado durante um treinamento. O corpo do cabo da PM Alexandre Lu\u00eds Batista, de 43 anos, ser\u00e1 velado e enterrado em Paragua\u00e7u Paulista (SP), onde morava. O\u00a0policial militar, [&hellip;]<\/p>\n","protected":false},"author":1,"featured_media":30829,"comment_status":"closed","ping_status":"open","sticky":false,"template":"","format":"standard","meta":{"footnotes":""},"categories":[110,2],"tags":[],"class_list":["post-30828","post","type-post","status-publish","format-standard","has-post-thumbnail","hentry","category-noticiasdestaque","category-policial"],"_links":{"self":[{"href":"https:\/\/jorgezanoni.com.br\/2019\/wp-json\/wp\/v2\/posts\/30828","targetHints":{"allow":["GET"]}}],"collection":[{"href":"https:\/\/jorgezanoni.com.br\/2019\/wp-json\/wp\/v2\/posts"}],"about":[{"href":"https:\/\/jorgezanoni.com.br\/2019\/wp-json\/wp\/v2\/types\/post"}],"author":[{"embeddable":true,"href":"https:\/\/jorgezanoni.com.br\/2019\/wp-json\/wp\/v2\/users\/1"}],"replies":[{"embeddable":true,"href":"https:\/\/jorgezanoni.com.br\/2019\/wp-json\/wp\/v2\/comments?post=30828"}],"version-history":[{"count":0,"href":"https:\/\/jorgezanoni.com.br\/2019\/wp-json\/wp\/v2\/posts\/30828\/revisions"}],"wp:featuredmedia":[{"embeddable":true,"href":"https:\/\/jorgezanoni.com.br\/2019\/wp-json\/wp\/v2\/media\/30829"}],"wp:attachment":[{"href":"https:\/\/jorgezanoni.com.br\/2019\/wp-json\/wp\/v2\/media?parent=30828"}],"wp:term":[{"taxonomy":"category","embeddable":true,"href":"https:\/\/jorgezanoni.com.br\/2019\/wp-json\/wp\/v2\/categories?post=30828"},{"taxonomy":"post_tag","embeddable":true,"href":"https:\/\/jorgezanoni.com.br\/2019\/wp-json\/wp\/v2\/tags?post=30828"}],"curies":[{"name":"wp","href":"https:\/\/api.w.org\/{rel}","templated":true}]}}