{"id":30825,"date":"2020-07-16T21:45:54","date_gmt":"2020-07-16T21:45:54","guid":{"rendered":"https:\/\/jorgezanoni.com.br\/2019\/?p=30825"},"modified":"2020-07-16T21:45:54","modified_gmt":"2020-07-16T21:45:54","slug":"estado-de-sp-completa-50-dias-com-media-movel-superior-a-200-mortes-diarias-por-covid-19-total-de-casos-passa-de-400-mil","status":"publish","type":"post","link":"https:\/\/jorgezanoni.com.br\/2019\/estado-de-sp-completa-50-dias-com-media-movel-superior-a-200-mortes-diarias-por-covid-19-total-de-casos-passa-de-400-mil\/","title":{"rendered":"Estado de SP completa 50 dias com m\u00e9dia m\u00f3vel superior a 200 mortes di\u00e1rias por Covid-19; total de casos passa de 400 mil"},"content":{"rendered":"<h2 class=\"content-head__subtitle\" style=\"text-align: justify;\"><strong>M\u00e9dia calculada pela soma de novas mortes registradas em 7 dias n\u00e3o fica abaixo da marca de 200 desde 28 de maio. Nesta quinta-feira (16), foram 398 novas mortes e 8,8 mil novos casos confirmados, segundo governo estadual.<\/strong><\/h2>\n<div class=\"mc-column content-text active-extra-styles \" style=\"text-align: justify;\" data-block-type=\"unstyled\" data-block-weight=\"63\" data-block-id=\"2\">\n<p class=\"content-text__container \" data-track-category=\"Link no Texto\" data-track-links=\"\">O estado de<a href=\"https:\/\/g1.globo.com\/sp\/sao-paulo\/\">\u00a0S\u00e3o Paulo\u00a0<\/a>atingiu nesta quinta-feira (16) a marca de 50 dias com m\u00e9dia m\u00f3vel superior a\u00a0<strong>200 mortes por Covid-19 por dia<\/strong>. A m\u00e9dia m\u00f3vel avalia o n\u00famero dos \u00faltimos 7 dias e \u00e9 um indicador usado para analisar a tend\u00eancia da epidemia corrigindo o atraso nas novas confirma\u00e7\u00f5es de casos e mortes que ocorre nos fins de semana.<\/p>\n<\/div>\n<div class=\"wall protected-content\">\n<div class=\"mc-column content-text active-extra-styles \" style=\"text-align: justify;\" data-block-type=\"unstyled\" data-block-weight=\"74\" data-block-id=\"3\">\n<p class=\"content-text__container \" data-track-category=\"Link no Texto\" data-track-links=\"\">O\u00a0<strong>total de mortes no estado chegou a 19.038\u00a0<\/strong>nesta quinta, com\u00a0<strong>398 novas mortes<\/strong>\u00a0confirmadas em 24h. J\u00e1 o n\u00famero de casos confirmados da doen\u00e7a chegou a mais de 400 mil em SP: s\u00e3o\u00a0<strong>402.048 confirma\u00e7\u00f5es de Covid-19\u00a0<\/strong>desde o in\u00edcio da pandemia, 8.872 registradas nas \u00faltimas 24h. O governo projeta que, at\u00e9 o final de julho,\u00a0<strong>de 2 mil a 7 mil novas mortes devem ser confirmadas\u00a0<\/strong>no estado de SP.<\/p>\n<\/div>\n<div class=\"mc-column content-text active-extra-styles \" style=\"text-align: justify;\" data-block-type=\"unstyled\" data-block-weight=\"12\" data-block-id=\"4\">\n<p class=\"content-text__container \" data-track-category=\"Link no Texto\" data-track-links=\"\"><strong>Veja os novos registros no estado de SP nas \u00faltimas 24 horas:<\/strong><\/p>\n<\/div>\n<div class=\"mc-column content-text active-extra-styles\" style=\"text-align: justify;\" data-block-type=\"raw\" data-block-weight=\"5\" data-block-id=\"5\">\n<ul class=\"content-unordered-list\">\n<li>398 mortes<\/li>\n<li>8.872 casos confirmados<\/li>\n<\/ul>\n<\/div>\n<div class=\"mc-column content-text active-extra-styles \" style=\"text-align: justify;\" data-block-type=\"unstyled\" data-block-weight=\"12\" data-block-id=\"6\">\n<p class=\"content-text__container \" data-track-category=\"Link no Texto\" data-track-links=\"\"><strong>Veja o total no estado de SP desde o in\u00edcio da pandemia:<\/strong><\/p>\n<\/div>\n<div class=\"mc-column content-text active-extra-styles\" data-block-type=\"raw\" data-block-weight=\"5\" data-block-id=\"7\">\n<ul class=\"content-unordered-list\" style=\"text-align: justify;\">\n<li>19.038 mortes<\/li>\n<li>402.048 casos confirmados<\/li>\n<\/ul>\n<p style=\"text-align: justify;\">Fonte: https:\/\/g1.globo.com\/sp\/sao-paulo\/noticia\/2020\/07\/16\/estado-de-sp-completa-50-dias-com-media-movel-superior-a-200-mortes-diarias-por-covid-19-total-de-casos-passa-de-400-mil.ghtml<\/p>\n<\/div>\n<\/div>\n","protected":false},"excerpt":{"rendered":"<p>M\u00e9dia calculada pela soma de novas mortes registradas em 7 dias n\u00e3o fica abaixo da marca de 200 desde 28 de maio. Nesta quinta-feira (16), foram 398 novas mortes e 8,8 mil novos casos confirmados, segundo governo estadual. O estado de\u00a0S\u00e3o Paulo\u00a0atingiu nesta quinta-feira (16) a marca de 50 dias com m\u00e9dia m\u00f3vel superior a\u00a0200 [&hellip;]<\/p>\n","protected":false},"author":1,"featured_media":30826,"comment_status":"closed","ping_status":"open","sticky":false,"template":"","format":"standard","meta":{"footnotes":""},"categories":[110,122],"tags":[],"class_list":["post-30825","post","type-post","status-publish","format-standard","has-post-thumbnail","hentry","category-noticiasdestaque","category-saudeeducacaoeconcurso"],"_links":{"self":[{"href":"https:\/\/jorgezanoni.com.br\/2019\/wp-json\/wp\/v2\/posts\/30825","targetHints":{"allow":["GET"]}}],"collection":[{"href":"https:\/\/jorgezanoni.com.br\/2019\/wp-json\/wp\/v2\/posts"}],"about":[{"href":"https:\/\/jorgezanoni.com.br\/2019\/wp-json\/wp\/v2\/types\/post"}],"author":[{"embeddable":true,"href":"https:\/\/jorgezanoni.com.br\/2019\/wp-json\/wp\/v2\/users\/1"}],"replies":[{"embeddable":true,"href":"https:\/\/jorgezanoni.com.br\/2019\/wp-json\/wp\/v2\/comments?post=30825"}],"version-history":[{"count":0,"href":"https:\/\/jorgezanoni.com.br\/2019\/wp-json\/wp\/v2\/posts\/30825\/revisions"}],"wp:featuredmedia":[{"embeddable":true,"href":"https:\/\/jorgezanoni.com.br\/2019\/wp-json\/wp\/v2\/media\/30826"}],"wp:attachment":[{"href":"https:\/\/jorgezanoni.com.br\/2019\/wp-json\/wp\/v2\/media?parent=30825"}],"wp:term":[{"taxonomy":"category","embeddable":true,"href":"https:\/\/jorgezanoni.com.br\/2019\/wp-json\/wp\/v2\/categories?post=30825"},{"taxonomy":"post_tag","embeddable":true,"href":"https:\/\/jorgezanoni.com.br\/2019\/wp-json\/wp\/v2\/tags?post=30825"}],"curies":[{"name":"wp","href":"https:\/\/api.w.org\/{rel}","templated":true}]}}