{"id":30807,"date":"2020-07-16T15:38:23","date_gmt":"2020-07-16T15:38:23","guid":{"rendered":"https:\/\/jorgezanoni.com.br\/2019\/?p=30807"},"modified":"2020-07-16T15:38:23","modified_gmt":"2020-07-16T15:38:23","slug":"unifadra-fundec-dracena-fara-vestibular-agendado-para-cursos-noturnos","status":"publish","type":"post","link":"https:\/\/jorgezanoni.com.br\/2019\/unifadra-fundec-dracena-fara-vestibular-agendado-para-cursos-noturnos\/","title":{"rendered":"Unifadra\/Fundec Dracena far\u00e1 vestibular agendado para cursos noturnos"},"content":{"rendered":"<p dir=\"ltr\" style=\"text-align: justify;\">Em raz\u00e3o da pandemia, a institui\u00e7\u00e3o realizar\u00e1 o processo seletivo com agendamentos de provas individuais.<\/p>\n<p>Devido \u00e0s incertezas causadas pela pandemia e para resguardar a sa\u00fade dos candidatos e de seus familiares, a faculdade Unifadra\/Fundec de Dracena realizar\u00e1 o Vestibular de Inverno dos cursos noturnos por meio de provas individuais agendadas ou utilizando a nota do ENEM.<\/p>\n<p dir=\"ltr\" style=\"text-align: justify;\">Os candidatos que j\u00e1 fizeram suas inscri\u00e7\u00f5es pelo sistema ser\u00e3o agendados pela Secretaria Geral da Fundec para realizar as provas em dias e hor\u00e1rios que permitam que fa\u00e7am as provas sozinhos, evitando assim aglomera\u00e7\u00f5es. Os candidatos que optarem por utilizar a o ENEM (Programa Proinf) ter\u00e3o sua classifica\u00e7\u00e3o de acordo com a nota do Exame Nacional.<\/p>\n<p>As inscri\u00e7\u00f5es para este processo seletivo v\u00e3o at\u00e9 o dia 28 de agosto. Os candidatos poder\u00e3o agendar suas provas diretamente no site da Fundec ou por telefone na Secretaria Geral. Todas as informa\u00e7\u00f5es e inscri\u00e7\u00f5es est\u00e3o dispon\u00edveis no edital pelo link: <a href=\"https:\/\/fundec.edu.br\/vestibularagendado\" target=\"_blank\" rel=\"noopener noreferrer\">https:\/\/fundec.edu.br\/vestibularagendado<\/a> .<br \/>\nMais informa\u00e7\u00f5es: <a href=\"mailto:secretaria@fundec.edu.br\" rel=\"noreferrer\">secretaria@fundec.edu.br<\/a> ou (18) 3821-9009 (atendimento das 8h \u00e0s 11h).<span id=\"gmail-docs-internal-guid-fff37a10-7fff-410a-35b3-4f7e81e78d5b\"><\/span><\/p>\n<div class=\"gmail_signature\" dir=\"ltr\">\n<div dir=\"ltr\" style=\"text-align: justify;\">Carolina Colnago<br \/>\nAssistente de Comunica\u00e7\u00e3o<br \/>\nFunda\u00e7\u00e3o Dracenense de Educa\u00e7\u00e3o e Cultura<\/div>\n<\/div>\n","protected":false},"excerpt":{"rendered":"<p>Em raz\u00e3o da pandemia, a institui\u00e7\u00e3o realizar\u00e1 o processo seletivo com agendamentos de provas individuais. Devido \u00e0s incertezas causadas pela pandemia e para resguardar a sa\u00fade dos candidatos e de seus familiares, a faculdade Unifadra\/Fundec de Dracena realizar\u00e1 o Vestibular de Inverno dos cursos noturnos por meio de provas individuais agendadas ou utilizando a nota [&hellip;]<\/p>\n","protected":false},"author":1,"featured_media":30808,"comment_status":"closed","ping_status":"open","sticky":false,"template":"","format":"standard","meta":{"footnotes":""},"categories":[122],"tags":[],"class_list":["post-30807","post","type-post","status-publish","format-standard","has-post-thumbnail","hentry","category-saudeeducacaoeconcurso"],"_links":{"self":[{"href":"https:\/\/jorgezanoni.com.br\/2019\/wp-json\/wp\/v2\/posts\/30807","targetHints":{"allow":["GET"]}}],"collection":[{"href":"https:\/\/jorgezanoni.com.br\/2019\/wp-json\/wp\/v2\/posts"}],"about":[{"href":"https:\/\/jorgezanoni.com.br\/2019\/wp-json\/wp\/v2\/types\/post"}],"author":[{"embeddable":true,"href":"https:\/\/jorgezanoni.com.br\/2019\/wp-json\/wp\/v2\/users\/1"}],"replies":[{"embeddable":true,"href":"https:\/\/jorgezanoni.com.br\/2019\/wp-json\/wp\/v2\/comments?post=30807"}],"version-history":[{"count":0,"href":"https:\/\/jorgezanoni.com.br\/2019\/wp-json\/wp\/v2\/posts\/30807\/revisions"}],"wp:featuredmedia":[{"embeddable":true,"href":"https:\/\/jorgezanoni.com.br\/2019\/wp-json\/wp\/v2\/media\/30808"}],"wp:attachment":[{"href":"https:\/\/jorgezanoni.com.br\/2019\/wp-json\/wp\/v2\/media?parent=30807"}],"wp:term":[{"taxonomy":"category","embeddable":true,"href":"https:\/\/jorgezanoni.com.br\/2019\/wp-json\/wp\/v2\/categories?post=30807"},{"taxonomy":"post_tag","embeddable":true,"href":"https:\/\/jorgezanoni.com.br\/2019\/wp-json\/wp\/v2\/tags?post=30807"}],"curies":[{"name":"wp","href":"https:\/\/api.w.org\/{rel}","templated":true}]}}