{"id":30803,"date":"2020-07-16T15:26:51","date_gmt":"2020-07-16T15:26:51","guid":{"rendered":"https:\/\/jorgezanoni.com.br\/2019\/?p=30803"},"modified":"2020-07-16T15:26:51","modified_gmt":"2020-07-16T15:26:51","slug":"policial-militar-morre-apos-cair-do-helicoptero-aguia-durante-treinamento-em-alvares-machado","status":"publish","type":"post","link":"https:\/\/jorgezanoni.com.br\/2019\/policial-militar-morre-apos-cair-do-helicoptero-aguia-durante-treinamento-em-alvares-machado\/","title":{"rendered":"Policial militar morre ap\u00f3s cair do Helic\u00f3ptero \u00c1guia durante treinamento em \u00c1lvares Machado"},"content":{"rendered":"<h2 class=\"content-head__subtitle\" style=\"text-align: justify;\"><strong>Cabo da For\u00e7a T\u00e1tica do 32\u00ba BPM\/I, por motivos a serem apurados, se desequilibrou da aeronave.<\/strong><\/h2>\n<p><img loading=\"lazy\" decoding=\"async\" class=\"alignnone size-full wp-image-30804\" src=\"https:\/\/jorgezanoni.com.br\/2019\/wp-content\/uploads\/2020\/07\/cabo.jpeg\" alt=\"\" width=\"640\" height=\"480\" srcset=\"https:\/\/jorgezanoni.com.br\/2019\/wp-content\/uploads\/2020\/07\/cabo.jpeg 640w, https:\/\/jorgezanoni.com.br\/2019\/wp-content\/uploads\/2020\/07\/cabo-300x225.jpeg 300w, https:\/\/jorgezanoni.com.br\/2019\/wp-content\/uploads\/2020\/07\/cabo-80x60.jpeg 80w, https:\/\/jorgezanoni.com.br\/2019\/wp-content\/uploads\/2020\/07\/cabo-265x198.jpeg 265w, https:\/\/jorgezanoni.com.br\/2019\/wp-content\/uploads\/2020\/07\/cabo-560x420.jpeg 560w\" sizes=\"auto, (max-width: 640px) 100vw, 640px\" \/><\/p>\n<div class=\"mc-column content-text active-extra-styles \" data-block-type=\"unstyled\" data-block-weight=\"63\" data-block-id=\"2\">\n<p class=\"content-text__container \" style=\"text-align: justify;\" data-track-category=\"Link no Texto\" data-track-links=\"\">Um policial militar morreu ap\u00f3s cair do Helic\u00f3ptero \u00c1guia durante um treinamento realizado em um aer\u00f3dromo particular, em\u00a0<a href=\"http:\/\/g1.globo.com\/sp\/presidente-prudente-regiao\/cidade\/alvares-machado.html\">\u00c1lvares Machado (SP)<\/a>, no interior do Estado, na manh\u00e3 desta quinta-feira (16). O cabo, de 43 anos, foi socorrido e levado para o Hospital Regional (HR), em Presidente Prudente (SP), em estado considerado grav\u00edssimo, conforme informou a corpora\u00e7\u00e3o ao\u00a0<strong>G1<\/strong>, mas n\u00e3o resistiu aos ferimentos.<\/p>\n<\/div>\n<div class=\"wall protected-content\">\n<div class=\"mc-column content-text active-extra-styles \" style=\"text-align: justify;\" data-block-type=\"unstyled\" data-block-weight=\"35\" data-block-id=\"3\">\n<p class=\"content-text__container \" data-track-category=\"Link no Texto\" data-track-links=\"\">O Hospital Regional informou que o paciente deu entrada no pronto-socorro da unidade e recebeu todos os cuidados da equipe m\u00e9dica e multiprofissional. Por\u00e9m, segundo a unidade de sa\u00fade, o \u00f3bito foi confirmado \u00e0s 11h40.<\/p>\n<\/div>\n<div class=\"mc-column content-text active-extra-styles \" style=\"text-align: justify;\" data-block-type=\"unstyled\" data-block-weight=\"5\" data-block-id=\"4\">\n<p class=\"content-text__container \" data-track-category=\"Link no Texto\" data-track-links=\"\">A ocorr\u00eancia est\u00e1 em andamento.<\/p>\n<\/div>\n<div class=\"mc-column content-text active-extra-styles \" style=\"text-align: justify;\" data-block-type=\"unstyled\" data-block-weight=\"54\" data-block-id=\"5\">\n<p class=\"content-text__container \" data-track-category=\"Link no Texto\" data-track-links=\"\">De acordo com a corpora\u00e7\u00e3o ao\u00a0<strong>G1<\/strong>, era realizado um treinamento conjunto entre a For\u00e7a T\u00e1tica do 32\u00ba Batalh\u00e3o da Pol\u00edcia Militar do Interior (BPM\/I), de Assis (SP), e o Grupamento A\u00e9reo na regi\u00e3o pr\u00f3xima ao Condom\u00ednio Val\u00eancia 1, quando, por raz\u00f5es a serem esclarecidas, um PM se desequilibrou e caiu da aeronave.<\/p>\n<\/div>\n<div class=\"mc-column content-text active-extra-styles \" style=\"text-align: justify;\" data-block-type=\"unstyled\" data-block-weight=\"31\" data-block-id=\"6\">\n<p class=\"content-text__container \" data-track-category=\"Link no Texto\" data-track-links=\"\">O homem, que \u00e9 cabo da PM e integra a For\u00e7a T\u00e1tica de Assis, caiu de cerca de oito a dez metros de altura, ainda conforme informou a PM ao\u00a0<strong>G1<\/strong>.<\/p>\n<\/div>\n<div class=\"mc-column content-text active-extra-styles \" style=\"text-align: justify;\" data-block-type=\"unstyled\" data-block-weight=\"12\" data-block-id=\"7\">\n<p class=\"content-text__container \" data-track-category=\"Link no Texto\" data-track-links=\"\">Conforme o Corpo de Bombeiros, o acidente foi por volta das 10h40.<\/p>\n<\/div>\n<div class=\"mc-column content-text active-extra-styles \" style=\"text-align: justify;\" data-block-type=\"unstyled\" data-block-weight=\"11\" data-block-id=\"9\">\n<p class=\"content-text__container \" data-track-category=\"Link no Texto\" data-track-links=\"\">A Pol\u00edcia Militar vai instaurar uma sindic\u00e2ncia para apurar o ocorrido.<\/p>\n<\/div>\n<div class=\"mc-column content-text active-extra-styles \" style=\"text-align: justify;\" data-block-type=\"unstyled\" data-block-weight=\"24\" data-block-id=\"10\">\n<p class=\"content-text__container \" data-track-category=\"Link no Texto\" data-track-links=\"\">A reportagem do\u00a0<strong>G1\u00a0<\/strong>compareceu ao local do acidente, mas a \u00e1rea foi isolada pela Pol\u00edcia Militar, que n\u00e3o permitiu o acesso de jornalistas.<\/p>\n<\/div>\n<div class=\"mc-column content-text active-extra-styles\" style=\"text-align: justify;\" data-block-type=\"raw\" data-block-weight=\"2\" data-block-id=\"11\">\n<div class=\"content-intertitle\">\n<h2>Posicionamento oficial<\/h2>\n<\/div>\n<\/div>\n<div class=\"mc-column content-text active-extra-styles \" style=\"text-align: justify;\" data-block-type=\"unstyled\" data-block-weight=\"16\" data-block-id=\"12\">\n<p class=\"content-text__container \" data-track-category=\"Link no Texto\" data-track-links=\"\">A Pol\u00edcia Militar enviou ao\u00a0<strong>G1\u00a0<\/strong>uma nota oficial com o seguinte posicionamento sobre o assunto:<\/p>\n<\/div>\n<div class=\"mc-column content-text active-extra-styles \" style=\"text-align: justify;\" data-block-type=\"unstyled\" data-block-weight=\"87\" data-block-id=\"13\">\n<p class=\"content-text__container \" data-track-category=\"Link no Texto\" data-track-links=\"\"><em>&#8220;A Pol\u00edcia Militar esclarece que nesta quinta-feira, 16, por volta das 10h30 um Cabo da Pol\u00edcia Militar caiu de um helic\u00f3ptero \u00c1guia do Comando de Avia\u00e7\u00e3o, da Base de Presidente Prudente, durante um treinamento conjunto entre o Comando de Avia\u00e7\u00e3o e policiais da For\u00e7a T\u00e1tica do 32\u00ba Batalh\u00e3o de Pol\u00edcia Militar do Interior. O acidente aconteceu na cidade de Alvares Machado. O policial caiu de uma altura de cerca de oito a dez metros. Ele foi socorrido em estado grave para o Hospital Regional de Presidente Prudente.<\/em><\/p>\n<\/div>\n<div class=\"mc-column content-text active-extra-styles \" style=\"text-align: justify;\" data-block-type=\"unstyled\" data-block-weight=\"21\" data-block-id=\"14\">\n<p class=\"content-text__container \" data-track-category=\"Link no Texto\" data-track-links=\"\"><em>Todas as provid\u00eancias para apurar o caso est\u00e3o sendo adotadas pela Pol\u00edcia Militar, bem como as investiga\u00e7\u00f5es aeron\u00e1uticas pelo \u00f3rg\u00e3o respons\u00e1vel.&#8221;<\/em><\/p>\n<\/div>\n<div class=\"row medium-uncollapsed content-media content-photo\" style=\"text-align: justify;\" data-block-type=\"backstage-photo\" data-block-id=\"15\">\n<div class=\"mc-column content-media__container\">\n<figure><img decoding=\"async\" class=\"i-amphtml-fill-content i-amphtml-replaced-content\" src=\"https:\/\/s2.glbimg.com\/yi3ex9DXN7MYJt5WTrLV5iw5jgI=\/0x0:1280x960\/984x0\/smart\/filters:strip_icc()\/i.s3.glbimg.com\/v1\/AUTH_59edd422c0c84a879bd37670ae4f538a\/internal_photos\/bs\/2020\/d\/I\/1ptDgwSXeMrkBo0hOotA\/whatsapp-image-2020-07-16-at-11.42.10.jpeg\" sizes=\"(max-width: 1242px) 648px, 100vw\" srcset=\"https:\/\/s2.glbimg.com\/VdCN8UrKgIQ4og94Odh-Tk07LsE=\/0x0:1280x960\/1000x0\/smart\/filters:strip_icc()\/i.s3.glbimg.com\/v1\/AUTH_59edd422c0c84a879bd37670ae4f538a\/internal_photos\/bs\/2020\/d\/I\/1ptDgwSXeMrkBo0hOotA\/whatsapp-image-2020-07-16-at-11.42.10.jpeg 1000w, https:\/\/s2.glbimg.com\/yi3ex9DXN7MYJt5WTrLV5iw5jgI=\/0x0:1280x960\/984x0\/smart\/filters:strip_icc()\/i.s3.glbimg.com\/v1\/AUTH_59edd422c0c84a879bd37670ae4f538a\/internal_photos\/bs\/2020\/d\/I\/1ptDgwSXeMrkBo0hOotA\/whatsapp-image-2020-07-16-at-11.42.10.jpeg 984w, https:\/\/s2.glbimg.com\/eBSJlZI3iEXWKUFol9J17YBw53E=\/0x0:1280x960\/640x0\/smart\/filters:strip_icc()\/i.s3.glbimg.com\/v1\/AUTH_59edd422c0c84a879bd37670ae4f538a\/internal_photos\/bs\/2020\/d\/I\/1ptDgwSXeMrkBo0hOotA\/whatsapp-image-2020-07-16-at-11.42.10.jpeg 640w, https:\/\/s2.glbimg.com\/oTIgjGI_paZ6RUpWlnE4fQDoaIw=\/0x0:1280x960\/600x0\/smart\/filters:strip_icc()\/i.s3.glbimg.com\/v1\/AUTH_59edd422c0c84a879bd37670ae4f538a\/internal_photos\/bs\/2020\/d\/I\/1ptDgwSXeMrkBo0hOotA\/whatsapp-image-2020-07-16-at-11.42.10.jpeg 600w\" alt=\"Local onde ocorreu a queda foi isolado pela PM \u2014 Foto: Aline Costa\/G1\" \/><\/figure>\n<p class=\"content-media__description \">Local onde ocorreu a queda foi isolado pela PM \u2014 Foto: Aline Costa\/G1<\/p>\n<\/div>\n<\/div>\n<div class=\"row medium-uncollapsed content-media content-photo\" style=\"text-align: justify;\" data-block-type=\"backstage-photo\" data-block-id=\"16\">\n<div class=\"mc-column content-media__container\">\n<figure><img decoding=\"async\" class=\"i-amphtml-fill-content i-amphtml-replaced-content\" src=\"https:\/\/s2.glbimg.com\/Kz-Nq_Ki9z8FRkSfePzva9Kmysg=\/0x0:1280x960\/984x0\/smart\/filters:strip_icc()\/i.s3.glbimg.com\/v1\/AUTH_59edd422c0c84a879bd37670ae4f538a\/internal_photos\/bs\/2020\/N\/I\/Rt79xlTey4zVWSSakmCA\/whatsapp-image-2020-07-16-at-11.52.02.jpeg\" sizes=\"(max-width: 1242px) 648px, 100vw\" srcset=\"https:\/\/s2.glbimg.com\/fw-nrinL21snkyIxu57SfsMYhG0=\/0x0:1280x960\/1000x0\/smart\/filters:strip_icc()\/i.s3.glbimg.com\/v1\/AUTH_59edd422c0c84a879bd37670ae4f538a\/internal_photos\/bs\/2020\/N\/I\/Rt79xlTey4zVWSSakmCA\/whatsapp-image-2020-07-16-at-11.52.02.jpeg 1000w, https:\/\/s2.glbimg.com\/Kz-Nq_Ki9z8FRkSfePzva9Kmysg=\/0x0:1280x960\/984x0\/smart\/filters:strip_icc()\/i.s3.glbimg.com\/v1\/AUTH_59edd422c0c84a879bd37670ae4f538a\/internal_photos\/bs\/2020\/N\/I\/Rt79xlTey4zVWSSakmCA\/whatsapp-image-2020-07-16-at-11.52.02.jpeg 984w, https:\/\/s2.glbimg.com\/PMGdCPV44RPrm48RTiPehy_KKbg=\/0x0:1280x960\/640x0\/smart\/filters:strip_icc()\/i.s3.glbimg.com\/v1\/AUTH_59edd422c0c84a879bd37670ae4f538a\/internal_photos\/bs\/2020\/N\/I\/Rt79xlTey4zVWSSakmCA\/whatsapp-image-2020-07-16-at-11.52.02.jpeg 640w, https:\/\/s2.glbimg.com\/t0vWl9ia_MizVo2VV5n6ogKxOCg=\/0x0:1280x960\/600x0\/smart\/filters:strip_icc()\/i.s3.glbimg.com\/v1\/AUTH_59edd422c0c84a879bd37670ae4f538a\/internal_photos\/bs\/2020\/N\/I\/Rt79xlTey4zVWSSakmCA\/whatsapp-image-2020-07-16-at-11.52.02.jpeg 600w\" alt=\"Local onde ocorreu a queda foi isolado pela PM \u2014 Foto: Aline Costa\/G1\" \/><\/figure>\n<p class=\"content-media__description \">Local onde ocorreu a queda foi isolado pela PM \u2014 Foto: Aline Costa\/G1<\/p>\n<\/div>\n<\/div>\n<div class=\"content-ads content-ads--reveal\" style=\"text-align: justify;\" data-block-type=\"ads\" data-block-id=\"17\">\n<div id=\"banner_materia__9cb28b9b-0472-45ec-acac-7dcc3fd00766\" class=\"tag-manager-publicidade-container mc-has-reveal mc-has-ad-lazyload tag-manager-publicidade-banner_materia__9cb28b9b-0472-45ec-acac-7dcc3fd00766 tag-manager-publicidade-container--carregado tag-manager-publicidade-container--visivel\" data-id=\"banner_materia__9cb28b9b-0472-45ec-acac-7dcc3fd00766\" data-google-query-id=\"CMLfxJGK0uoCFZcIuQYdsUgLFw\" data-cid=\"138316696922\" data-lid=\"5419770455\">\n<div id=\"google_ads_iframe_\/95377733\/tvg_G1\/Sua_Regiao&gt;Sudeste&gt;Sao_Paulo_(Pres_Prudente)_3__container__\" style=\"box-sizing: inherit; margin: auto; padding: 0px; border: 0pt none; font: inherit; vertical-align: baseline; width: 970px; max-width: 100%; text-align: center;\"><img decoding=\"async\" class=\"i-amphtml-fill-content i-amphtml-replaced-content\" src=\"https:\/\/s2.glbimg.com\/TPkIujvyX1B_NrH7YcrcYOiZnLw=\/0x0:1032x774\/984x0\/smart\/filters:strip_icc()\/i.s3.glbimg.com\/v1\/AUTH_59edd422c0c84a879bd37670ae4f538a\/internal_photos\/bs\/2020\/v\/U\/Z26rYvRHiL88x6tqwVpQ\/whatsapp-image-2020-06-12-at-14.09.57-1-.jpeg\" sizes=\"(max-width: 1242px) 648px, 100vw\" srcset=\"https:\/\/s2.glbimg.com\/wLkETFUwHBFKiW08aRM9ZXKqkes=\/0x0:1032x774\/1000x0\/smart\/filters:strip_icc()\/i.s3.glbimg.com\/v1\/AUTH_59edd422c0c84a879bd37670ae4f538a\/internal_photos\/bs\/2020\/v\/U\/Z26rYvRHiL88x6tqwVpQ\/whatsapp-image-2020-06-12-at-14.09.57-1-.jpeg 1000w, https:\/\/s2.glbimg.com\/TPkIujvyX1B_NrH7YcrcYOiZnLw=\/0x0:1032x774\/984x0\/smart\/filters:strip_icc()\/i.s3.glbimg.com\/v1\/AUTH_59edd422c0c84a879bd37670ae4f538a\/internal_photos\/bs\/2020\/v\/U\/Z26rYvRHiL88x6tqwVpQ\/whatsapp-image-2020-06-12-at-14.09.57-1-.jpeg 984w, https:\/\/s2.glbimg.com\/u2SOYQl8lLBnRClDM6mGKj2z-BU=\/0x0:1032x774\/640x0\/smart\/filters:strip_icc()\/i.s3.glbimg.com\/v1\/AUTH_59edd422c0c84a879bd37670ae4f538a\/internal_photos\/bs\/2020\/v\/U\/Z26rYvRHiL88x6tqwVpQ\/whatsapp-image-2020-06-12-at-14.09.57-1-.jpeg 640w, https:\/\/s2.glbimg.com\/F5YTYvbEGRHmDS-Xou8yL5jZbhY=\/0x0:1032x774\/600x0\/smart\/filters:strip_icc()\/i.s3.glbimg.com\/v1\/AUTH_59edd422c0c84a879bd37670ae4f538a\/internal_photos\/bs\/2020\/v\/U\/Z26rYvRHiL88x6tqwVpQ\/whatsapp-image-2020-06-12-at-14.09.57-1-.jpeg 600w\" alt=\"Helic\u00f3ptero \u00c1guia durante um atendimento a ocorr\u00eancia em junho de 2020 em Presidente Prudente \u2014 Foto: Pol\u00edcia Militar\" \/><\/div>\n<\/div>\n<\/div>\n<div class=\"row medium-uncollapsed content-media content-photo\" data-block-type=\"backstage-photo\" data-block-id=\"18\">\n<div class=\"mc-column content-media__container\">\n<p class=\"content-media__description \" style=\"text-align: justify;\">Helic\u00f3ptero \u00c1guia durante um atendimento a ocorr\u00eancia em junho de 2020 em Presidente Prudente \u2014 Foto: Pol\u00edcia Militar<\/p>\n<\/div>\n<\/div>\n<div data-track-category=\"multicontent\" data-track-action=\"ultimo chunk conteudo\" data-track-noninteraction=\"false\" data-track-scroll=\"view\">\n<div class=\"mc-column content-text active-extra-styles \" data-block-type=\"unstyled\" data-block-weight=\"9\" data-block-id=\"19\">\n<p class=\"content-text__container \" data-track-category=\"Link no Texto\" data-track-links=\"\"><em>Fonte: G1<\/em><\/p>\n<\/div>\n<\/div>\n<\/div>\n","protected":false},"excerpt":{"rendered":"<p>Cabo da For\u00e7a T\u00e1tica do 32\u00ba BPM\/I, por motivos a serem apurados, se desequilibrou da aeronave. Um policial militar morreu ap\u00f3s cair do Helic\u00f3ptero \u00c1guia durante um treinamento realizado em um aer\u00f3dromo particular, em\u00a0\u00c1lvares Machado (SP), no interior do Estado, na manh\u00e3 desta quinta-feira (16). O cabo, de 43 anos, foi socorrido e levado para [&hellip;]<\/p>\n","protected":false},"author":1,"featured_media":30805,"comment_status":"closed","ping_status":"open","sticky":false,"template":"","format":"standard","meta":{"footnotes":""},"categories":[170,110],"tags":[],"class_list":["post-30803","post","type-post","status-publish","format-standard","has-post-thumbnail","hentry","category-acidentes","category-noticiasdestaque"],"_links":{"self":[{"href":"https:\/\/jorgezanoni.com.br\/2019\/wp-json\/wp\/v2\/posts\/30803","targetHints":{"allow":["GET"]}}],"collection":[{"href":"https:\/\/jorgezanoni.com.br\/2019\/wp-json\/wp\/v2\/posts"}],"about":[{"href":"https:\/\/jorgezanoni.com.br\/2019\/wp-json\/wp\/v2\/types\/post"}],"author":[{"embeddable":true,"href":"https:\/\/jorgezanoni.com.br\/2019\/wp-json\/wp\/v2\/users\/1"}],"replies":[{"embeddable":true,"href":"https:\/\/jorgezanoni.com.br\/2019\/wp-json\/wp\/v2\/comments?post=30803"}],"version-history":[{"count":0,"href":"https:\/\/jorgezanoni.com.br\/2019\/wp-json\/wp\/v2\/posts\/30803\/revisions"}],"wp:featuredmedia":[{"embeddable":true,"href":"https:\/\/jorgezanoni.com.br\/2019\/wp-json\/wp\/v2\/media\/30805"}],"wp:attachment":[{"href":"https:\/\/jorgezanoni.com.br\/2019\/wp-json\/wp\/v2\/media?parent=30803"}],"wp:term":[{"taxonomy":"category","embeddable":true,"href":"https:\/\/jorgezanoni.com.br\/2019\/wp-json\/wp\/v2\/categories?post=30803"},{"taxonomy":"post_tag","embeddable":true,"href":"https:\/\/jorgezanoni.com.br\/2019\/wp-json\/wp\/v2\/tags?post=30803"}],"curies":[{"name":"wp","href":"https:\/\/api.w.org\/{rel}","templated":true}]}}