{"id":30800,"date":"2020-07-16T15:13:16","date_gmt":"2020-07-16T15:13:16","guid":{"rendered":"https:\/\/jorgezanoni.com.br\/2019\/?p=30800"},"modified":"2020-07-16T15:13:16","modified_gmt":"2020-07-16T15:13:16","slug":"vestibular-de-inverno-de-medicina-da-unifadra-fundec-dracena-utilizara-a-nota-do-enem","status":"publish","type":"post","link":"https:\/\/jorgezanoni.com.br\/2019\/vestibular-de-inverno-de-medicina-da-unifadra-fundec-dracena-utilizara-a-nota-do-enem\/","title":{"rendered":"Vestibular de Inverno de Medicina da Unifadra\/Fundec Dracena utilizar\u00e1 a nota do ENEM"},"content":{"rendered":"<p dir=\"ltr\" style=\"text-align: justify;\">Para que os candidatos evitem a locomo\u00e7\u00e3o de suas cidades para virem fazer as provas do vestibular, a institui\u00e7\u00e3o realizar\u00e1 o processo seletivo usando a nota do ENEM como classifica\u00e7\u00e3o.<\/p>\n<p>Devido \u00e0s incertezas causadas pela pandemia e para evitar a locomo\u00e7\u00e3o dos candidatos e de seus familiares, a faculdade Unifadra\/Fundec de Dracena realizar\u00e1 o processo seletivo usando exclusivamente as notas do ENEM para ingresso no curso de Medicina. As inscri\u00e7\u00f5es continuam pelo site da Vunesp (<a href=\"http:\/\/www.vunesp.com.br\/\" target=\"_blank\" rel=\"noopener noreferrer\">www.vunesp.com.br<\/a>)<\/p>\n<p dir=\"ltr\" style=\"text-align: justify;\">Os candidatos que j\u00e1 fizeram suas inscri\u00e7\u00f5es pelo sistema de prova presencial ser\u00e3o automaticamente migrados para o processo seletivo com a nota do ENEM. O candidato que decidir n\u00e3o participar desse novo processo seletivo poder\u00e1 solicitar a restitui\u00e7\u00e3o dos valores pagos.<\/p>\n<p>As inscri\u00e7\u00f5es para este processo seletivo v\u00e3o at\u00e9 o dia 31 de agosto. Os candidatos poder\u00e3o utilizar a nota de provas do ENEM a partir do ano de 2016. Todas as informa\u00e7\u00f5es e inscri\u00e7\u00f5es est\u00e3o dispon\u00edveis no edital pelo link: <a href=\"https:\/\/www.vunesp.com.br\/FDEC1903\" target=\"_blank\" rel=\"noopener noreferrer\">https:\/\/www.vunesp.com.br\/FDEC1903<\/a> .<br \/>\nMais informa\u00e7\u00f5es: <a href=\"mailto:secretaria@fundec.edu.br\" rel=\"noreferrer\">secretaria@fundec.edu.br<\/a> ou (18) 3821-9009 (atendimento das 8h \u00e0s 11h).<span id=\"gmail-docs-internal-guid-20070fdf-7fff-746b-57cb-37063d5d41c2\"><\/span><\/p>\n<div class=\"gmail_signature\" dir=\"ltr\">\n<div dir=\"ltr\" style=\"text-align: justify;\">Carolina Colnago<br \/>\nAssistente de Comunica\u00e7\u00e3o<br \/>\nFunda\u00e7\u00e3o Dracenense de Educa\u00e7\u00e3o e Cultura<\/div>\n<\/div>\n","protected":false},"excerpt":{"rendered":"<p>Para que os candidatos evitem a locomo\u00e7\u00e3o de suas cidades para virem fazer as provas do vestibular, a institui\u00e7\u00e3o realizar\u00e1 o processo seletivo usando a nota do ENEM como classifica\u00e7\u00e3o. Devido \u00e0s incertezas causadas pela pandemia e para evitar a locomo\u00e7\u00e3o dos candidatos e de seus familiares, a faculdade Unifadra\/Fundec de Dracena realizar\u00e1 o processo [&hellip;]<\/p>\n","protected":false},"author":1,"featured_media":30801,"comment_status":"closed","ping_status":"open","sticky":false,"template":"","format":"standard","meta":{"footnotes":""},"categories":[110,122],"tags":[],"class_list":["post-30800","post","type-post","status-publish","format-standard","has-post-thumbnail","hentry","category-noticiasdestaque","category-saudeeducacaoeconcurso"],"_links":{"self":[{"href":"https:\/\/jorgezanoni.com.br\/2019\/wp-json\/wp\/v2\/posts\/30800","targetHints":{"allow":["GET"]}}],"collection":[{"href":"https:\/\/jorgezanoni.com.br\/2019\/wp-json\/wp\/v2\/posts"}],"about":[{"href":"https:\/\/jorgezanoni.com.br\/2019\/wp-json\/wp\/v2\/types\/post"}],"author":[{"embeddable":true,"href":"https:\/\/jorgezanoni.com.br\/2019\/wp-json\/wp\/v2\/users\/1"}],"replies":[{"embeddable":true,"href":"https:\/\/jorgezanoni.com.br\/2019\/wp-json\/wp\/v2\/comments?post=30800"}],"version-history":[{"count":0,"href":"https:\/\/jorgezanoni.com.br\/2019\/wp-json\/wp\/v2\/posts\/30800\/revisions"}],"wp:featuredmedia":[{"embeddable":true,"href":"https:\/\/jorgezanoni.com.br\/2019\/wp-json\/wp\/v2\/media\/30801"}],"wp:attachment":[{"href":"https:\/\/jorgezanoni.com.br\/2019\/wp-json\/wp\/v2\/media?parent=30800"}],"wp:term":[{"taxonomy":"category","embeddable":true,"href":"https:\/\/jorgezanoni.com.br\/2019\/wp-json\/wp\/v2\/categories?post=30800"},{"taxonomy":"post_tag","embeddable":true,"href":"https:\/\/jorgezanoni.com.br\/2019\/wp-json\/wp\/v2\/tags?post=30800"}],"curies":[{"name":"wp","href":"https:\/\/api.w.org\/{rel}","templated":true}]}}