{"id":3079,"date":"2019-08-06T16:37:35","date_gmt":"2019-08-06T16:37:35","guid":{"rendered":"https:\/\/jorgezanoni.com.br\/2019\/?p=3079"},"modified":"2019-08-06T16:37:35","modified_gmt":"2019-08-06T16:37:35","slug":"apos-desferir-tiro-em-mulher-policial-civil-aposentado-e-contido-tambem-com-tiros-por-pms-em-desocupacao-de-residencia-e-morre","status":"publish","type":"post","link":"https:\/\/jorgezanoni.com.br\/2019\/apos-desferir-tiro-em-mulher-policial-civil-aposentado-e-contido-tambem-com-tiros-por-pms-em-desocupacao-de-residencia-e-morre\/","title":{"rendered":"Ap\u00f3s desferir tiro em mulher, Policial civil aposentado \u00e9 contido tamb\u00e9m com tiros por PMs em desocupa\u00e7\u00e3o de resid\u00eancia e morre"},"content":{"rendered":"<h2 style=\"text-align: justify;\">Univado Buzati de 72 anos, recebeu um dos disparos na art\u00e9ria femural, sofreu hemorragia e n\u00e3o resistiu. Uma mulher e um policial militar tamb\u00e9m ficaram feridos.<\/h2>\n<p><img loading=\"lazy\" decoding=\"async\" class=\"alignnone size-full wp-image-3080\" src=\"https:\/\/jorgezanoni.com.br\/2019\/wp-content\/uploads\/2019\/08\/IMG_7319.jpg\" alt=\"\" width=\"900\" height=\"599\" srcset=\"https:\/\/jorgezanoni.com.br\/2019\/wp-content\/uploads\/2019\/08\/IMG_7319.jpg 900w, https:\/\/jorgezanoni.com.br\/2019\/wp-content\/uploads\/2019\/08\/IMG_7319-300x200.jpg 300w, https:\/\/jorgezanoni.com.br\/2019\/wp-content\/uploads\/2019\/08\/IMG_7319-768x511.jpg 768w, https:\/\/jorgezanoni.com.br\/2019\/wp-content\/uploads\/2019\/08\/IMG_7319-696x463.jpg 696w, https:\/\/jorgezanoni.com.br\/2019\/wp-content\/uploads\/2019\/08\/IMG_7319-631x420.jpg 631w\" sizes=\"auto, (max-width: 900px) 100vw, 900px\" \/><\/p>\n<h2 class=\"content-head__subtitle\" style=\"text-align: justify;\"><span style=\"font-family: Verdana, Geneva, sans-serif; font-size: 15px; color: #222222;\">Na manh\u00e3 desta te\u00e7a-feira (6), aconteceu uma troca de tiros que deixou uma pessoa morta e duas feridas em Dracena. Um dos baleados \u00e9 o Policial Civil aposentado Univaldo Buzati de 72 anos, que n\u00e3o resistiu e morreu; uma mulher, de 48 anos, levou um tiro na cabe\u00e7a pr\u00f3ximo ao olho e ap\u00f3s ser atendida no Pronto Atendimento Municipal de Dracena, foi removida para o Hospital Regional de Presidente Prudente. Segundo informa\u00e7\u00f5es o estado dela \u00e9 considerado grave, por\u00e9m est\u00e1vel, n\u00e3o correndo risco de morte. Um policial militar que participava da ocorr\u00eancia e disparou em defesa da arrematante durante o tiroteio, ap\u00f3s ter ca\u00eddo no asfalto, e sofrido escoria\u00e7\u00f5es nas m\u00e3os e nos joelhos, tamb\u00e9m foi socorrido, por\u00e9m n\u00e3o foi atingido por tiros, e passa bem. <\/span><\/h2>\n<p><img loading=\"lazy\" decoding=\"async\" class=\"alignnone size-full wp-image-3082\" src=\"https:\/\/jorgezanoni.com.br\/2019\/wp-content\/uploads\/2019\/08\/IMG_7322-1.jpg\" alt=\"\" width=\"900\" height=\"675\" srcset=\"https:\/\/jorgezanoni.com.br\/2019\/wp-content\/uploads\/2019\/08\/IMG_7322-1.jpg 900w, https:\/\/jorgezanoni.com.br\/2019\/wp-content\/uploads\/2019\/08\/IMG_7322-1-300x225.jpg 300w, https:\/\/jorgezanoni.com.br\/2019\/wp-content\/uploads\/2019\/08\/IMG_7322-1-768x576.jpg 768w, https:\/\/jorgezanoni.com.br\/2019\/wp-content\/uploads\/2019\/08\/IMG_7322-1-80x60.jpg 80w, https:\/\/jorgezanoni.com.br\/2019\/wp-content\/uploads\/2019\/08\/IMG_7322-1-265x198.jpg 265w, https:\/\/jorgezanoni.com.br\/2019\/wp-content\/uploads\/2019\/08\/IMG_7322-1-696x522.jpg 696w, https:\/\/jorgezanoni.com.br\/2019\/wp-content\/uploads\/2019\/08\/IMG_7322-1-560x420.jpg 560w\" sizes=\"auto, (max-width: 900px) 100vw, 900px\" \/><\/p>\n<div class=\"wall protected-content\">\n<div class=\"mc-column content-text active-extra-styles \" style=\"text-align: justify;\" data-block-type=\"unstyled\" data-block-weight=\"48\" data-block-id=\"3\">\n<p class=\"content-text__container \" data-track-category=\"Link no Texto\" data-track-links=\"\">Conforme as informa\u00e7\u00f5es <strong>\u00a0<\/strong>passadas pelo Comandante do 25\u00ba BPM\/I Ten Cel Fontolan \u00e0 reportagem do Site JZ, o fato ocorreu durante o processo de posse de propriedade, realizada pelo Poder Judici\u00e1rio, para qual foi solicitado o apoio da Pol\u00edcia Militar.<\/p>\n<p data-track-category=\"Link no Texto\" data-track-links=\"\"><img loading=\"lazy\" decoding=\"async\" class=\"alignnone size-full wp-image-3083\" src=\"https:\/\/jorgezanoni.com.br\/2019\/wp-content\/uploads\/2019\/08\/IMG_7323.jpg\" alt=\"\" width=\"900\" height=\"675\" srcset=\"https:\/\/jorgezanoni.com.br\/2019\/wp-content\/uploads\/2019\/08\/IMG_7323.jpg 900w, https:\/\/jorgezanoni.com.br\/2019\/wp-content\/uploads\/2019\/08\/IMG_7323-300x225.jpg 300w, https:\/\/jorgezanoni.com.br\/2019\/wp-content\/uploads\/2019\/08\/IMG_7323-768x576.jpg 768w, https:\/\/jorgezanoni.com.br\/2019\/wp-content\/uploads\/2019\/08\/IMG_7323-80x60.jpg 80w, https:\/\/jorgezanoni.com.br\/2019\/wp-content\/uploads\/2019\/08\/IMG_7323-265x198.jpg 265w, https:\/\/jorgezanoni.com.br\/2019\/wp-content\/uploads\/2019\/08\/IMG_7323-696x522.jpg 696w, https:\/\/jorgezanoni.com.br\/2019\/wp-content\/uploads\/2019\/08\/IMG_7323-560x420.jpg 560w\" sizes=\"auto, (max-width: 900px) 100vw, 900px\" \/><\/p>\n<\/div>\n<div class=\"mc-column content-text active-extra-styles \" style=\"text-align: justify;\" data-block-type=\"unstyled\" data-block-weight=\"34\" data-block-id=\"4\">\n<p class=\"content-text__container \" data-track-category=\"Link no Texto\" data-track-links=\"\">No local, durante as tratativas entre as partes e o oficial de Justi\u00e7a, o propriet\u00e1rio (policial civil aposentado) disparou com um rev\u00f3lver de calibre 38 contra a arrematante, que foi atingida na cabe\u00e7a pr\u00f3ximo ao olho esquerdo.<\/p>\n<p data-track-category=\"Link no Texto\" data-track-links=\"\"><img loading=\"lazy\" decoding=\"async\" class=\"alignnone size-full wp-image-3084\" src=\"https:\/\/jorgezanoni.com.br\/2019\/wp-content\/uploads\/2019\/08\/IMG_7325.jpg\" alt=\"\" width=\"900\" height=\"675\" srcset=\"https:\/\/jorgezanoni.com.br\/2019\/wp-content\/uploads\/2019\/08\/IMG_7325.jpg 900w, https:\/\/jorgezanoni.com.br\/2019\/wp-content\/uploads\/2019\/08\/IMG_7325-300x225.jpg 300w, https:\/\/jorgezanoni.com.br\/2019\/wp-content\/uploads\/2019\/08\/IMG_7325-768x576.jpg 768w, https:\/\/jorgezanoni.com.br\/2019\/wp-content\/uploads\/2019\/08\/IMG_7325-80x60.jpg 80w, https:\/\/jorgezanoni.com.br\/2019\/wp-content\/uploads\/2019\/08\/IMG_7325-265x198.jpg 265w, https:\/\/jorgezanoni.com.br\/2019\/wp-content\/uploads\/2019\/08\/IMG_7325-696x522.jpg 696w, https:\/\/jorgezanoni.com.br\/2019\/wp-content\/uploads\/2019\/08\/IMG_7325-560x420.jpg 560w\" sizes=\"auto, (max-width: 900px) 100vw, 900px\" \/><\/p>\n<\/div>\n<div class=\"mc-column content-text active-extra-styles \" style=\"text-align: justify;\" data-block-type=\"unstyled\" data-block-weight=\"27\" data-block-id=\"6\">\n<p class=\"content-text__container \" data-track-category=\"Link no Texto\" data-track-links=\"\">Diante da situa\u00e7\u00e3o, houve interven\u00e7\u00e3o da Pol\u00edcia Militar, que apoiava o Poder Judici\u00e1rio, e o agressor foi alvejado, ainda conforme informou ao Site JZ<strong>\u00a0<\/strong>o tenente-coronel Fontolan. O homem foi atingido por dois disparos na perna, sendo que um deles acertou a art\u00e9ria femural.<\/p>\n<p data-track-category=\"Link no Texto\" data-track-links=\"\"><img loading=\"lazy\" decoding=\"async\" class=\"alignnone size-full wp-image-3085\" src=\"https:\/\/jorgezanoni.com.br\/2019\/wp-content\/uploads\/2019\/08\/IMG_7336.jpg\" alt=\"\" width=\"900\" height=\"675\" srcset=\"https:\/\/jorgezanoni.com.br\/2019\/wp-content\/uploads\/2019\/08\/IMG_7336.jpg 900w, https:\/\/jorgezanoni.com.br\/2019\/wp-content\/uploads\/2019\/08\/IMG_7336-300x225.jpg 300w, https:\/\/jorgezanoni.com.br\/2019\/wp-content\/uploads\/2019\/08\/IMG_7336-768x576.jpg 768w, https:\/\/jorgezanoni.com.br\/2019\/wp-content\/uploads\/2019\/08\/IMG_7336-80x60.jpg 80w, https:\/\/jorgezanoni.com.br\/2019\/wp-content\/uploads\/2019\/08\/IMG_7336-265x198.jpg 265w, https:\/\/jorgezanoni.com.br\/2019\/wp-content\/uploads\/2019\/08\/IMG_7336-696x522.jpg 696w, https:\/\/jorgezanoni.com.br\/2019\/wp-content\/uploads\/2019\/08\/IMG_7336-560x420.jpg 560w\" sizes=\"auto, (max-width: 900px) 100vw, 900px\" \/><\/p>\n<\/div>\n<div class=\"mc-column content-text active-extra-styles \" data-block-type=\"unstyled\" data-block-weight=\"17\" data-block-id=\"7\">\n<div class=\"mc-column content-text active-extra-styles \" style=\"text-align: justify;\" data-block-type=\"unstyled\" data-block-weight=\"29\" data-block-id=\"10\">\n<p class=\"content-text__container \" data-track-category=\"Link no Texto\" data-track-links=\"\">Toda a ocorr\u00eancia ser\u00e1 apresentada na Pol\u00edcia Civil de Dracena. Paralelamente ser\u00e3o adotadas as provid\u00eancias da Pol\u00edcia Judici\u00e1ria Militar, na forma estabelecida para esses casos&#8221;, disse ao Site JZ<strong>\u00a0<\/strong>o comandante.<\/p>\n<\/div>\n<div class=\"mc-column content-text active-extra-styles\" style=\"text-align: justify;\" data-block-type=\"raw\" data-block-weight=\"2\" data-block-id=\"11\">\n<div class=\"content-intertitle\">\n<h2>NOTA DA POL\u00cdCIA CIVIL<\/h2>\n<\/div>\n<\/div>\n<div class=\"mc-column content-text active-extra-styles \" style=\"text-align: justify;\" data-block-type=\"unstyled\" data-block-weight=\"42\" data-block-id=\"12\">\n<p class=\"content-text__container \" data-track-category=\"Link no Texto\" data-track-links=\"\">Em nota \u00e0 imprensa, a Pol\u00edcia Civil, por meio do delegado F\u00e9res Cury Karam, da Delegacia Seccional de Dracena, confirmou o \u201ctriste acontecimento\u201d envolvendo o investigador de pol\u00edcia aposentado Univaldo Buzati, de 72 anos, casado, residente em Dracena, onde tamb\u00e9m atuou como policial civil.<\/p>\n<\/div>\n<div class=\"mc-column content-text active-extra-styles \" style=\"text-align: justify;\" data-block-type=\"unstyled\" data-block-weight=\"41\" data-block-id=\"13\">\n<p class=\"content-text__container \" data-track-category=\"Link no Texto\" data-track-links=\"\">\u201cO policial civil, ao que consta, por quest\u00f5es trabalhistas nas quais se envolveu h\u00e1 alguns anos, deveria deixar os im\u00f3veis que ocupava na Rua S\u00e3o Paulo, nesta cidade [Dracena], eis que foram arrematados em hasta p\u00fablica\u201d, explicou a pol\u00edcia, em nota.<\/p>\n<\/div>\n<div class=\"mc-column content-text active-extra-styles \" style=\"text-align: justify;\" data-block-type=\"unstyled\" data-block-weight=\"24\" data-block-id=\"14\">\n<p class=\"content-text__container \" data-track-category=\"Link no Texto\" data-track-links=\"\">Nesta ter\u00e7a-feira (6), compareceram aos im\u00f3veis a arrematante acompanhada de um oficial de Justi\u00e7a e dois policiais militares para o cumprimento da ordem judicial.<\/p>\n<\/div>\n<div class=\"mc-column content-text active-extra-styles \" style=\"text-align: justify;\" data-block-type=\"unstyled\" data-block-weight=\"37\" data-block-id=\"15\">\n<p class=\"content-text__container \" data-track-category=\"Link no Texto\" data-track-links=\"\">O investigador de pol\u00edcia aposentado foi at\u00e9 o local onde estava a nova propriet\u00e1ria dos im\u00f3veis, sacou a arma e disparou, atingindo-a na cabe\u00e7a, &#8220;por\u00e9m n\u00e3o de forma letal&#8221;. &#8220;A v\u00edtima conseguiu abrigar-se de novos disparos&#8221;, colocou.<\/p>\n<\/div>\n<div class=\"mc-column content-text active-extra-styles \" style=\"text-align: justify;\" data-block-type=\"unstyled\" data-block-weight=\"37\" data-block-id=\"16\">\n<p class=\"content-text__container \" data-track-category=\"Link no Texto\" data-track-links=\"\">\u201cOs policiais militares que acompanhavam o caso procuraram repelir a inesperada agress\u00e3o e um deles disparou dois tiros contra o policial civil aposentado, atingindo-o na regi\u00e3o das coxas. Socorrido, o policial faleceu tendo por causa preliminar hemorragia\u201d.<\/p>\n<\/div>\n<div class=\"mc-column content-text active-extra-styles \" style=\"text-align: justify;\" data-block-type=\"unstyled\" data-block-weight=\"41\" data-block-id=\"17\">\n<p class=\"content-text__container \" data-track-category=\"Link no Texto\" data-track-links=\"\">A Pol\u00edcia Civil compareceu ao local, para o registro da ocorr\u00eancia, cujas naturezas s\u00e3o: \u201cMorte por interven\u00e7\u00e3o policial, Homic\u00eddio doloso consumado, Leg\u00edtima defesa e Homic\u00eddio doloso tentado\u201d. Um inqu\u00e9rito policial para a total elucida\u00e7\u00e3o dos fatos ocorridos tamb\u00e9m deve ser instaurado.<\/p>\n<\/div>\n<div class=\"mc-column content-text active-extra-styles \" style=\"text-align: justify;\" data-block-type=\"unstyled\" data-block-weight=\"33\" data-block-id=\"18\">\n<p class=\"content-text__container \" data-track-category=\"Link no Texto\" data-track-links=\"\">A Pol\u00edcia T\u00e9cnico Cientifica compareceu ao local para os devidos levantamentos, bem como exames residuogr\u00e1ficos nos atiradores. Tamb\u00e9m foi acionado o Instituto M\u00e9dico Legal (IML) para o devido exame necrosc\u00f3pico da v\u00edtima fatal.<\/p>\n<\/div>\n<div data-track-category=\"multicontent\" data-track-action=\"ultimo chunk conteudo\" data-track-noninteraction=\"false\" data-track-scroll=\"view\">\n<div class=\"mc-column content-text active-extra-styles \" data-block-type=\"unstyled\" data-block-weight=\"34\" data-block-id=\"20\">\n<p class=\"content-text__container \" style=\"text-align: justify;\" data-track-category=\"Link no Texto\" data-track-links=\"\">\u201cA Pol\u00edcia Civil lamenta o ocorrido, apresentando seus respeitos aos familiares e demais envolvidos, e segue em sua miss\u00e3o de apurar a verdade real dos fatos, informando com presteza e esclarecendo-os\u201d, finalizou a nota.<\/p>\n<p data-track-category=\"Link no Texto\" data-track-links=\"\"><img loading=\"lazy\" decoding=\"async\" class=\"alignnone size-full wp-image-3086\" src=\"https:\/\/jorgezanoni.com.br\/2019\/wp-content\/uploads\/2019\/08\/Univalo-Buzati.jpg\" alt=\"\" width=\"187\" height=\"249\" \/><\/p>\n<p style=\"text-align: justify;\" data-track-category=\"Link no Texto\" data-track-links=\"\">UNIVALDO BUZATI era policial civil aposentado e foi vereador pelo PTB entre 1997 e 2000 (12\u00aa Legislatura). Recebeu 326 votos na elei\u00e7\u00e3o de 1996. Buzati foi carcereiro (a partir de 1978) e investigador (desde 1981). Trabalhou em Campinas a partir de 2002 e alcan\u00e7ou a aposentadoria em 2003. Trabalhou muitos anos no setor de seguran\u00e7a.<\/p>\n<p style=\"text-align: justify;\" data-track-category=\"Link no Texto\" data-track-links=\"\">Jorge Zanoni<\/p>\n<p style=\"text-align: justify;\" data-track-category=\"Link no Texto\" data-track-links=\"\">\n<\/div>\n<\/div>\n<\/div>\n<\/div>\n","protected":false},"excerpt":{"rendered":"<p>Univado Buzati de 72 anos, recebeu um dos disparos na art\u00e9ria femural, sofreu hemorragia e n\u00e3o resistiu. Uma mulher e um policial militar tamb\u00e9m ficaram feridos. Na manh\u00e3 desta te\u00e7a-feira (6), aconteceu uma troca de tiros que deixou uma pessoa morta e duas feridas em Dracena. Um dos baleados \u00e9 o Policial Civil aposentado Univaldo [&hellip;]<\/p>\n","protected":false},"author":1,"featured_media":3087,"comment_status":"closed","ping_status":"open","sticky":false,"template":"","format":"standard","meta":{"footnotes":""},"categories":[110,2],"tags":[],"class_list":["post-3079","post","type-post","status-publish","format-standard","has-post-thumbnail","hentry","category-noticiasdestaque","category-policial"],"_links":{"self":[{"href":"https:\/\/jorgezanoni.com.br\/2019\/wp-json\/wp\/v2\/posts\/3079","targetHints":{"allow":["GET"]}}],"collection":[{"href":"https:\/\/jorgezanoni.com.br\/2019\/wp-json\/wp\/v2\/posts"}],"about":[{"href":"https:\/\/jorgezanoni.com.br\/2019\/wp-json\/wp\/v2\/types\/post"}],"author":[{"embeddable":true,"href":"https:\/\/jorgezanoni.com.br\/2019\/wp-json\/wp\/v2\/users\/1"}],"replies":[{"embeddable":true,"href":"https:\/\/jorgezanoni.com.br\/2019\/wp-json\/wp\/v2\/comments?post=3079"}],"version-history":[{"count":0,"href":"https:\/\/jorgezanoni.com.br\/2019\/wp-json\/wp\/v2\/posts\/3079\/revisions"}],"wp:featuredmedia":[{"embeddable":true,"href":"https:\/\/jorgezanoni.com.br\/2019\/wp-json\/wp\/v2\/media\/3087"}],"wp:attachment":[{"href":"https:\/\/jorgezanoni.com.br\/2019\/wp-json\/wp\/v2\/media?parent=3079"}],"wp:term":[{"taxonomy":"category","embeddable":true,"href":"https:\/\/jorgezanoni.com.br\/2019\/wp-json\/wp\/v2\/categories?post=3079"},{"taxonomy":"post_tag","embeddable":true,"href":"https:\/\/jorgezanoni.com.br\/2019\/wp-json\/wp\/v2\/tags?post=3079"}],"curies":[{"name":"wp","href":"https:\/\/api.w.org\/{rel}","templated":true}]}}