{"id":30757,"date":"2020-07-15T22:41:27","date_gmt":"2020-07-15T22:41:27","guid":{"rendered":"https:\/\/jorgezanoni.com.br\/2019\/?p=30757"},"modified":"2020-07-15T22:41:27","modified_gmt":"2020-07-15T22:41:27","slug":"mulher-de-34-anos-sepultada-as-pressas-deu-exame-negativo-para-covid-19","status":"publish","type":"post","link":"https:\/\/jorgezanoni.com.br\/2019\/mulher-de-34-anos-sepultada-as-pressas-deu-exame-negativo-para-covid-19\/","title":{"rendered":"Mulher de 34 anos sepultada \u00e0s pressas deu exame negativo para COVID-19"},"content":{"rendered":"<p style=\"text-align: justify;\">A Prefeitura de Dracena informa que o exame de uma paciente de Dracena, com 34 anos de idade e que faleceu na segunda-feira (13), teve resultado NEGATIVO para Covid-19. O exame foi feito no Instituto Adolfo Lutz de S\u00e3o Paulo\/SP.<\/p>\n<p style=\"text-align: justify;\">Todos os protocolos sanit\u00e1rios foram seguidos, conforme determina\u00e7\u00e3o da Vigil\u00e2ncia Epidemiol\u00f3gica do Estado de S\u00e3o Paulo e tamb\u00e9m normativas e orienta\u00e7\u00f5es do Minist\u00e9rio da Sa\u00fade.<\/p>\n<div class=\"text_exposed_show\">\n<p style=\"text-align: justify;\">A Prefeitura de Dracena externa todos os sentimentos aos familiares e amigos.<\/p>\n<p style=\"text-align: justify;\">Fonte: https:\/\/www.facebook.com\/prefeituradracena\/<\/p>\n<\/div>\n","protected":false},"excerpt":{"rendered":"<p>A Prefeitura de Dracena informa que o exame de uma paciente de Dracena, com 34 anos de idade e que faleceu na segunda-feira (13), teve resultado NEGATIVO para Covid-19. O exame foi feito no Instituto Adolfo Lutz de S\u00e3o Paulo\/SP. Todos os protocolos sanit\u00e1rios foram seguidos, conforme determina\u00e7\u00e3o da Vigil\u00e2ncia Epidemiol\u00f3gica do Estado de S\u00e3o [&hellip;]<\/p>\n","protected":false},"author":1,"featured_media":30758,"comment_status":"closed","ping_status":"open","sticky":false,"template":"","format":"standard","meta":{"footnotes":""},"categories":[179,184,110],"tags":[],"class_list":["post-30757","post","type-post","status-publish","format-standard","has-post-thumbnail","hentry","category-cidadeseregiao","category-dracena","category-noticiasdestaque"],"_links":{"self":[{"href":"https:\/\/jorgezanoni.com.br\/2019\/wp-json\/wp\/v2\/posts\/30757","targetHints":{"allow":["GET"]}}],"collection":[{"href":"https:\/\/jorgezanoni.com.br\/2019\/wp-json\/wp\/v2\/posts"}],"about":[{"href":"https:\/\/jorgezanoni.com.br\/2019\/wp-json\/wp\/v2\/types\/post"}],"author":[{"embeddable":true,"href":"https:\/\/jorgezanoni.com.br\/2019\/wp-json\/wp\/v2\/users\/1"}],"replies":[{"embeddable":true,"href":"https:\/\/jorgezanoni.com.br\/2019\/wp-json\/wp\/v2\/comments?post=30757"}],"version-history":[{"count":0,"href":"https:\/\/jorgezanoni.com.br\/2019\/wp-json\/wp\/v2\/posts\/30757\/revisions"}],"wp:featuredmedia":[{"embeddable":true,"href":"https:\/\/jorgezanoni.com.br\/2019\/wp-json\/wp\/v2\/media\/30758"}],"wp:attachment":[{"href":"https:\/\/jorgezanoni.com.br\/2019\/wp-json\/wp\/v2\/media?parent=30757"}],"wp:term":[{"taxonomy":"category","embeddable":true,"href":"https:\/\/jorgezanoni.com.br\/2019\/wp-json\/wp\/v2\/categories?post=30757"},{"taxonomy":"post_tag","embeddable":true,"href":"https:\/\/jorgezanoni.com.br\/2019\/wp-json\/wp\/v2\/tags?post=30757"}],"curies":[{"name":"wp","href":"https:\/\/api.w.org\/{rel}","templated":true}]}}