{"id":30741,"date":"2020-07-15T11:24:53","date_gmt":"2020-07-15T11:24:53","guid":{"rendered":"https:\/\/jorgezanoni.com.br\/2019\/?p=30741"},"modified":"2020-07-15T11:24:53","modified_gmt":"2020-07-15T11:24:53","slug":"e-os-as-aloprados-as-continuam-na-mesmice-de-sempre","status":"publish","type":"post","link":"https:\/\/jorgezanoni.com.br\/2019\/e-os-as-aloprados-as-continuam-na-mesmice-de-sempre\/","title":{"rendered":"E os\/as aloprados\/as continuam na mesmice de sempre&#8230;"},"content":{"rendered":"<p style=\"text-align: justify;\"><strong>E os\/as aloprados\/as continuam na mesmice de sempre&#8230;<\/strong><\/p>\n<p style=\"text-align: justify;\"><em>&#8220;N\u00e3o se deve julgar um homem pelo que ele ignore, mas pelo que sabe.&#8221; (Vauvenargues)<\/em><\/p>\n<p style=\"text-align: justify;\"><strong>S\u00e9rgio Barbosa (*)<\/strong><\/p>\n<p style=\"text-align: justify;\">N\u00e3o tem como deixar de escrever sobre temas e tem\u00e1ticas que continuam pautando as m\u00eddias impressa e digital em terras tupiniquins, bem como, em n\u00edvel regiocal, ou seja, do regional para o local em tempo de p\u00f3s-globaliza\u00e7\u00e3o organizacional&#8230;<\/p>\n<p style=\"text-align: justify;\">Nestes ocasos, pode-se afirmar que est\u00e3o mais para a turma dos\/as aloprados\/as do que pra qualquer outra coisa desta mesma coisa, por\u00e9m, como sempre, devem-se colocar os devidos &#8220;pingos nos is&#8221; de um dos lados&#8230;<\/p>\n<p style=\"text-align: justify;\">Portanto, neste cen\u00e1rio mais do que democr\u00e1tico que s\u00e3o as denominadas &#8220;redes sociais&#8221;, quando a informa\u00e7\u00e3o em todas as \u00e1reas est\u00e1 pautada pelo &#8220;senso comum&#8221; frente aos acontecimentos do cotidiano, pode-se escrever que &#8220;todos os gatos s\u00e3o pardos&#8230;&#8221;<\/p>\n<p style=\"text-align: justify;\">Mesmo assim, cada qual deve ter a sua interpreta\u00e7\u00e3o quanto aos fatos, todavia, antes de escrever sobre isto ou aquilo, faz-se necess\u00e1rio estar em conex\u00e3o com as respectivas fundamenta\u00e7\u00f5es te\u00f3ricas, neste caso, seja qual for\u00a0 o tema ou tem\u00e1tica, al\u00e9m do mais ou de menos, neste &#8220;Pa\u00eds do faz de conta&#8221;, desde 2.009, conforme decis\u00e3o do &#8220;STF&#8221;, todos\/as nascem Jornalistas&#8230;<\/p>\n<p style=\"text-align: justify;\">Desta forma, caro leitor ou leitora, voc\u00ea \u00e9 &#8220;JORNALISTA PROFISSIONAL&#8221; e pode usufruir de todas as facilidades, bem como, responsabilidades desta profiss\u00e3o frente aos desencontros patrocinados pela m\u00eddia tupiniquim, ainda, deitar e rolar neste PA\u00cdS DO FAZ DE CONTA em tempo de\u00a0 COISO com COISAS &#8220;JORNALISTA PROFISSIONAL&#8221;&#8230;<\/p>\n<p style=\"text-align: justify;\">Por\u00e9m, &#8220;A C\u00e9sar o que \u00e9 de C\u00e9sar&#8221;, assim, existem pessoas que est\u00e3o acima do &#8220;senso comum&#8221; que predomina nos quatro cantos deste PA\u00cdS DO FAZ DE CONTA, haja vista que os\/as mesmos\/as conhecem as prerrogativas para utiliza\u00e7\u00e3o desta op\u00e7\u00e3o, tamb\u00e9m, entendo que ser diplomado \u00e9 fundamental em qualquer \u00e1rea de atua\u00e7\u00e3o, entretanto, torna-se importante entender isto ou aquilo para um olhar diferenciado sobre o presente, sem esquecer o passado em uma perspectiva de futuro&#8230;<\/p>\n<p style=\"text-align: justify;\">Espero que tais pessoas, n\u00e3o coloquem &#8220;a carapu\u00e7a&#8221; quanto ao artigo em pauta, tendo em vista que o objetivo \u00e9 colocar, ou melhor, separar &#8220;o joio do trigo&#8221;, refor\u00e7ando neste caso a frase de um Jornalista do outro tempo, a saber: &#8220;entre o joio e o trigo, o Jornalista fica com o joio&#8221;&#8230;<\/p>\n<p style=\"text-align: justify;\">Neste cen\u00e1rio em tempo de BOZZONARO, pra variar, tudo pode ocorrer para todos os lados, ainda mais neste per\u00edodo que antecede as elei\u00e7\u00f5es para o os cargos do executivo e legislativo, haja vista a predomin\u00e2ncia dos\/as aloprados\/as nas m\u00eddias impressa e digital&#8230;<\/p>\n<p style=\"text-align: justify;\">QUEM SOBRVIVER VAI SABER&#8230;<\/p>\n<p style=\"text-align: justify;\">_______________________________<\/p>\n<p style=\"text-align: justify;\">(*) jornalista DIPLOMADO e professor universit\u00e1rio.<\/p>\n<p style=\"text-align: justify;\">\n","protected":false},"excerpt":{"rendered":"<p>E os\/as aloprados\/as continuam na mesmice de sempre&#8230; &#8220;N\u00e3o se deve julgar um homem pelo que ele ignore, mas pelo que sabe.&#8221; (Vauvenargues) S\u00e9rgio Barbosa (*) N\u00e3o tem como deixar de escrever sobre temas e tem\u00e1ticas que continuam pautando as m\u00eddias impressa e digital em terras tupiniquins, bem como, em n\u00edvel regiocal, ou seja, do [&hellip;]<\/p>\n","protected":false},"author":1,"featured_media":30742,"comment_status":"closed","ping_status":"open","sticky":false,"template":"","format":"standard","meta":{"footnotes":""},"categories":[175],"tags":[],"class_list":["post-30741","post","type-post","status-publish","format-standard","has-post-thumbnail","hentry","category-artigos"],"_links":{"self":[{"href":"https:\/\/jorgezanoni.com.br\/2019\/wp-json\/wp\/v2\/posts\/30741","targetHints":{"allow":["GET"]}}],"collection":[{"href":"https:\/\/jorgezanoni.com.br\/2019\/wp-json\/wp\/v2\/posts"}],"about":[{"href":"https:\/\/jorgezanoni.com.br\/2019\/wp-json\/wp\/v2\/types\/post"}],"author":[{"embeddable":true,"href":"https:\/\/jorgezanoni.com.br\/2019\/wp-json\/wp\/v2\/users\/1"}],"replies":[{"embeddable":true,"href":"https:\/\/jorgezanoni.com.br\/2019\/wp-json\/wp\/v2\/comments?post=30741"}],"version-history":[{"count":0,"href":"https:\/\/jorgezanoni.com.br\/2019\/wp-json\/wp\/v2\/posts\/30741\/revisions"}],"wp:featuredmedia":[{"embeddable":true,"href":"https:\/\/jorgezanoni.com.br\/2019\/wp-json\/wp\/v2\/media\/30742"}],"wp:attachment":[{"href":"https:\/\/jorgezanoni.com.br\/2019\/wp-json\/wp\/v2\/media?parent=30741"}],"wp:term":[{"taxonomy":"category","embeddable":true,"href":"https:\/\/jorgezanoni.com.br\/2019\/wp-json\/wp\/v2\/categories?post=30741"},{"taxonomy":"post_tag","embeddable":true,"href":"https:\/\/jorgezanoni.com.br\/2019\/wp-json\/wp\/v2\/tags?post=30741"}],"curies":[{"name":"wp","href":"https:\/\/api.w.org\/{rel}","templated":true}]}}