{"id":30729,"date":"2020-07-15T11:08:21","date_gmt":"2020-07-15T11:08:21","guid":{"rendered":"https:\/\/jorgezanoni.com.br\/2019\/?p=30729"},"modified":"2020-07-15T11:08:21","modified_gmt":"2020-07-15T11:08:21","slug":"aniversariantes-do-dia-15-07-20","status":"publish","type":"post","link":"https:\/\/jorgezanoni.com.br\/2019\/aniversariantes-do-dia-15-07-20\/","title":{"rendered":"Aniversariantes do Dia 15\/07\/20"},"content":{"rendered":"<p>PARABENIZAMOS OS ANIVERSARIANTES DE HOJE:<\/p>\n<p><img loading=\"lazy\" decoding=\"async\" class=\"alignnone size-full wp-image-30730\" src=\"https:\/\/jorgezanoni.com.br\/2019\/wp-content\/uploads\/2020\/07\/Graziela-Carla-Alves.jpg\" alt=\"\" width=\"960\" height=\"640\" srcset=\"https:\/\/jorgezanoni.com.br\/2019\/wp-content\/uploads\/2020\/07\/Graziela-Carla-Alves.jpg 960w, https:\/\/jorgezanoni.com.br\/2019\/wp-content\/uploads\/2020\/07\/Graziela-Carla-Alves-300x200.jpg 300w, https:\/\/jorgezanoni.com.br\/2019\/wp-content\/uploads\/2020\/07\/Graziela-Carla-Alves-768x512.jpg 768w, https:\/\/jorgezanoni.com.br\/2019\/wp-content\/uploads\/2020\/07\/Graziela-Carla-Alves-696x464.jpg 696w, https:\/\/jorgezanoni.com.br\/2019\/wp-content\/uploads\/2020\/07\/Graziela-Carla-Alves-630x420.jpg 630w\" sizes=\"auto, (max-width: 960px) 100vw, 960px\" \/>Graziela Carla Alves<\/p>\n<p><img loading=\"lazy\" decoding=\"async\" class=\"alignnone size-full wp-image-30731\" src=\"https:\/\/jorgezanoni.com.br\/2019\/wp-content\/uploads\/2020\/07\/Jo\u00e3o-Fernandes-Prex\u00ea.jpg\" alt=\"\" width=\"512\" height=\"512\" srcset=\"https:\/\/jorgezanoni.com.br\/2019\/wp-content\/uploads\/2020\/07\/Jo\u00e3o-Fernandes-Prex\u00ea.jpg 512w, https:\/\/jorgezanoni.com.br\/2019\/wp-content\/uploads\/2020\/07\/Jo\u00e3o-Fernandes-Prex\u00ea-300x300.jpg 300w, https:\/\/jorgezanoni.com.br\/2019\/wp-content\/uploads\/2020\/07\/Jo\u00e3o-Fernandes-Prex\u00ea-150x150.jpg 150w, https:\/\/jorgezanoni.com.br\/2019\/wp-content\/uploads\/2020\/07\/Jo\u00e3o-Fernandes-Prex\u00ea-420x420.jpg 420w\" sizes=\"auto, (max-width: 512px) 100vw, 512px\" \/> Jo\u00e3o Fernandes Prexe<\/p>\n<p><img loading=\"lazy\" decoding=\"async\" class=\"alignnone size-full wp-image-30732\" src=\"https:\/\/jorgezanoni.com.br\/2019\/wp-content\/uploads\/2020\/07\/Leide-Machado.jpg\" alt=\"\" width=\"576\" height=\"584\" srcset=\"https:\/\/jorgezanoni.com.br\/2019\/wp-content\/uploads\/2020\/07\/Leide-Machado.jpg 576w, https:\/\/jorgezanoni.com.br\/2019\/wp-content\/uploads\/2020\/07\/Leide-Machado-296x300.jpg 296w, https:\/\/jorgezanoni.com.br\/2019\/wp-content\/uploads\/2020\/07\/Leide-Machado-414x420.jpg 414w\" sizes=\"auto, (max-width: 576px) 100vw, 576px\" \/> Leide Machado<\/p>\n<p><img loading=\"lazy\" decoding=\"async\" class=\"alignnone size-full wp-image-30733\" src=\"https:\/\/jorgezanoni.com.br\/2019\/wp-content\/uploads\/2020\/07\/Leticia-Abila.jpg\" alt=\"\" width=\"584\" height=\"960\" srcset=\"https:\/\/jorgezanoni.com.br\/2019\/wp-content\/uploads\/2020\/07\/Leticia-Abila.jpg 584w, https:\/\/jorgezanoni.com.br\/2019\/wp-content\/uploads\/2020\/07\/Leticia-Abila-183x300.jpg 183w, https:\/\/jorgezanoni.com.br\/2019\/wp-content\/uploads\/2020\/07\/Leticia-Abila-256x420.jpg 256w\" sizes=\"auto, (max-width: 584px) 100vw, 584px\" \/>Leticia Abila<\/p>\n<p><img loading=\"lazy\" decoding=\"async\" class=\"alignnone size-full wp-image-30734\" src=\"https:\/\/jorgezanoni.com.br\/2019\/wp-content\/uploads\/2020\/07\/Malu-Mendes.jpg\" alt=\"\" width=\"960\" height=\"960\" srcset=\"https:\/\/jorgezanoni.com.br\/2019\/wp-content\/uploads\/2020\/07\/Malu-Mendes.jpg 960w, https:\/\/jorgezanoni.com.br\/2019\/wp-content\/uploads\/2020\/07\/Malu-Mendes-300x300.jpg 300w, https:\/\/jorgezanoni.com.br\/2019\/wp-content\/uploads\/2020\/07\/Malu-Mendes-150x150.jpg 150w, https:\/\/jorgezanoni.com.br\/2019\/wp-content\/uploads\/2020\/07\/Malu-Mendes-768x768.jpg 768w, https:\/\/jorgezanoni.com.br\/2019\/wp-content\/uploads\/2020\/07\/Malu-Mendes-696x696.jpg 696w, https:\/\/jorgezanoni.com.br\/2019\/wp-content\/uploads\/2020\/07\/Malu-Mendes-420x420.jpg 420w\" sizes=\"auto, (max-width: 960px) 100vw, 960px\" \/>Malu Mendes<\/p>\n<p><img loading=\"lazy\" decoding=\"async\" class=\"alignnone size-full wp-image-30735\" src=\"https:\/\/jorgezanoni.com.br\/2019\/wp-content\/uploads\/2020\/07\/Maria-Jos\u00e9-Ara\u00fajo.jpg\" alt=\"\" width=\"692\" height=\"692\" srcset=\"https:\/\/jorgezanoni.com.br\/2019\/wp-content\/uploads\/2020\/07\/Maria-Jos\u00e9-Ara\u00fajo.jpg 692w, https:\/\/jorgezanoni.com.br\/2019\/wp-content\/uploads\/2020\/07\/Maria-Jos\u00e9-Ara\u00fajo-300x300.jpg 300w, https:\/\/jorgezanoni.com.br\/2019\/wp-content\/uploads\/2020\/07\/Maria-Jos\u00e9-Ara\u00fajo-150x150.jpg 150w, https:\/\/jorgezanoni.com.br\/2019\/wp-content\/uploads\/2020\/07\/Maria-Jos\u00e9-Ara\u00fajo-420x420.jpg 420w\" sizes=\"auto, (max-width: 692px) 100vw, 692px\" \/>Maria Jos\u00e9 Araujo<\/p>\n<p><img loading=\"lazy\" decoding=\"async\" class=\"alignnone size-full wp-image-30736\" src=\"https:\/\/jorgezanoni.com.br\/2019\/wp-content\/uploads\/2020\/07\/Silvio-Rabecini.jpg\" alt=\"\" width=\"442\" height=\"448\" srcset=\"https:\/\/jorgezanoni.com.br\/2019\/wp-content\/uploads\/2020\/07\/Silvio-Rabecini.jpg 442w, https:\/\/jorgezanoni.com.br\/2019\/wp-content\/uploads\/2020\/07\/Silvio-Rabecini-296x300.jpg 296w, https:\/\/jorgezanoni.com.br\/2019\/wp-content\/uploads\/2020\/07\/Silvio-Rabecini-414x420.jpg 414w\" sizes=\"auto, (max-width: 442px) 100vw, 442px\" \/> Silvio Rabecini<\/p>\n<p><img loading=\"lazy\" decoding=\"async\" class=\"alignnone size-full wp-image-30737\" src=\"https:\/\/jorgezanoni.com.br\/2019\/wp-content\/uploads\/2020\/07\/Talita-M\u00e1zzaro-de-Freitas.jpg\" alt=\"\" width=\"956\" height=\"960\" srcset=\"https:\/\/jorgezanoni.com.br\/2019\/wp-content\/uploads\/2020\/07\/Talita-M\u00e1zzaro-de-Freitas.jpg 956w, https:\/\/jorgezanoni.com.br\/2019\/wp-content\/uploads\/2020\/07\/Talita-M\u00e1zzaro-de-Freitas-300x300.jpg 300w, https:\/\/jorgezanoni.com.br\/2019\/wp-content\/uploads\/2020\/07\/Talita-M\u00e1zzaro-de-Freitas-150x150.jpg 150w, https:\/\/jorgezanoni.com.br\/2019\/wp-content\/uploads\/2020\/07\/Talita-M\u00e1zzaro-de-Freitas-768x771.jpg 768w, https:\/\/jorgezanoni.com.br\/2019\/wp-content\/uploads\/2020\/07\/Talita-M\u00e1zzaro-de-Freitas-696x699.jpg 696w, https:\/\/jorgezanoni.com.br\/2019\/wp-content\/uploads\/2020\/07\/Talita-M\u00e1zzaro-de-Freitas-418x420.jpg 418w\" sizes=\"auto, (max-width: 956px) 100vw, 956px\" \/>Talita M\u00e1zzaro de Freitas<\/p>\n<p><img loading=\"lazy\" decoding=\"async\" class=\"alignnone size-full wp-image-30738\" src=\"https:\/\/jorgezanoni.com.br\/2019\/wp-content\/uploads\/2020\/07\/Teresinha-Tanganini-Boa-Sorte.jpg\" alt=\"\" width=\"676\" height=\"675\" srcset=\"https:\/\/jorgezanoni.com.br\/2019\/wp-content\/uploads\/2020\/07\/Teresinha-Tanganini-Boa-Sorte.jpg 676w, https:\/\/jorgezanoni.com.br\/2019\/wp-content\/uploads\/2020\/07\/Teresinha-Tanganini-Boa-Sorte-300x300.jpg 300w, https:\/\/jorgezanoni.com.br\/2019\/wp-content\/uploads\/2020\/07\/Teresinha-Tanganini-Boa-Sorte-150x150.jpg 150w, https:\/\/jorgezanoni.com.br\/2019\/wp-content\/uploads\/2020\/07\/Teresinha-Tanganini-Boa-Sorte-421x420.jpg 421w\" sizes=\"auto, (max-width: 676px) 100vw, 676px\" \/> Teresinha Tanganini Boa Sorte<\/p>\n<p><img loading=\"lazy\" decoding=\"async\" class=\"alignnone size-full wp-image-30739\" src=\"https:\/\/jorgezanoni.com.br\/2019\/wp-content\/uploads\/2020\/07\/Vailda-Santos.jpg\" alt=\"\" width=\"959\" height=\"960\" srcset=\"https:\/\/jorgezanoni.com.br\/2019\/wp-content\/uploads\/2020\/07\/Vailda-Santos.jpg 959w, https:\/\/jorgezanoni.com.br\/2019\/wp-content\/uploads\/2020\/07\/Vailda-Santos-300x300.jpg 300w, https:\/\/jorgezanoni.com.br\/2019\/wp-content\/uploads\/2020\/07\/Vailda-Santos-150x150.jpg 150w, https:\/\/jorgezanoni.com.br\/2019\/wp-content\/uploads\/2020\/07\/Vailda-Santos-768x769.jpg 768w, https:\/\/jorgezanoni.com.br\/2019\/wp-content\/uploads\/2020\/07\/Vailda-Santos-696x697.jpg 696w, https:\/\/jorgezanoni.com.br\/2019\/wp-content\/uploads\/2020\/07\/Vailda-Santos-420x420.jpg 420w\" sizes=\"auto, (max-width: 959px) 100vw, 959px\" \/>Vailda Santos<\/p>\n","protected":false},"excerpt":{"rendered":"<p>PARABENIZAMOS OS ANIVERSARIANTES DE HOJE: Graziela Carla Alves Jo\u00e3o Fernandes Prexe Leide Machado Leticia Abila Malu Mendes Maria Jos\u00e9 Araujo Silvio Rabecini Talita M\u00e1zzaro de Freitas Teresinha Tanganini Boa Sorte Vailda Santos<\/p>\n","protected":false},"author":1,"featured_media":30737,"comment_status":"closed","ping_status":"open","sticky":false,"template":"","format":"standard","meta":{"footnotes":""},"categories":[174],"tags":[],"class_list":["post-30729","post","type-post","status-publish","format-standard","has-post-thumbnail","hentry","category-aniversariantes"],"_links":{"self":[{"href":"https:\/\/jorgezanoni.com.br\/2019\/wp-json\/wp\/v2\/posts\/30729","targetHints":{"allow":["GET"]}}],"collection":[{"href":"https:\/\/jorgezanoni.com.br\/2019\/wp-json\/wp\/v2\/posts"}],"about":[{"href":"https:\/\/jorgezanoni.com.br\/2019\/wp-json\/wp\/v2\/types\/post"}],"author":[{"embeddable":true,"href":"https:\/\/jorgezanoni.com.br\/2019\/wp-json\/wp\/v2\/users\/1"}],"replies":[{"embeddable":true,"href":"https:\/\/jorgezanoni.com.br\/2019\/wp-json\/wp\/v2\/comments?post=30729"}],"version-history":[{"count":0,"href":"https:\/\/jorgezanoni.com.br\/2019\/wp-json\/wp\/v2\/posts\/30729\/revisions"}],"wp:featuredmedia":[{"embeddable":true,"href":"https:\/\/jorgezanoni.com.br\/2019\/wp-json\/wp\/v2\/media\/30737"}],"wp:attachment":[{"href":"https:\/\/jorgezanoni.com.br\/2019\/wp-json\/wp\/v2\/media?parent=30729"}],"wp:term":[{"taxonomy":"category","embeddable":true,"href":"https:\/\/jorgezanoni.com.br\/2019\/wp-json\/wp\/v2\/categories?post=30729"},{"taxonomy":"post_tag","embeddable":true,"href":"https:\/\/jorgezanoni.com.br\/2019\/wp-json\/wp\/v2\/tags?post=30729"}],"curies":[{"name":"wp","href":"https:\/\/api.w.org\/{rel}","templated":true}]}}