{"id":30707,"date":"2020-07-15T00:13:58","date_gmt":"2020-07-15T00:13:58","guid":{"rendered":"https:\/\/jorgezanoni.com.br\/2019\/?p=30707"},"modified":"2020-07-15T00:13:58","modified_gmt":"2020-07-15T00:13:58","slug":"dracena-registra-quinta-morte-por-covid-19","status":"publish","type":"post","link":"https:\/\/jorgezanoni.com.br\/2019\/dracena-registra-quinta-morte-por-covid-19\/","title":{"rendered":"Dracena registra quinta morte por COVID-19"},"content":{"rendered":"<p style=\"text-align: justify;\">Dracena registra quinto falecimento por Covid-19<\/p>\n<p style=\"text-align: justify;\">A Prefeitura de Dracena, por meio da Secretaria Municipal de Sa\u00fade e Higiene P\u00fablica, comunica que uma mulher de 77 anos de idade, faleceu nesta madrugada com Covid-19. Ela era residente no munic\u00edpio.<\/p>\n<p style=\"text-align: justify;\">A paciente estava internada em isolamento desde o dia 1\u00b0 de julho e j\u00e1 tinha o diagn\u00f3stico positivo para Covid-19.<\/p>\n<div class=\"text_exposed_show\">\n<p style=\"text-align: justify;\">A Prefeitura, atrav\u00e9s do prefeito Juliano Brito Bertolini, lamenta o ocorrido e externa solidariedade aos familiares e amigos da v\u00edtima.<\/p>\n<p style=\"text-align: justify;\">Fonte: https:\/\/www.facebook.com\/prefeituradracena\/<\/p>\n<\/div>\n","protected":false},"excerpt":{"rendered":"<p>Dracena registra quinto falecimento por Covid-19 A Prefeitura de Dracena, por meio da Secretaria Municipal de Sa\u00fade e Higiene P\u00fablica, comunica que uma mulher de 77 anos de idade, faleceu nesta madrugada com Covid-19. Ela era residente no munic\u00edpio. A paciente estava internada em isolamento desde o dia 1\u00b0 de julho e j\u00e1 tinha o [&hellip;]<\/p>\n","protected":false},"author":1,"featured_media":30708,"comment_status":"closed","ping_status":"open","sticky":false,"template":"","format":"standard","meta":{"footnotes":""},"categories":[179,184,110],"tags":[],"class_list":["post-30707","post","type-post","status-publish","format-standard","has-post-thumbnail","hentry","category-cidadeseregiao","category-dracena","category-noticiasdestaque"],"_links":{"self":[{"href":"https:\/\/jorgezanoni.com.br\/2019\/wp-json\/wp\/v2\/posts\/30707","targetHints":{"allow":["GET"]}}],"collection":[{"href":"https:\/\/jorgezanoni.com.br\/2019\/wp-json\/wp\/v2\/posts"}],"about":[{"href":"https:\/\/jorgezanoni.com.br\/2019\/wp-json\/wp\/v2\/types\/post"}],"author":[{"embeddable":true,"href":"https:\/\/jorgezanoni.com.br\/2019\/wp-json\/wp\/v2\/users\/1"}],"replies":[{"embeddable":true,"href":"https:\/\/jorgezanoni.com.br\/2019\/wp-json\/wp\/v2\/comments?post=30707"}],"version-history":[{"count":0,"href":"https:\/\/jorgezanoni.com.br\/2019\/wp-json\/wp\/v2\/posts\/30707\/revisions"}],"wp:featuredmedia":[{"embeddable":true,"href":"https:\/\/jorgezanoni.com.br\/2019\/wp-json\/wp\/v2\/media\/30708"}],"wp:attachment":[{"href":"https:\/\/jorgezanoni.com.br\/2019\/wp-json\/wp\/v2\/media?parent=30707"}],"wp:term":[{"taxonomy":"category","embeddable":true,"href":"https:\/\/jorgezanoni.com.br\/2019\/wp-json\/wp\/v2\/categories?post=30707"},{"taxonomy":"post_tag","embeddable":true,"href":"https:\/\/jorgezanoni.com.br\/2019\/wp-json\/wp\/v2\/tags?post=30707"}],"curies":[{"name":"wp","href":"https:\/\/api.w.org\/{rel}","templated":true}]}}