{"id":30704,"date":"2020-07-15T00:03:55","date_gmt":"2020-07-15T00:03:55","guid":{"rendered":"https:\/\/jorgezanoni.com.br\/2019\/?p=30704"},"modified":"2020-07-15T00:03:55","modified_gmt":"2020-07-15T00:03:55","slug":"veja-o-decreto-municipal-para-esta-nova-fase-laranja-em-dracena","status":"publish","type":"post","link":"https:\/\/jorgezanoni.com.br\/2019\/veja-o-decreto-municipal-para-esta-nova-fase-laranja-em-dracena\/","title":{"rendered":"Veja o decreto municipal para esta nova fase laranja em Dracena"},"content":{"rendered":"<div id=\"js_1ay\" class=\"_5pbx userContent _3576\" data-testid=\"post_message\" data-ft=\"{&quot;tn&quot;:&quot;K&quot;}\">\n<p style=\"text-align: justify;\">Veja a \u00edntegra do novo decreto municipal n\u00ba 7.292 de 13 de julho de 2.020.<\/p>\n<p style=\"text-align: justify;\">Acesse o link\u00a0<a href=\"https:\/\/l.facebook.com\/l.php?u=https%3A%2F%2Fwww.dracena.sp.gov.br%2F%3Fpag%3DT1RVPU9EZz1PV0k9T1RrPU9UUT1OMlE9T0dNPU9XST1PR1U9T0dNPU9HWT1PV009T1dZPQ%253D%253D%26id%3D942e%26fbclid%3DIwAR0D3uFu4RwHjroosJzchdFk0R1CGI_kp8S0Tc12HqP8PNzxsODteiC1X4Y&amp;h=AT0PfOHSjk0X0erkcOhSDU0_1WryNdrlShnIx4h_0WZiX3M0lpx8teJXn4D3Q9vh8xB0qBALnjmNQHvDmES85kVixYqqmiEWksuwbp5xJOlZLbnbYwjl533xs2LV1Dt6qv3chhKOkT-vxnDpiHLEBqnYU_UuV4migX7SeaOEvGwWR3mMH7A4IRE5ga2sSpNR390BlRi_qAcu9DsHse8d00ImBGimT51kHzhCu67pcdimnOUdxo594T1eHgxm2PGzG5z3usdV1jyOkkXlNCY-_wWIT4rkp7L-JJhdf4XnlSSHR0WJa-T2WhQrNUzlNsnKKYDO_G5algnhSjJhjGWE6kV_hMTqZU_aMM7_aXX2oq4Jsw1npZyf8QCGaYJQdvMB79HbnwcDsdwDsBX9xZdiW3TdoRGc6MRdfi0DPSPFUjxoAXzO3pcMDbSD0CoTF3Urk6t4GesNo7ZXF_B9RFPGCzrzhcWFXLtWTdkYdRjfvwXC5-EPN08LIC5ggUXWfTWAVlaofgQifBMF_uzvTuALKsI2MphyjwlDLpnwSuTsOL5iUVykXG7CJWQ5KMiURUy1O_pK1sL-rHjc2DSLt34ieazFqWphkm8YlY2MSEhbUThLC686PV2dKNhjMOUMK10vW7QqdA\" target=\"_blank\" rel=\"noopener nofollow noreferrer\" data-ft=\"{&quot;tn&quot;:&quot;-U&quot;}\" data-lynx-mode=\"async\">https:\/\/www.dracena.sp.gov.br\/\u2026<\/a>\u00a0fa\u00e7a o download do arquivo em PDF.<\/p>\n<\/div>\n<div class=\"_3x-2\" data-ft=\"{&quot;tn&quot;:&quot;H&quot;}\">\n<div data-ft=\"{&quot;tn&quot;:&quot;H&quot;}\">\n<div class=\"mtm\">\n<div class=\"_2a2q _65sr\">\n<div class=\"uiScaledImageContainer\"><img loading=\"lazy\" decoding=\"async\" class=\"scaledImageFitHeight img\" src=\"https:\/\/scontent.ftjl1-1.fna.fbcdn.net\/v\/t1.0-0\/p526x296\/108169863_3154980411249214_6446614850448100753_o.jpg?_nc_cat=100&amp;_nc_sid=8024bb&amp;_nc_ohc=SQlGDrNGNaUAX9J8V4b&amp;_nc_ht=scontent.ftjl1-1.fna&amp;_nc_tp=6&amp;oh=d341f4b8986b600e6528d5045f99152f&amp;oe=5F35699A\" alt=\"Nenhuma descri\u00e7\u00e3o de foto dispon\u00edvel.\" width=\"344\" height=\"500\" data-src=\"https:\/\/scontent.ftjl1-1.fna.fbcdn.net\/v\/t1.0-0\/p526x296\/108169863_3154980411249214_6446614850448100753_o.jpg?_nc_cat=100&amp;_nc_sid=8024bb&amp;_nc_ohc=SQlGDrNGNaUAX9J8V4b&amp;_nc_ht=scontent.ftjl1-1.fna&amp;_nc_tp=6&amp;oh=d341f4b8986b600e6528d5045f99152f&amp;oe=5F35699A\" \/><\/div>\n<div class=\"uiScaledImageContainer\"><img loading=\"lazy\" decoding=\"async\" class=\"scaledImageFitHeight img\" src=\"https:\/\/scontent.ftjl1-1.fna.fbcdn.net\/v\/t1.0-0\/p526x296\/107511527_3154980434582545_6250353536105615055_o.jpg?_nc_cat=107&amp;_nc_sid=8024bb&amp;_nc_ohc=JL0z3LcLvSwAX8Q2bFB&amp;_nc_ht=scontent.ftjl1-1.fna&amp;_nc_tp=6&amp;oh=3c3d7309cc4ed11bc2e018c0a4318b13&amp;oe=5F359B29\" alt=\"Nenhuma descri\u00e7\u00e3o de foto dispon\u00edvel.\" width=\"340\" height=\"500\" data-src=\"https:\/\/scontent.ftjl1-1.fna.fbcdn.net\/v\/t1.0-0\/p526x296\/107511527_3154980434582545_6250353536105615055_o.jpg?_nc_cat=107&amp;_nc_sid=8024bb&amp;_nc_ohc=JL0z3LcLvSwAX8Q2bFB&amp;_nc_ht=scontent.ftjl1-1.fna&amp;_nc_tp=6&amp;oh=3c3d7309cc4ed11bc2e018c0a4318b13&amp;oe=5F359B29\" \/><\/div>\n<div>Foto Ilustrativa<\/div>\n<\/div>\n<\/div>\n<\/div>\n<\/div>\n","protected":false},"excerpt":{"rendered":"<p>Veja a \u00edntegra do novo decreto municipal n\u00ba 7.292 de 13 de julho de 2.020. Acesse o link\u00a0https:\/\/www.dracena.sp.gov.br\/\u2026\u00a0fa\u00e7a o download do arquivo em PDF. Foto Ilustrativa<\/p>\n","protected":false},"author":1,"featured_media":30705,"comment_status":"closed","ping_status":"open","sticky":false,"template":"","format":"standard","meta":{"footnotes":""},"categories":[110,116],"tags":[],"class_list":["post-30704","post","type-post","status-publish","format-standard","has-post-thumbnail","hentry","category-noticiasdestaque","category-politicaeeconomia"],"_links":{"self":[{"href":"https:\/\/jorgezanoni.com.br\/2019\/wp-json\/wp\/v2\/posts\/30704","targetHints":{"allow":["GET"]}}],"collection":[{"href":"https:\/\/jorgezanoni.com.br\/2019\/wp-json\/wp\/v2\/posts"}],"about":[{"href":"https:\/\/jorgezanoni.com.br\/2019\/wp-json\/wp\/v2\/types\/post"}],"author":[{"embeddable":true,"href":"https:\/\/jorgezanoni.com.br\/2019\/wp-json\/wp\/v2\/users\/1"}],"replies":[{"embeddable":true,"href":"https:\/\/jorgezanoni.com.br\/2019\/wp-json\/wp\/v2\/comments?post=30704"}],"version-history":[{"count":0,"href":"https:\/\/jorgezanoni.com.br\/2019\/wp-json\/wp\/v2\/posts\/30704\/revisions"}],"wp:featuredmedia":[{"embeddable":true,"href":"https:\/\/jorgezanoni.com.br\/2019\/wp-json\/wp\/v2\/media\/30705"}],"wp:attachment":[{"href":"https:\/\/jorgezanoni.com.br\/2019\/wp-json\/wp\/v2\/media?parent=30704"}],"wp:term":[{"taxonomy":"category","embeddable":true,"href":"https:\/\/jorgezanoni.com.br\/2019\/wp-json\/wp\/v2\/categories?post=30704"},{"taxonomy":"post_tag","embeddable":true,"href":"https:\/\/jorgezanoni.com.br\/2019\/wp-json\/wp\/v2\/tags?post=30704"}],"curies":[{"name":"wp","href":"https:\/\/api.w.org\/{rel}","templated":true}]}}