{"id":30666,"date":"2020-07-14T03:12:35","date_gmt":"2020-07-14T03:12:35","guid":{"rendered":"https:\/\/jorgezanoni.com.br\/2019\/?p=30666"},"modified":"2020-07-14T03:12:35","modified_gmt":"2020-07-14T03:12:35","slug":"policia-militar-apreende-mais-de-5-toneladas-de-queijo-estragado-em-fabrica-clandestina-de-ouro-verde","status":"publish","type":"post","link":"https:\/\/jorgezanoni.com.br\/2019\/policia-militar-apreende-mais-de-5-toneladas-de-queijo-estragado-em-fabrica-clandestina-de-ouro-verde\/","title":{"rendered":"Pol\u00edcia Militar apreende mais de 5 toneladas de queijo estragado em f\u00e1brica clandestina de Ouro Verde"},"content":{"rendered":"<p><strong>Hoje por volta das 18:15 Horas, a Pol\u00edcia Militar fechou uma f\u00e1brica clandestina e apreendeu mais de 5 toneladas de queijo estragado, impr\u00f3prio para consumo.<\/strong><\/p>\n<p style=\"text-align: justify;\">Na noite de hoje (13) a Pol\u00edcia Militar foi acionada atrav\u00e9s de den\u00fancia sobre o funcionamento de uma f\u00e1brica clandestina de queijo na cidade de Ouro Verde.<\/p>\n<p style=\"text-align: justify;\">Ao chegar ao local, deparou com um ve\u00edculo descarregando caixas e ao adentrar j\u00e1 fez contato com um senhor de 62 anos (propriet\u00e1rio) identificado como sendo morador de Dracena.<\/p>\n<p style=\"text-align: justify;\">Aos poucos durante as buscas foram sendo localizadas em c\u00e2maras frias, dep\u00f3sito e v\u00e1rios pacotes no ch\u00e3o, de queijos para distribui\u00e7\u00e3o aos consumidores j\u00e1 prontos, bem como queijos em fase de processamento sem as m\u00ednimas condi\u00e7\u00f5es de higiene e estragados, inclusive com mau cheiro.<\/p>\n<p style=\"text-align: justify;\">O indiciado foi preso em flagrante por crime contra a economia popular.<\/p>\n<p style=\"text-align: justify;\">At\u00e9 o fechamento desta mat\u00e9ria a ocorr\u00eancia ainda seguia em andamento.<\/p>\n<p><img loading=\"lazy\" decoding=\"async\" class=\"alignnone size-full wp-image-30667\" src=\"https:\/\/jorgezanoni.com.br\/2019\/wp-content\/uploads\/2020\/07\/queijo.jpg\" alt=\"\" width=\"720\" height=\"1280\" srcset=\"https:\/\/jorgezanoni.com.br\/2019\/wp-content\/uploads\/2020\/07\/queijo.jpg 720w, https:\/\/jorgezanoni.com.br\/2019\/wp-content\/uploads\/2020\/07\/queijo-169x300.jpg 169w, https:\/\/jorgezanoni.com.br\/2019\/wp-content\/uploads\/2020\/07\/queijo-576x1024.jpg 576w, https:\/\/jorgezanoni.com.br\/2019\/wp-content\/uploads\/2020\/07\/queijo-696x1237.jpg 696w, https:\/\/jorgezanoni.com.br\/2019\/wp-content\/uploads\/2020\/07\/queijo-236x420.jpg 236w\" sizes=\"auto, (max-width: 720px) 100vw, 720px\" \/> <img loading=\"lazy\" decoding=\"async\" class=\"alignnone size-full wp-image-30669\" src=\"https:\/\/jorgezanoni.com.br\/2019\/wp-content\/uploads\/2020\/07\/queijo2.jpg\" alt=\"\" width=\"720\" height=\"1280\" srcset=\"https:\/\/jorgezanoni.com.br\/2019\/wp-content\/uploads\/2020\/07\/queijo2.jpg 720w, https:\/\/jorgezanoni.com.br\/2019\/wp-content\/uploads\/2020\/07\/queijo2-169x300.jpg 169w, https:\/\/jorgezanoni.com.br\/2019\/wp-content\/uploads\/2020\/07\/queijo2-576x1024.jpg 576w, https:\/\/jorgezanoni.com.br\/2019\/wp-content\/uploads\/2020\/07\/queijo2-696x1237.jpg 696w, https:\/\/jorgezanoni.com.br\/2019\/wp-content\/uploads\/2020\/07\/queijo2-236x420.jpg 236w\" sizes=\"auto, (max-width: 720px) 100vw, 720px\" \/> <img loading=\"lazy\" decoding=\"async\" class=\"alignnone size-full wp-image-30670\" src=\"https:\/\/jorgezanoni.com.br\/2019\/wp-content\/uploads\/2020\/07\/queijo3.jpg\" alt=\"\" width=\"720\" height=\"1280\" srcset=\"https:\/\/jorgezanoni.com.br\/2019\/wp-content\/uploads\/2020\/07\/queijo3.jpg 720w, https:\/\/jorgezanoni.com.br\/2019\/wp-content\/uploads\/2020\/07\/queijo3-169x300.jpg 169w, https:\/\/jorgezanoni.com.br\/2019\/wp-content\/uploads\/2020\/07\/queijo3-576x1024.jpg 576w, https:\/\/jorgezanoni.com.br\/2019\/wp-content\/uploads\/2020\/07\/queijo3-696x1237.jpg 696w, https:\/\/jorgezanoni.com.br\/2019\/wp-content\/uploads\/2020\/07\/queijo3-236x420.jpg 236w\" sizes=\"auto, (max-width: 720px) 100vw, 720px\" \/> <img loading=\"lazy\" decoding=\"async\" class=\"alignnone size-full wp-image-30671\" src=\"https:\/\/jorgezanoni.com.br\/2019\/wp-content\/uploads\/2020\/07\/queijo4.jpg\" alt=\"\" width=\"720\" height=\"1280\" srcset=\"https:\/\/jorgezanoni.com.br\/2019\/wp-content\/uploads\/2020\/07\/queijo4.jpg 720w, https:\/\/jorgezanoni.com.br\/2019\/wp-content\/uploads\/2020\/07\/queijo4-169x300.jpg 169w, https:\/\/jorgezanoni.com.br\/2019\/wp-content\/uploads\/2020\/07\/queijo4-576x1024.jpg 576w, https:\/\/jorgezanoni.com.br\/2019\/wp-content\/uploads\/2020\/07\/queijo4-696x1237.jpg 696w, https:\/\/jorgezanoni.com.br\/2019\/wp-content\/uploads\/2020\/07\/queijo4-236x420.jpg 236w\" sizes=\"auto, (max-width: 720px) 100vw, 720px\" \/> <img loading=\"lazy\" decoding=\"async\" class=\"alignnone size-full wp-image-30672\" src=\"https:\/\/jorgezanoni.com.br\/2019\/wp-content\/uploads\/2020\/07\/queijo5.jpg\" alt=\"\" width=\"720\" height=\"945\" srcset=\"https:\/\/jorgezanoni.com.br\/2019\/wp-content\/uploads\/2020\/07\/queijo5.jpg 720w, https:\/\/jorgezanoni.com.br\/2019\/wp-content\/uploads\/2020\/07\/queijo5-229x300.jpg 229w, https:\/\/jorgezanoni.com.br\/2019\/wp-content\/uploads\/2020\/07\/queijo5-696x914.jpg 696w, https:\/\/jorgezanoni.com.br\/2019\/wp-content\/uploads\/2020\/07\/queijo5-320x420.jpg 320w\" sizes=\"auto, (max-width: 720px) 100vw, 720px\" \/><\/p>\n<p style=\"text-align: justify;\">Jorge Zanoni<\/p>\n<p>Fonte: Com. Social 25\u00ba BPM\/I<\/p>\n","protected":false},"excerpt":{"rendered":"<p>Hoje por volta das 18:15 Horas, a Pol\u00edcia Militar fechou uma f\u00e1brica clandestina e apreendeu mais de 5 toneladas de queijo estragado, impr\u00f3prio para consumo. Na noite de hoje (13) a Pol\u00edcia Militar foi acionada atrav\u00e9s de den\u00fancia sobre o funcionamento de uma f\u00e1brica clandestina de queijo na cidade de Ouro Verde. Ao chegar ao [&hellip;]<\/p>\n","protected":false},"author":1,"featured_media":30668,"comment_status":"closed","ping_status":"open","sticky":false,"template":"","format":"standard","meta":{"footnotes":""},"categories":[110,2],"tags":[],"class_list":["post-30666","post","type-post","status-publish","format-standard","has-post-thumbnail","hentry","category-noticiasdestaque","category-policial"],"_links":{"self":[{"href":"https:\/\/jorgezanoni.com.br\/2019\/wp-json\/wp\/v2\/posts\/30666","targetHints":{"allow":["GET"]}}],"collection":[{"href":"https:\/\/jorgezanoni.com.br\/2019\/wp-json\/wp\/v2\/posts"}],"about":[{"href":"https:\/\/jorgezanoni.com.br\/2019\/wp-json\/wp\/v2\/types\/post"}],"author":[{"embeddable":true,"href":"https:\/\/jorgezanoni.com.br\/2019\/wp-json\/wp\/v2\/users\/1"}],"replies":[{"embeddable":true,"href":"https:\/\/jorgezanoni.com.br\/2019\/wp-json\/wp\/v2\/comments?post=30666"}],"version-history":[{"count":0,"href":"https:\/\/jorgezanoni.com.br\/2019\/wp-json\/wp\/v2\/posts\/30666\/revisions"}],"wp:featuredmedia":[{"embeddable":true,"href":"https:\/\/jorgezanoni.com.br\/2019\/wp-json\/wp\/v2\/media\/30668"}],"wp:attachment":[{"href":"https:\/\/jorgezanoni.com.br\/2019\/wp-json\/wp\/v2\/media?parent=30666"}],"wp:term":[{"taxonomy":"category","embeddable":true,"href":"https:\/\/jorgezanoni.com.br\/2019\/wp-json\/wp\/v2\/categories?post=30666"},{"taxonomy":"post_tag","embeddable":true,"href":"https:\/\/jorgezanoni.com.br\/2019\/wp-json\/wp\/v2\/tags?post=30666"}],"curies":[{"name":"wp","href":"https:\/\/api.w.org\/{rel}","templated":true}]}}