{"id":3066,"date":"2019-08-06T01:06:13","date_gmt":"2019-08-06T01:06:13","guid":{"rendered":"https:\/\/jorgezanoni.com.br\/2019\/?p=3066"},"modified":"2019-08-06T01:06:13","modified_gmt":"2019-08-06T01:06:13","slug":"perseguicao-policial-termina-em-acidente-e-prisao-de-suspeitos-em-bauru","status":"publish","type":"post","link":"https:\/\/jorgezanoni.com.br\/2019\/perseguicao-policial-termina-em-acidente-e-prisao-de-suspeitos-em-bauru\/","title":{"rendered":"Persegui\u00e7\u00e3o policial termina em acidente e pris\u00e3o de suspeitos em Bauru"},"content":{"rendered":"<h2 class=\"content-head__subtitle\"><strong>Quatro homens estavam em um ve\u00edculo, que caiu em um barranco e capotou durante fuga. Com eles foram apreendidos uma arma, uma pistola falsa e uma m\u00e1scara.<\/strong><\/h2>\n<div class=\"mc-column content-text active-extra-styles \" data-block-type=\"unstyled\" data-block-weight=\"39\" data-block-id=\"2\">\n<p class=\"content-text__container \" style=\"text-align: justify;\" data-track-category=\"Link no Texto\" data-track-links=\"\">Quatro suspeitos foram detidos na tarde desta segunda-feira (5) depois de capotaram um carro durante uma persegui\u00e7\u00e3o policial, em Bauru (SP). Segundo a Pol\u00edcia Militar, a suspeita \u00e9 de que o grupo se preparava para cometer crimes na cidade.<\/p>\n<\/div>\n<div class=\"wall protected-content\">\n<div class=\"mc-column content-text active-extra-styles \" style=\"text-align: justify;\" data-block-type=\"unstyled\" data-block-weight=\"47\" data-block-id=\"3\">\n<p class=\"content-text__container \" data-track-category=\"Link no Texto\" data-track-links=\"\">Ainda segundo a pol\u00edcia, a minivan com os quatro suspeitos foi abordada na Avenida das Bandeiras, mas o motorista n\u00e3o respeitou o pedido de parada e fugiu em alta velocidade. Na persegui\u00e7\u00e3o, o carro caiu em um barranco de cerca de sete metros de altura e capotou.<\/p>\n<\/div>\n<div class=\"mc-column content-text active-extra-styles \" style=\"text-align: justify;\" data-block-type=\"unstyled\" data-block-weight=\"31\" data-block-id=\"4\">\n<p class=\"content-text__container \" data-track-category=\"Link no Texto\" data-track-links=\"\">Mesmo com o carro parando com as rodas para cima, os quatro homens conseguiram sair do ve\u00edculo e tentaram fugir por um terreno baldio. Os policiais conseguiram deter os quatro suspeitos.<\/p>\n<\/div>\n<div class=\"mc-column content-text active-extra-styles \" style=\"text-align: justify;\" data-block-type=\"unstyled\" data-block-weight=\"17\" data-block-id=\"5\">\n<p class=\"content-text__container \" data-track-category=\"Link no Texto\" data-track-links=\"\">No carro, a PM encontrou um rev\u00f3lver, uma pistola de pl\u00e1stico e uma m\u00e1scara de palha\u00e7o.<\/p>\n<\/div>\n<div class=\"mc-column content-text active-extra-styles \" data-block-type=\"unstyled\" data-block-weight=\"29\" data-block-id=\"6\">\n<p class=\"content-text__container \" style=\"text-align: justify;\" data-track-category=\"Link no Texto\" data-track-links=\"\">Anda de acordo com a pol\u00edcia,os homens foram levados com escoria\u00e7\u00f5es para o Pronto-Socorro Central na sequ\u00eancia apresentados \u00e0 Pol\u00edcia Civil. O ve\u00edculo capotado n\u00e3o tem registro de furto.<\/p>\n<p data-track-category=\"Link no Texto\" data-track-links=\"\"><img loading=\"lazy\" decoding=\"async\" class=\"alignnone size-full wp-image-3067\" src=\"https:\/\/jorgezanoni.com.br\/2019\/wp-content\/uploads\/2019\/08\/Bauru1.jpg\" alt=\"\" width=\"1000\" height=\"607\" srcset=\"https:\/\/jorgezanoni.com.br\/2019\/wp-content\/uploads\/2019\/08\/Bauru1.jpg 1000w, https:\/\/jorgezanoni.com.br\/2019\/wp-content\/uploads\/2019\/08\/Bauru1-300x182.jpg 300w, https:\/\/jorgezanoni.com.br\/2019\/wp-content\/uploads\/2019\/08\/Bauru1-768x466.jpg 768w, https:\/\/jorgezanoni.com.br\/2019\/wp-content\/uploads\/2019\/08\/Bauru1-696x422.jpg 696w, https:\/\/jorgezanoni.com.br\/2019\/wp-content\/uploads\/2019\/08\/Bauru1-692x420.jpg 692w\" sizes=\"auto, (max-width: 1000px) 100vw, 1000px\" \/><\/p>\n<p data-track-category=\"Link no Texto\" data-track-links=\"\">Fonte: G1<\/p>\n<\/div>\n<\/div>\n","protected":false},"excerpt":{"rendered":"<p>Quatro homens estavam em um ve\u00edculo, que caiu em um barranco e capotou durante fuga. Com eles foram apreendidos uma arma, uma pistola falsa e uma m\u00e1scara. Quatro suspeitos foram detidos na tarde desta segunda-feira (5) depois de capotaram um carro durante uma persegui\u00e7\u00e3o policial, em Bauru (SP). Segundo a Pol\u00edcia Militar, a suspeita \u00e9 [&hellip;]<\/p>\n","protected":false},"author":1,"featured_media":3068,"comment_status":"closed","ping_status":"open","sticky":false,"template":"","format":"standard","meta":{"footnotes":""},"categories":[110,2],"tags":[],"class_list":["post-3066","post","type-post","status-publish","format-standard","has-post-thumbnail","hentry","category-noticiasdestaque","category-policial"],"_links":{"self":[{"href":"https:\/\/jorgezanoni.com.br\/2019\/wp-json\/wp\/v2\/posts\/3066","targetHints":{"allow":["GET"]}}],"collection":[{"href":"https:\/\/jorgezanoni.com.br\/2019\/wp-json\/wp\/v2\/posts"}],"about":[{"href":"https:\/\/jorgezanoni.com.br\/2019\/wp-json\/wp\/v2\/types\/post"}],"author":[{"embeddable":true,"href":"https:\/\/jorgezanoni.com.br\/2019\/wp-json\/wp\/v2\/users\/1"}],"replies":[{"embeddable":true,"href":"https:\/\/jorgezanoni.com.br\/2019\/wp-json\/wp\/v2\/comments?post=3066"}],"version-history":[{"count":0,"href":"https:\/\/jorgezanoni.com.br\/2019\/wp-json\/wp\/v2\/posts\/3066\/revisions"}],"wp:featuredmedia":[{"embeddable":true,"href":"https:\/\/jorgezanoni.com.br\/2019\/wp-json\/wp\/v2\/media\/3068"}],"wp:attachment":[{"href":"https:\/\/jorgezanoni.com.br\/2019\/wp-json\/wp\/v2\/media?parent=3066"}],"wp:term":[{"taxonomy":"category","embeddable":true,"href":"https:\/\/jorgezanoni.com.br\/2019\/wp-json\/wp\/v2\/categories?post=3066"},{"taxonomy":"post_tag","embeddable":true,"href":"https:\/\/jorgezanoni.com.br\/2019\/wp-json\/wp\/v2\/tags?post=3066"}],"curies":[{"name":"wp","href":"https:\/\/api.w.org\/{rel}","templated":true}]}}