{"id":30659,"date":"2020-07-14T02:30:40","date_gmt":"2020-07-14T02:30:40","guid":{"rendered":"https:\/\/jorgezanoni.com.br\/2019\/?p=30659"},"modified":"2020-07-14T02:32:11","modified_gmt":"2020-07-14T02:32:11","slug":"veiculo-pega-fogo-em-estrada-municipal","status":"publish","type":"post","link":"https:\/\/jorgezanoni.com.br\/2019\/veiculo-pega-fogo-em-estrada-municipal\/","title":{"rendered":"Ve\u00edculo pega fogo em estrada municipal"},"content":{"rendered":"<p style=\"text-align: justify;\">Ve\u00edculo pegou fogo na estrada de Junqueir\u00f3polis sentido Ribeir\u00e3o dos \u00cdndios, carro que ficou totalmente destru\u00eddo.<br \/>\nMais houve atendimento r\u00e1pido de um caminh\u00e3o pipa de uma usina que amenizou que o fogo se alastrasse e assim ningu\u00e9m se feriu.<br \/>\nFoi nas proximidades do Rio do Peixe em frente a fazenda Mirdes.<\/p>\n<p><img loading=\"lazy\" decoding=\"async\" class=\"alignnone size-full wp-image-30660\" src=\"https:\/\/jorgezanoni.com.br\/2019\/wp-content\/uploads\/2020\/07\/fogo-1.jpg\" alt=\"\" width=\"540\" height=\"960\" srcset=\"https:\/\/jorgezanoni.com.br\/2019\/wp-content\/uploads\/2020\/07\/fogo-1.jpg 540w, https:\/\/jorgezanoni.com.br\/2019\/wp-content\/uploads\/2020\/07\/fogo-1-169x300.jpg 169w, https:\/\/jorgezanoni.com.br\/2019\/wp-content\/uploads\/2020\/07\/fogo-1-236x420.jpg 236w\" sizes=\"auto, (max-width: 540px) 100vw, 540px\" \/> <img loading=\"lazy\" decoding=\"async\" class=\"alignnone size-full wp-image-30661\" src=\"https:\/\/jorgezanoni.com.br\/2019\/wp-content\/uploads\/2020\/07\/fogo1.jpg\" alt=\"\" width=\"540\" height=\"960\" srcset=\"https:\/\/jorgezanoni.com.br\/2019\/wp-content\/uploads\/2020\/07\/fogo1.jpg 540w, https:\/\/jorgezanoni.com.br\/2019\/wp-content\/uploads\/2020\/07\/fogo1-169x300.jpg 169w, https:\/\/jorgezanoni.com.br\/2019\/wp-content\/uploads\/2020\/07\/fogo1-236x420.jpg 236w\" sizes=\"auto, (max-width: 540px) 100vw, 540px\" \/> <img loading=\"lazy\" decoding=\"async\" class=\"alignnone size-full wp-image-30662\" src=\"https:\/\/jorgezanoni.com.br\/2019\/wp-content\/uploads\/2020\/07\/fogo2.jpg\" alt=\"\" width=\"960\" height=\"540\" srcset=\"https:\/\/jorgezanoni.com.br\/2019\/wp-content\/uploads\/2020\/07\/fogo2.jpg 960w, https:\/\/jorgezanoni.com.br\/2019\/wp-content\/uploads\/2020\/07\/fogo2-300x169.jpg 300w, https:\/\/jorgezanoni.com.br\/2019\/wp-content\/uploads\/2020\/07\/fogo2-768x432.jpg 768w, https:\/\/jorgezanoni.com.br\/2019\/wp-content\/uploads\/2020\/07\/fogo2-696x392.jpg 696w, https:\/\/jorgezanoni.com.br\/2019\/wp-content\/uploads\/2020\/07\/fogo2-747x420.jpg 747w\" sizes=\"auto, (max-width: 960px) 100vw, 960px\" \/> <img loading=\"lazy\" decoding=\"async\" class=\"alignnone size-full wp-image-30664\" src=\"https:\/\/jorgezanoni.com.br\/2019\/wp-content\/uploads\/2020\/07\/fogo4.jpg\" alt=\"\" width=\"540\" height=\"960\" srcset=\"https:\/\/jorgezanoni.com.br\/2019\/wp-content\/uploads\/2020\/07\/fogo4.jpg 540w, https:\/\/jorgezanoni.com.br\/2019\/wp-content\/uploads\/2020\/07\/fogo4-169x300.jpg 169w, https:\/\/jorgezanoni.com.br\/2019\/wp-content\/uploads\/2020\/07\/fogo4-236x420.jpg 236w\" sizes=\"auto, (max-width: 540px) 100vw, 540px\" \/><\/p>\n<p style=\"text-align: justify;\">Fonte: TVBO<\/p>\n<p style=\"text-align: justify;\">\n","protected":false},"excerpt":{"rendered":"<p>Ve\u00edculo pegou fogo na estrada de Junqueir\u00f3polis sentido Ribeir\u00e3o dos \u00cdndios, carro que ficou totalmente destru\u00eddo. Mais houve atendimento r\u00e1pido de um caminh\u00e3o pipa de uma usina que amenizou que o fogo se alastrasse e assim ningu\u00e9m se feriu. Foi nas proximidades do Rio do Peixe em frente a fazenda Mirdes. Fonte: TVBO<\/p>\n","protected":false},"author":1,"featured_media":30663,"comment_status":"closed","ping_status":"open","sticky":false,"template":"","format":"standard","meta":{"footnotes":""},"categories":[110,2],"tags":[],"class_list":["post-30659","post","type-post","status-publish","format-standard","has-post-thumbnail","hentry","category-noticiasdestaque","category-policial"],"_links":{"self":[{"href":"https:\/\/jorgezanoni.com.br\/2019\/wp-json\/wp\/v2\/posts\/30659","targetHints":{"allow":["GET"]}}],"collection":[{"href":"https:\/\/jorgezanoni.com.br\/2019\/wp-json\/wp\/v2\/posts"}],"about":[{"href":"https:\/\/jorgezanoni.com.br\/2019\/wp-json\/wp\/v2\/types\/post"}],"author":[{"embeddable":true,"href":"https:\/\/jorgezanoni.com.br\/2019\/wp-json\/wp\/v2\/users\/1"}],"replies":[{"embeddable":true,"href":"https:\/\/jorgezanoni.com.br\/2019\/wp-json\/wp\/v2\/comments?post=30659"}],"version-history":[{"count":0,"href":"https:\/\/jorgezanoni.com.br\/2019\/wp-json\/wp\/v2\/posts\/30659\/revisions"}],"wp:featuredmedia":[{"embeddable":true,"href":"https:\/\/jorgezanoni.com.br\/2019\/wp-json\/wp\/v2\/media\/30663"}],"wp:attachment":[{"href":"https:\/\/jorgezanoni.com.br\/2019\/wp-json\/wp\/v2\/media?parent=30659"}],"wp:term":[{"taxonomy":"category","embeddable":true,"href":"https:\/\/jorgezanoni.com.br\/2019\/wp-json\/wp\/v2\/categories?post=30659"},{"taxonomy":"post_tag","embeddable":true,"href":"https:\/\/jorgezanoni.com.br\/2019\/wp-json\/wp\/v2\/tags?post=30659"}],"curies":[{"name":"wp","href":"https:\/\/api.w.org\/{rel}","templated":true}]}}