{"id":30656,"date":"2020-07-14T02:13:40","date_gmt":"2020-07-14T02:13:40","guid":{"rendered":"https:\/\/jorgezanoni.com.br\/2019\/?p=30656"},"modified":"2020-07-14T02:13:40","modified_gmt":"2020-07-14T02:13:40","slug":"cientista-ligado-a-nasa-explica-o-que-e-suposto-ovni-de-marilia","status":"publish","type":"post","link":"https:\/\/jorgezanoni.com.br\/2019\/cientista-ligado-a-nasa-explica-o-que-e-suposto-ovni-de-marilia\/","title":{"rendered":"Cientista ligado \u00e0 Nasa explica o que \u00e9 suposto Ovni de Mar\u00edlia"},"content":{"rendered":"<p style=\"text-align: justify;\">As imagens de um suposto\u00a0<a href=\"https:\/\/marilianoticia.com.br\/ovni-e-visto-proximo-ao-aeroporto-e-assusta-marilienses\/\" target=\"_blank\" rel=\"noopener noreferrer\">Objeto Voador N\u00e3o Identificado (Ovni) na zona Leste de Mar\u00edlia,\u00a0<\/a>veiculadas durante o final de semana, na verdade dizem respeito ao planeta V\u00eanus, tamb\u00e9m conhecido como Estrela da Manh\u00e3 ou Estrela Dalva.<\/p>\n<p style=\"text-align: justify;\">A explica\u00e7\u00e3o \u00e9 do presidente do Grupo Regional de Astronomia de Mar\u00edlia (Grama), Ivan Gl\u00e1ucio Paulino Lima. Ele \u00e9 bi\u00f3logo, mestre em Gen\u00e9tica e Biologia Molecular e doutor em Biof\u00edsica.<\/p>\n<p style=\"text-align: justify;\">Ivan tamb\u00e9m \u00e9 cientista do Blue Marble Space Institute of Science no Centro Ames de Pesquisas da NASA, na Calif\u00f3rnia, Estados Unidos.<\/p>\n<div id=\"attachment_268824\" class=\"wp-caption aligncenter\" style=\"text-align: justify;\"><img loading=\"lazy\" decoding=\"async\" class=\"wp-image-268824 \" src=\"https:\/\/marilianoticia.com.br\/wp-content\/uploads\/2020\/07\/WhatsApp-Image-2020-07-13-at-11.19.11.jpeg\" sizes=\"auto, (max-width: 732px) 100vw, 732px\" srcset=\"https:\/\/marilianoticia.com.br\/wp-content\/uploads\/2020\/07\/WhatsApp-Image-2020-07-13-at-11.19.11.jpeg 600w, https:\/\/marilianoticia.com.br\/wp-content\/uploads\/2020\/07\/WhatsApp-Image-2020-07-13-at-11.19.11-400x267.jpeg 400w\" alt=\"\" width=\"732\" height=\"488\" aria-describedby=\"caption-attachment-268824\" \/><\/p>\n<p id=\"caption-attachment-268824\" class=\"wp-caption-text\">Ivan Glaucio Paulino Lima, presidente do Grama e cientista da Nasa (Foto: Divulga\u00e7\u00e3o\/Nasa)<\/p>\n<\/div>\n<p style=\"text-align: justify;\">De acordo com ele, o hor\u00e1rio em que a luz foi vista pela leitora do\u00a0<strong>Mar\u00edlia Not\u00edcia<\/strong>, por volta das 5h, \u00e9 justamente o momento do dia que V\u00eanus pode ser avistado neste per\u00edodo do ano.<\/p>\n<p style=\"text-align: justify;\">\u201cSe voc\u00ea olhar \u00e0s 5h da manh\u00e3 para o horizonte Leste, o que vai ver \u00e9 V\u00eanus, que \u00e9 uma coisa impressionante mesmo, uma coisa not\u00e1vel\u201d, afirma o cientista. De acordo com ele, \u00e9 comum que o planeta seja confundido com um Ovni.<\/p>\n<p style=\"text-align: justify;\">Ele analisou as imagens veiculadas pelo\u00a0<strong>MN<\/strong>\u00a0no s\u00e1bado (11) e ajudou a explicar o ocorrido. De acordo com Ivan, a c\u00e2mera do celular fica tentando focar o planeta, o que provoca uma imagem circular. Veja abaixo o v\u00eddeo feito por Vinicius Silva, membro do Grama, reproduzindo o efeito que intrigou marilienses.<\/p>\n<div class=\"normal\" style=\"text-align: justify;\">\n<div class=\"entry\">\n<p>Ivan explica tamb\u00e9m que a sensa\u00e7\u00e3o de movimento do objeto luminoso avistado, na verdade \u00e9 oriunda do celular com zoom bastante aproximado, se mexendo.<\/p>\n<p>\u201cNa verdade, o que se mexe \u00e9 a pr\u00f3pria m\u00e3o da pessoa que est\u00e1 gravando, como est\u00e1 com zoom, o movimento \u00e9 mais exagerado. Se a pessoa est\u00e1 vendo s\u00f3 pela tela do celular, vai parecer que est\u00e1 em movimento\u201d, detalhou.<\/p>\n<p>Aplicativos especializados utilizados pelo cientista mostram que a posi\u00e7\u00e3o de V\u00eanus bate com o hor\u00e1rio que o v\u00eddeo foi feito.<\/p>\n<p>Ele tamb\u00e9m comenta que um barulho ouvido pelos respons\u00e1veis pelo v\u00eddeo e um flash capturado pelo celular podem ser referentes a uma tempestade com raios e trov\u00f5es na regi\u00e3o.<\/p>\n<p>Uma hip\u00f3tese que chegou a ser levantada por internautas, sobre as imagens terem mostrado a Esta\u00e7\u00e3o Espacial Internacional, foi descartada por Ivan. De acordo com ele, a Esta\u00e7\u00e3o estaria do outro lado do planeta naquele momento \u2013 e levaria uma hora e meia para dar a volta na Terra.<\/p>\n<p>O presidente do Sistema Astron\u00f4mico de Mar\u00edlia (Sastrom), Jo\u00e3o Fraz\u00e3o, que j\u00e1 havia feito uma an\u00e1lise preliminar das imagens a pedido do\u00a0<strong>MN\u00a0<\/strong>\u2013 e rejeitado a hip\u00f3tese de ser um Ovni \u2013 concorda agora que se trata de V\u00eanus.<\/p>\n<p>\u201cNo dia 11 de julho de 2020, \u00e0s 05h12, V\u00eanus estava em fase crescente em conjun\u00e7\u00e3o com a estrela Aldebaran de Touro pr\u00f3ximo a Leste\u201d, comentou Jo\u00e3o.<\/p>\n<p>\u201cProvavelmente o movimento de nuvens \u00e0 frente do planeta causou a sensa\u00e7\u00e3o de movimentos. De forma que n\u00e3o existe nada de anormal, muito menos visita extraterrestre\u201d, comentou o presidente do Sastrom.<\/p>\n<div id=\"attachment_268825\" class=\"wp-caption aligncenter\"><img loading=\"lazy\" decoding=\"async\" class=\"wp-image-268825 size-large\" src=\"https:\/\/marilianoticia.com.br\/wp-content\/uploads\/2020\/07\/WhatsApp-Image-2020-07-13-at-11.19.05-960x436.jpeg\" sizes=\"auto, (max-width: 960px) 100vw, 960px\" srcset=\"https:\/\/marilianoticia.com.br\/wp-content\/uploads\/2020\/07\/WhatsApp-Image-2020-07-13-at-11.19.05-960x436.jpeg 960w, https:\/\/marilianoticia.com.br\/wp-content\/uploads\/2020\/07\/WhatsApp-Image-2020-07-13-at-11.19.05-400x182.jpeg 400w, https:\/\/marilianoticia.com.br\/wp-content\/uploads\/2020\/07\/WhatsApp-Image-2020-07-13-at-11.19.05-768x349.jpeg 768w, https:\/\/marilianoticia.com.br\/wp-content\/uploads\/2020\/07\/WhatsApp-Image-2020-07-13-at-11.19.05-881x400.jpeg 881w, https:\/\/marilianoticia.com.br\/wp-content\/uploads\/2020\/07\/WhatsApp-Image-2020-07-13-at-11.19.05.jpeg 1280w\" alt=\"\" width=\"960\" height=\"436\" aria-describedby=\"caption-attachment-268825\" \/><\/p>\n<p id=\"caption-attachment-268825\" class=\"wp-caption-text\">Perfil de Ivan em site da Nasa (Imagem: Reprodu\u00e7\u00e3o)<\/p>\n<p class=\"wp-caption-text\">Fonte: marilianoticias.com.br<\/p>\n<p>&nbsp;<\/p>\n<\/div>\n<\/div>\n<\/div>\n<aside class=\"sidebar\">\n<ul>\n<li id=\"wpp-3\" class=\"widget popular-posts\" style=\"list-style-type: none;\">\n<ul class=\"wpp-list wpp-list-with-thumbnails\">\n<li class=\"current\" style=\"text-align: justify;\"><\/li>\n<\/ul>\n<\/li>\n<\/ul>\n<\/aside>\n","protected":false},"excerpt":{"rendered":"<p>As imagens de um suposto\u00a0Objeto Voador N\u00e3o Identificado (Ovni) na zona Leste de Mar\u00edlia,\u00a0veiculadas durante o final de semana, na verdade dizem respeito ao planeta V\u00eanus, tamb\u00e9m conhecido como Estrela da Manh\u00e3 ou Estrela Dalva. A explica\u00e7\u00e3o \u00e9 do presidente do Grupo Regional de Astronomia de Mar\u00edlia (Grama), Ivan Gl\u00e1ucio Paulino Lima. Ele \u00e9 bi\u00f3logo, [&hellip;]<\/p>\n","protected":false},"author":1,"featured_media":30657,"comment_status":"closed","ping_status":"open","sticky":false,"template":"","format":"standard","meta":{"footnotes":""},"categories":[114,110],"tags":[],"class_list":["post-30656","post","type-post","status-publish","format-standard","has-post-thumbnail","hentry","category-geralecomercio","category-noticiasdestaque"],"_links":{"self":[{"href":"https:\/\/jorgezanoni.com.br\/2019\/wp-json\/wp\/v2\/posts\/30656","targetHints":{"allow":["GET"]}}],"collection":[{"href":"https:\/\/jorgezanoni.com.br\/2019\/wp-json\/wp\/v2\/posts"}],"about":[{"href":"https:\/\/jorgezanoni.com.br\/2019\/wp-json\/wp\/v2\/types\/post"}],"author":[{"embeddable":true,"href":"https:\/\/jorgezanoni.com.br\/2019\/wp-json\/wp\/v2\/users\/1"}],"replies":[{"embeddable":true,"href":"https:\/\/jorgezanoni.com.br\/2019\/wp-json\/wp\/v2\/comments?post=30656"}],"version-history":[{"count":0,"href":"https:\/\/jorgezanoni.com.br\/2019\/wp-json\/wp\/v2\/posts\/30656\/revisions"}],"wp:featuredmedia":[{"embeddable":true,"href":"https:\/\/jorgezanoni.com.br\/2019\/wp-json\/wp\/v2\/media\/30657"}],"wp:attachment":[{"href":"https:\/\/jorgezanoni.com.br\/2019\/wp-json\/wp\/v2\/media?parent=30656"}],"wp:term":[{"taxonomy":"category","embeddable":true,"href":"https:\/\/jorgezanoni.com.br\/2019\/wp-json\/wp\/v2\/categories?post=30656"},{"taxonomy":"post_tag","embeddable":true,"href":"https:\/\/jorgezanoni.com.br\/2019\/wp-json\/wp\/v2\/tags?post=30656"}],"curies":[{"name":"wp","href":"https:\/\/api.w.org\/{rel}","templated":true}]}}