{"id":30653,"date":"2020-07-14T01:53:12","date_gmt":"2020-07-14T01:53:12","guid":{"rendered":"https:\/\/jorgezanoni.com.br\/2019\/?p=30653"},"modified":"2020-07-14T01:53:12","modified_gmt":"2020-07-14T01:53:12","slug":"suspeito-de-passar-a-mao-em-moca-no-calcadao-do-centro-de-presidente-prudente-e-detido-pela-policia-militar","status":"publish","type":"post","link":"https:\/\/jorgezanoni.com.br\/2019\/suspeito-de-passar-a-mao-em-moca-no-calcadao-do-centro-de-presidente-prudente-e-detido-pela-policia-militar\/","title":{"rendered":"Suspeito de passar a m\u00e3o em mo\u00e7a no Cal\u00e7ad\u00e3o do Centro de Presidente Prudente \u00e9 detido pela Pol\u00edcia Militar"},"content":{"rendered":"<h2 class=\"content-head__subtitle\" style=\"text-align: justify;\"><strong>Na Delegacia Participativa, homem alegou que, ao cruzar com a v\u00edtima, acabou se desequilibrando e com isso esbarrou na jovem. Pol\u00edcia Civil registrou o caso e liberou o envolvido.<\/strong><\/h2>\n<div class=\"mc-column content-text active-extra-styles \" data-block-type=\"unstyled\" data-block-weight=\"41\" data-block-id=\"2\">\n<p class=\"content-text__container \" style=\"text-align: justify;\" data-track-category=\"Link no Texto\" data-track-links=\"\">A Pol\u00edcia Militar deteve na tarde desta segunda-feira (13) um homem de 42 anos suspeito de ter passado a m\u00e3o na bunda de uma mo\u00e7a, de 21 anos, no Cal\u00e7ad\u00e3o da Rua Tenente Nicolau Maffei, no Centro de\u00a0<a href=\"https:\/\/g1.globo.com\/sp\/presidente-prudente-regiao\/cidade\/presidente-prudente\/\">Presidente Prudente (SP)<\/a>.<\/p>\n<\/div>\n<div class=\"wall protected-content\">\n<div class=\"mc-column content-text active-extra-styles \" style=\"text-align: justify;\" data-block-type=\"unstyled\" data-block-weight=\"18\" data-block-id=\"3\">\n<p class=\"content-text__container \" data-track-category=\"Link no Texto\" data-track-links=\"\">O suspeito foi levado \u00e0 Delegacia Participativa e acabou liberado pela Pol\u00edcia Civil, ap\u00f3s o registro do caso.<\/p>\n<\/div>\n<div class=\"mc-column content-text active-extra-styles \" style=\"text-align: justify;\" data-block-type=\"unstyled\" data-block-weight=\"49\" data-block-id=\"4\">\n<p class=\"content-text__container \" data-track-category=\"Link no Texto\" data-track-links=\"\">De acordo com as informa\u00e7\u00f5es do Boletim de Ocorr\u00eancia registrado na Delegacia Participativa da Pol\u00edcia Civil, a v\u00edtima abordou policiais militares que faziam patrulhamento rotineiro pelo Centro de Presidente Prudente e contou que caminhava pelo Cal\u00e7ad\u00e3o, acompanhada de sua irm\u00e3, quando um homem desconhecido havia passado a m\u00e3o nela.<\/p>\n<\/div>\n<div class=\"mc-column content-text active-extra-styles \" style=\"text-align: justify;\" data-block-type=\"unstyled\" data-block-weight=\"24\" data-block-id=\"5\">\n<p class=\"content-text__container \" data-track-category=\"Link no Texto\" data-track-links=\"\">A jovem contou que, ao interpelar o homem, ele n\u00e3o teria gostado da atitude e, temerosa, a v\u00edtima se abrigou em um estabelecimento comercial.<\/p>\n<\/div>\n<div class=\"mc-column content-text active-extra-styles \" style=\"text-align: justify;\" data-block-type=\"unstyled\" data-block-weight=\"16\" data-block-id=\"6\">\n<p class=\"content-text__container \" data-track-category=\"Link no Texto\" data-track-links=\"\">Segundo o Boletim de Ocorr\u00eancia, o desconhecido saiu do local, tomando o rumo da Avenida Brasil.<\/p>\n<\/div>\n<div class=\"mc-column content-text active-extra-styles \" style=\"text-align: justify;\" data-block-type=\"unstyled\" data-block-weight=\"20\" data-block-id=\"7\">\n<p class=\"content-text__container \" data-track-category=\"Link no Texto\" data-track-links=\"\">Com informa\u00e7\u00f5es sobre as caracter\u00edsticas f\u00edsicas do suspeito, os militares conseguiram abord\u00e1-lo no cruzamento das avenidas Brasil e Washington Luiz.<\/p>\n<\/div>\n<div class=\"mc-column content-text active-extra-styles \" style=\"text-align: justify;\" data-block-type=\"unstyled\" data-block-weight=\"23\" data-block-id=\"8\">\n<p class=\"content-text__container \" data-track-category=\"Link no Texto\" data-track-links=\"\">Conforme o Boletim de Ocorr\u00eancia, o suspeito alegou aos militares que havia \u201cdado um tapa na bunda de uma mo\u00e7a, mas sem maldade\u201d.<\/p>\n<\/div>\n<div class=\"mc-column content-text active-extra-styles \" style=\"text-align: justify;\" data-block-type=\"unstyled\" data-block-weight=\"16\" data-block-id=\"9\">\n<p class=\"content-text__container \" data-track-category=\"Link no Texto\" data-track-links=\"\">A v\u00edtima e o suspeito foram levados \u00e0 Delegacia Participativa, onde prestaram declara\u00e7\u00f5es \u00e0 Pol\u00edcia Civil.<\/p>\n<\/div>\n<div class=\"mc-column content-text active-extra-styles \" style=\"text-align: justify;\" data-block-type=\"unstyled\" data-block-weight=\"13\" data-block-id=\"11\">\n<p class=\"content-text__container \" data-track-category=\"Link no Texto\" data-track-links=\"\">A mo\u00e7a afirmou que havia levado um tapa na bunda desferido pelo suspeito.<\/p>\n<\/div>\n<div class=\"mc-column content-text active-extra-styles \" style=\"text-align: justify;\" data-block-type=\"unstyled\" data-block-weight=\"41\" data-block-id=\"12\">\n<p class=\"content-text__container \" data-track-category=\"Link no Texto\" data-track-links=\"\">J\u00e1 o suspeito disse, na delegacia, que, ao cruzar com uma mo\u00e7a, acabou se desequilibrando, pois tem problemas no joelho, e com isso esbarrou na jovem, mas n\u00e3o passou a m\u00e3o na bunda dela. Ele tamb\u00e9m contou que havia ingerido pinga.<\/p>\n<\/div>\n<div class=\"mc-column content-text active-extra-styles \" data-block-type=\"unstyled\" data-block-weight=\"60\" data-block-id=\"13\">\n<p class=\"content-text__container \" style=\"text-align: justify;\" data-track-category=\"Link no Texto\" data-track-links=\"\">A Pol\u00edcia Civil decidiu registrar o caso como importuna\u00e7\u00e3o sexual, objetivando \u201cuma melhor individualiza\u00e7\u00e3o de condutas, a fim de que a autoria e a materialidade, estas sim, restem bem delineadas e desprovidas de d\u00favidas em sede de apura\u00e7\u00f5es pr\u00f3pria, a fim de que possa o Poder Judici\u00e1rio declarar ou n\u00e3o a exist\u00eancia de responsabilidade criminal e impor eventual san\u00e7\u00e3o penal\u201d.<\/p>\n<p data-track-category=\"Link no Texto\" data-track-links=\"\">Fonte: G1<\/p>\n<\/div>\n<\/div>\n","protected":false},"excerpt":{"rendered":"<p>Na Delegacia Participativa, homem alegou que, ao cruzar com a v\u00edtima, acabou se desequilibrando e com isso esbarrou na jovem. Pol\u00edcia Civil registrou o caso e liberou o envolvido. A Pol\u00edcia Militar deteve na tarde desta segunda-feira (13) um homem de 42 anos suspeito de ter passado a m\u00e3o na bunda de uma mo\u00e7a, de [&hellip;]<\/p>\n","protected":false},"author":1,"featured_media":30654,"comment_status":"closed","ping_status":"open","sticky":false,"template":"","format":"standard","meta":{"footnotes":""},"categories":[110,2],"tags":[],"class_list":["post-30653","post","type-post","status-publish","format-standard","has-post-thumbnail","hentry","category-noticiasdestaque","category-policial"],"_links":{"self":[{"href":"https:\/\/jorgezanoni.com.br\/2019\/wp-json\/wp\/v2\/posts\/30653","targetHints":{"allow":["GET"]}}],"collection":[{"href":"https:\/\/jorgezanoni.com.br\/2019\/wp-json\/wp\/v2\/posts"}],"about":[{"href":"https:\/\/jorgezanoni.com.br\/2019\/wp-json\/wp\/v2\/types\/post"}],"author":[{"embeddable":true,"href":"https:\/\/jorgezanoni.com.br\/2019\/wp-json\/wp\/v2\/users\/1"}],"replies":[{"embeddable":true,"href":"https:\/\/jorgezanoni.com.br\/2019\/wp-json\/wp\/v2\/comments?post=30653"}],"version-history":[{"count":0,"href":"https:\/\/jorgezanoni.com.br\/2019\/wp-json\/wp\/v2\/posts\/30653\/revisions"}],"wp:featuredmedia":[{"embeddable":true,"href":"https:\/\/jorgezanoni.com.br\/2019\/wp-json\/wp\/v2\/media\/30654"}],"wp:attachment":[{"href":"https:\/\/jorgezanoni.com.br\/2019\/wp-json\/wp\/v2\/media?parent=30653"}],"wp:term":[{"taxonomy":"category","embeddable":true,"href":"https:\/\/jorgezanoni.com.br\/2019\/wp-json\/wp\/v2\/categories?post=30653"},{"taxonomy":"post_tag","embeddable":true,"href":"https:\/\/jorgezanoni.com.br\/2019\/wp-json\/wp\/v2\/tags?post=30653"}],"curies":[{"name":"wp","href":"https:\/\/api.w.org\/{rel}","templated":true}]}}