{"id":30649,"date":"2020-07-14T01:32:25","date_gmt":"2020-07-14T01:32:25","guid":{"rendered":"https:\/\/jorgezanoni.com.br\/2019\/?p=30649"},"modified":"2020-07-14T01:32:25","modified_gmt":"2020-07-14T01:32:25","slug":"associacao-da-faive-comunica-adiamento-do-evento-programado-para-agosto","status":"publish","type":"post","link":"https:\/\/jorgezanoni.com.br\/2019\/associacao-da-faive-comunica-adiamento-do-evento-programado-para-agosto\/","title":{"rendered":"Associa\u00e7\u00e3o da Faive comunica adiamento do evento programado para agosto"},"content":{"rendered":"<p style=\"text-align: justify;\">A Associa\u00e7\u00e3o Faive, respons\u00e1vel pela organiza\u00e7\u00e3o da Feira Agropecu\u00e1ria e Industrial de Presidente Venceslau, divulgou na noite desta segunda-feira (13), comunicado oficial sobre o adiamento do evento programado para o pr\u00f3ximo m\u00eas de agosto.<\/p>\n<p style=\"text-align: justify;\">De acordo com a nota, a decis\u00e3o foi tomada em fun\u00e7\u00e3o da pandemia causada pelo novo coronav\u00edrus e como precau\u00e7\u00e3o a\u00a0seguran\u00e7a e ao cuidado com a sa\u00fade do p\u00fablico, dos artistas e de toda a equipe de trabalho envolvida na realiza\u00e7\u00e3o da tradicional exposi\u00e7\u00e3o agropecu\u00e1ria.<\/p>\n<p style=\"text-align: justify;\">A Associa\u00e7\u00e3o Faive informa que\u00a0aguarda o plano de retomada de eventos para anunciar a remarca\u00e7\u00e3o do evento.<\/p>\n<p style=\"text-align: justify;\">Os ingressos comercializados\u00a0continuam v\u00e1lidos para a programa\u00e7\u00e3o nas novas datas da Faive, de acordo com a Medida Provis\u00f3ria 948\/20, que trata de eventos adiados em fun\u00e7\u00e3o da crise do coronav\u00edrus.<\/p>\n<p style=\"text-align: justify;\"><strong>Confira abaixo o comunicado oficial na \u00edntegra.\u00a0<\/strong><\/p>\n<p style=\"text-align: justify;\"><em>&#8220;A Associa\u00e7\u00e3o da Feira Agropecu\u00e1ria e Industrial de Presidente Venceslau, respons\u00e1vel pela organiza\u00e7\u00e3o do evento Faive, informa de forma oficial que devido a pandemia do coronav\u00edrus, n\u00e3o ser\u00e1 poss\u00edvel realizar o evento programado para o per\u00edodo de 08 \u00e0 16 de agosto de 2020.<\/em><\/p>\n<p style=\"text-align: justify;\"><em>A decis\u00e3o se deve \u00e0 seguran\u00e7a e ao cuidado com a sa\u00fade do p\u00fablico, dos artistas e de toda a equipe de trabalho envolvida na realiza\u00e7\u00e3o da Exposi\u00e7\u00e3o.<\/em><\/p>\n<p style=\"text-align: justify;\"><em>A Associa\u00e7\u00e3o Faive informa que aguarda o plano de retomada de eventos para anunciar a remarca\u00e7\u00e3o da Feira.<\/em><\/p>\n<p style=\"text-align: justify;\"><em>Fica garantido que os ingressos j\u00e1 adquiridos de forma antecipada continuam v\u00e1lidos para a programa\u00e7\u00e3o nas novas datas da Faive, de acordo com a Medida Provis\u00f3ria 948\/20, assinada pelo Presidente da Rep\u00fablica em 08 de abril de 2020.<\/em><\/p>\n<p style=\"text-align: justify;\"><em>Outras informa\u00e7\u00f5es ser\u00e3o acrescentadas em breve pela Associa\u00e7\u00e3o Faive.&#8221;<\/em><\/p>\n<p style=\"text-align: justify;\">Fonte: Portal Bueno<\/p>\n","protected":false},"excerpt":{"rendered":"<p>A Associa\u00e7\u00e3o Faive, respons\u00e1vel pela organiza\u00e7\u00e3o da Feira Agropecu\u00e1ria e Industrial de Presidente Venceslau, divulgou na noite desta segunda-feira (13), comunicado oficial sobre o adiamento do evento programado para o pr\u00f3ximo m\u00eas de agosto. De acordo com a nota, a decis\u00e3o foi tomada em fun\u00e7\u00e3o da pandemia causada pelo novo coronav\u00edrus e como precau\u00e7\u00e3o a\u00a0seguran\u00e7a [&hellip;]<\/p>\n","protected":false},"author":1,"featured_media":30650,"comment_status":"closed","ping_status":"open","sticky":false,"template":"","format":"standard","meta":{"footnotes":""},"categories":[114,110],"tags":[],"class_list":["post-30649","post","type-post","status-publish","format-standard","has-post-thumbnail","hentry","category-geralecomercio","category-noticiasdestaque"],"_links":{"self":[{"href":"https:\/\/jorgezanoni.com.br\/2019\/wp-json\/wp\/v2\/posts\/30649","targetHints":{"allow":["GET"]}}],"collection":[{"href":"https:\/\/jorgezanoni.com.br\/2019\/wp-json\/wp\/v2\/posts"}],"about":[{"href":"https:\/\/jorgezanoni.com.br\/2019\/wp-json\/wp\/v2\/types\/post"}],"author":[{"embeddable":true,"href":"https:\/\/jorgezanoni.com.br\/2019\/wp-json\/wp\/v2\/users\/1"}],"replies":[{"embeddable":true,"href":"https:\/\/jorgezanoni.com.br\/2019\/wp-json\/wp\/v2\/comments?post=30649"}],"version-history":[{"count":0,"href":"https:\/\/jorgezanoni.com.br\/2019\/wp-json\/wp\/v2\/posts\/30649\/revisions"}],"wp:featuredmedia":[{"embeddable":true,"href":"https:\/\/jorgezanoni.com.br\/2019\/wp-json\/wp\/v2\/media\/30650"}],"wp:attachment":[{"href":"https:\/\/jorgezanoni.com.br\/2019\/wp-json\/wp\/v2\/media?parent=30649"}],"wp:term":[{"taxonomy":"category","embeddable":true,"href":"https:\/\/jorgezanoni.com.br\/2019\/wp-json\/wp\/v2\/categories?post=30649"},{"taxonomy":"post_tag","embeddable":true,"href":"https:\/\/jorgezanoni.com.br\/2019\/wp-json\/wp\/v2\/tags?post=30649"}],"curies":[{"name":"wp","href":"https:\/\/api.w.org\/{rel}","templated":true}]}}