{"id":30646,"date":"2020-07-14T00:52:25","date_gmt":"2020-07-14T00:52:25","guid":{"rendered":"https:\/\/jorgezanoni.com.br\/2019\/?p=30646"},"modified":"2020-07-14T00:52:25","modified_gmt":"2020-07-14T00:52:25","slug":"acidente-entre-carro-e-bicicleta-deixa-ciclista-ferido-em-venceslau","status":"publish","type":"post","link":"https:\/\/jorgezanoni.com.br\/2019\/acidente-entre-carro-e-bicicleta-deixa-ciclista-ferido-em-venceslau\/","title":{"rendered":"Acidente entre carro e bicicleta deixa ciclista ferido em Venceslau"},"content":{"rendered":"<p style=\"text-align: justify;\">Um jovem ciclista de 17 anos de idade ficou ferido ap\u00f3s se envolver em um acidente no in\u00edcio da noite desta segunda-feira (13) em Presidente Venceslau. Ele colidiu frontalmente contra um ve\u00edculo Air Cross no prolongamento da avenida Carlos Platzeck.<\/p>\n<p style=\"text-align: justify;\">A motorista do Air Cross, uma senhora de 75 anos de idade, seguia pela via no sentido centro\/bairro, quando iniciou manobra para entrar na rua Ernane Murad. O ciclista seguia com a bicicleta motorizada no sentido bairro\/centro e acabou colidindo com o autom\u00f3vel.<\/p>\n<p style=\"text-align: justify;\">Com o impacto o ciclista caiu no ch\u00e3o e partes da bicicleta atingiram o parabrisa do carro que teve a frente toda danificada.<\/p>\n<p style=\"text-align: justify;\">O ciclista, de acordo com informa\u00e7\u00f5es, voltava do trabalho. Ele teve escoria\u00e7\u00f5es\u00a0e foi encaminhado pelo Corpo de Bombeiros at\u00e9 o Pronto Socorro da Santa Casa. Ele estava consciente e reclamava de dores, por\u00e9m, o estado n\u00e3o apresentava gravidade.<\/p>\n<p style=\"text-align: justify;\">O rapaz passa por exames e avalia\u00e7\u00e3o m\u00e9dica. A motorista do carro nada sofreu.<\/p>\n<p style=\"text-align: justify;\">A Pol\u00edcia Militar foi acionada e a Per\u00edcia T\u00e9cnica ir\u00e1 elaborar um laudo para apurar as causas do acidente.<\/p>\n<p style=\"text-align: justify;\"><img decoding=\"async\" src=\"https:\/\/www.portalbueno.com.br\/uploads\/news\/13_07_2020_085941_504.jpg\" alt=\"\" \/><\/p>\n<p style=\"text-align: justify;\"><img decoding=\"async\" src=\"https:\/\/www.portalbueno.com.br\/uploads\/news\/13_07_2020_085932_274.jpg\" alt=\"\" \/><\/p>\n<p style=\"text-align: justify;\"><img decoding=\"async\" src=\"https:\/\/www.portalbueno.com.br\/uploads\/news\/13_07_2020_085923_42.jpg\" alt=\"\" \/>Fonte: Portal Bueno<\/p>\n","protected":false},"excerpt":{"rendered":"<p>Um jovem ciclista de 17 anos de idade ficou ferido ap\u00f3s se envolver em um acidente no in\u00edcio da noite desta segunda-feira (13) em Presidente Venceslau. Ele colidiu frontalmente contra um ve\u00edculo Air Cross no prolongamento da avenida Carlos Platzeck. A motorista do Air Cross, uma senhora de 75 anos de idade, seguia pela via [&hellip;]<\/p>\n","protected":false},"author":1,"featured_media":30647,"comment_status":"closed","ping_status":"open","sticky":false,"template":"","format":"standard","meta":{"footnotes":""},"categories":[170,110],"tags":[],"class_list":["post-30646","post","type-post","status-publish","format-standard","has-post-thumbnail","hentry","category-acidentes","category-noticiasdestaque"],"_links":{"self":[{"href":"https:\/\/jorgezanoni.com.br\/2019\/wp-json\/wp\/v2\/posts\/30646","targetHints":{"allow":["GET"]}}],"collection":[{"href":"https:\/\/jorgezanoni.com.br\/2019\/wp-json\/wp\/v2\/posts"}],"about":[{"href":"https:\/\/jorgezanoni.com.br\/2019\/wp-json\/wp\/v2\/types\/post"}],"author":[{"embeddable":true,"href":"https:\/\/jorgezanoni.com.br\/2019\/wp-json\/wp\/v2\/users\/1"}],"replies":[{"embeddable":true,"href":"https:\/\/jorgezanoni.com.br\/2019\/wp-json\/wp\/v2\/comments?post=30646"}],"version-history":[{"count":0,"href":"https:\/\/jorgezanoni.com.br\/2019\/wp-json\/wp\/v2\/posts\/30646\/revisions"}],"wp:featuredmedia":[{"embeddable":true,"href":"https:\/\/jorgezanoni.com.br\/2019\/wp-json\/wp\/v2\/media\/30647"}],"wp:attachment":[{"href":"https:\/\/jorgezanoni.com.br\/2019\/wp-json\/wp\/v2\/media?parent=30646"}],"wp:term":[{"taxonomy":"category","embeddable":true,"href":"https:\/\/jorgezanoni.com.br\/2019\/wp-json\/wp\/v2\/categories?post=30646"},{"taxonomy":"post_tag","embeddable":true,"href":"https:\/\/jorgezanoni.com.br\/2019\/wp-json\/wp\/v2\/tags?post=30646"}],"curies":[{"name":"wp","href":"https:\/\/api.w.org\/{rel}","templated":true}]}}