{"id":30643,"date":"2020-07-13T23:52:49","date_gmt":"2020-07-13T23:52:49","guid":{"rendered":"https:\/\/jorgezanoni.com.br\/2019\/?p=30643"},"modified":"2020-07-13T23:52:49","modified_gmt":"2020-07-13T23:52:49","slug":"prefeitura-de-dracena-confirma-mais-uma-morte-suspeita-da-covid-19","status":"publish","type":"post","link":"https:\/\/jorgezanoni.com.br\/2019\/prefeitura-de-dracena-confirma-mais-uma-morte-suspeita-da-covid-19\/","title":{"rendered":"Prefeitura de Dracena confirma mais uma morte suspeita da COVID-19"},"content":{"rendered":"<div id=\"js_2xt\" class=\"_5pbx userContent _3576\" data-testid=\"post_message\" data-ft=\"{&quot;tn&quot;:&quot;K&quot;}\">\n<div id=\"id_5f0cf2eec6ad97d84357758\" class=\"text_exposed_root text_exposed\">\n<p style=\"text-align: justify;\">A Prefeitura de Dracena, por meio da Secretaria Municipal de Sa\u00fade e Higiene P\u00fablica, confirma o falecimento de uma moradora de Dracena aos 34 anos de idade. A morte da paciente \u00e9 considerada SUSPEITA de Covid-19.<\/p>\n<p style=\"text-align: justify;\">O \u00f3bito ocorreu por volta de 13h30, e a Prefeitura foi comunicada oficialmente \u00e0s 14h50.<\/p>\n<p style=\"text-align: justify;\">Hoje (13) pela manh\u00e3, antes do \u00f3bito, foi colhido material SWAB da paciente e enviado para exame PCR no laborat\u00f3rio do Instituto Adolfo Lutz de S\u00e3o Paulo.<\/p>\n<div class=\"text_exposed_show\" style=\"text-align: justify;\">\n<p>A Prefeitura aguardar\u00e1 resultado do exame PCR para poss\u00edvel confirma\u00e7\u00e3o ou descarte da suspeita.<\/p>\n<p>A Prefeitura, lamenta o ocorrido e externa solidariedade aos familiares e amigos da v\u00edtima.<\/p>\n<\/div>\n<\/div>\n<\/div>\n<div class=\"_3x-2\" data-ft=\"{&quot;tn&quot;:&quot;H&quot;}\">\n<div data-ft=\"{&quot;tn&quot;:&quot;H&quot;}\">\n<div class=\"mtm\">\n<div>\n<div class=\"_5cq3 _1ktf\" style=\"text-align: justify;\" data-ft=\"{&quot;tn&quot;:&quot;E&quot;}\">Fonte: https:\/\/www.facebook.com\/prefeituradracena\/<\/div>\n<\/div>\n<\/div>\n<\/div>\n<\/div>\n","protected":false},"excerpt":{"rendered":"<p>A Prefeitura de Dracena, por meio da Secretaria Municipal de Sa\u00fade e Higiene P\u00fablica, confirma o falecimento de uma moradora de Dracena aos 34 anos de idade. A morte da paciente \u00e9 considerada SUSPEITA de Covid-19. O \u00f3bito ocorreu por volta de 13h30, e a Prefeitura foi comunicada oficialmente \u00e0s 14h50. Hoje (13) pela manh\u00e3, [&hellip;]<\/p>\n","protected":false},"author":1,"featured_media":30644,"comment_status":"closed","ping_status":"open","sticky":false,"template":"","format":"standard","meta":{"footnotes":""},"categories":[179,184,110],"tags":[],"class_list":["post-30643","post","type-post","status-publish","format-standard","has-post-thumbnail","hentry","category-cidadeseregiao","category-dracena","category-noticiasdestaque"],"_links":{"self":[{"href":"https:\/\/jorgezanoni.com.br\/2019\/wp-json\/wp\/v2\/posts\/30643","targetHints":{"allow":["GET"]}}],"collection":[{"href":"https:\/\/jorgezanoni.com.br\/2019\/wp-json\/wp\/v2\/posts"}],"about":[{"href":"https:\/\/jorgezanoni.com.br\/2019\/wp-json\/wp\/v2\/types\/post"}],"author":[{"embeddable":true,"href":"https:\/\/jorgezanoni.com.br\/2019\/wp-json\/wp\/v2\/users\/1"}],"replies":[{"embeddable":true,"href":"https:\/\/jorgezanoni.com.br\/2019\/wp-json\/wp\/v2\/comments?post=30643"}],"version-history":[{"count":0,"href":"https:\/\/jorgezanoni.com.br\/2019\/wp-json\/wp\/v2\/posts\/30643\/revisions"}],"wp:featuredmedia":[{"embeddable":true,"href":"https:\/\/jorgezanoni.com.br\/2019\/wp-json\/wp\/v2\/media\/30644"}],"wp:attachment":[{"href":"https:\/\/jorgezanoni.com.br\/2019\/wp-json\/wp\/v2\/media?parent=30643"}],"wp:term":[{"taxonomy":"category","embeddable":true,"href":"https:\/\/jorgezanoni.com.br\/2019\/wp-json\/wp\/v2\/categories?post=30643"},{"taxonomy":"post_tag","embeddable":true,"href":"https:\/\/jorgezanoni.com.br\/2019\/wp-json\/wp\/v2\/tags?post=30643"}],"curies":[{"name":"wp","href":"https:\/\/api.w.org\/{rel}","templated":true}]}}