{"id":30587,"date":"2020-07-12T23:06:15","date_gmt":"2020-07-12T23:06:15","guid":{"rendered":"https:\/\/jorgezanoni.com.br\/2019\/?p=30587"},"modified":"2020-07-12T23:06:15","modified_gmt":"2020-07-12T23:06:15","slug":"morre-o-ex-comandante-do-corpo-de-bombeiros-de-adamantina-capitao-sabaraense","status":"publish","type":"post","link":"https:\/\/jorgezanoni.com.br\/2019\/morre-o-ex-comandante-do-corpo-de-bombeiros-de-adamantina-capitao-sabaraense\/","title":{"rendered":"Morre o ex-comandante do Corpo de Bombeiros de Adamantina, \u201cCapit\u00e3o Sabaraense\u201d"},"content":{"rendered":"<p style=\"text-align: justify;\">Morreu aos 75 anos de idade em Mar\u00edlia neste domingo (12), Jos\u00e9 Carlos Sabaraense \u2013 o \u201cCapit\u00e3o Sabaraense\u201d.<\/p>\n<p style=\"text-align: justify;\">Ele comandou o Corpo de Bombeiros de Adamantina e atuou mais de 30 anos na corpora\u00e7\u00e3o.<\/p>\n<p style=\"text-align: justify;\">O vel\u00f3rio de Sabaraense teve in\u00edcio \u00e0s 19h e se estende at\u00e9 as 21h no Vel\u00f3rio da Saudade de Mar\u00edlia.<\/p>\n<p style=\"text-align: justify;\">Na manh\u00e3 desta segunda-feira (13), o vel\u00f3rio ser\u00e1 reaberto \u00e0s 7h e o sepultamento previsto para ocorrer \u00e0s 10h no Cemit\u00e9rio da Saudade de Mar\u00edlia.<\/p>\n<p style=\"text-align: justify;\"><img loading=\"lazy\" decoding=\"async\" class=\"aligncenter jetpack-lazy-image jetpack-lazy-image--handled\" src=\"https:\/\/i0.wp.com\/www.sigamais.com\/arquivo\/uploads\/inaugurajpg15945770515f0b509b7ab4d.jpg?resize=706%2C397&amp;ssl=1\" width=\"706\" height=\"397\" data-recalc-dims=\"1\" data-lazy-loaded=\"1\" \/><\/p>\n<p style=\"text-align: justify;\">Em 13 de junho de 1.991, o ent\u00e3o Tenente Sabaraense comandava o Corpo de Bombeiros de Adamantina, data em que ocorreu a inaugura\u00e7\u00e3o do atual pr\u00e9dio da corpora\u00e7\u00e3o.<\/p>\n<p style=\"text-align: justify;\">No Pelot\u00e3o de Bombeiros de Adamantina, um barco que pertenceu \u00e0 Sabaraense foi transformado em uma floreira e faz parte da jardinagem, agora ser\u00e1 uma alus\u00e3o ao seu \u201ceterno comandante\u201d.<\/p>\n<p><img loading=\"lazy\" decoding=\"async\" class=\"aligncenter jetpack-lazy-image jetpack-lazy-image--handled\" src=\"https:\/\/i2.wp.com\/www.sigamais.com\/arquivo\/uploads\/barcojpg15945769475f0b5033f19f7.jpg?resize=714%2C351&amp;ssl=1\" width=\"714\" height=\"351\" data-recalc-dims=\"1\" data-lazy-loaded=\"1\" \/><\/p>\n<p>Fonte: adamantinanet.com.br<\/p>\n","protected":false},"excerpt":{"rendered":"<p>Morreu aos 75 anos de idade em Mar\u00edlia neste domingo (12), Jos\u00e9 Carlos Sabaraense \u2013 o \u201cCapit\u00e3o Sabaraense\u201d. Ele comandou o Corpo de Bombeiros de Adamantina e atuou mais de 30 anos na corpora\u00e7\u00e3o. O vel\u00f3rio de Sabaraense teve in\u00edcio \u00e0s 19h e se estende at\u00e9 as 21h no Vel\u00f3rio da Saudade de Mar\u00edlia. Na [&hellip;]<\/p>\n","protected":false},"author":1,"featured_media":30588,"comment_status":"closed","ping_status":"open","sticky":false,"template":"","format":"standard","meta":{"footnotes":""},"categories":[178,110],"tags":[],"class_list":["post-30587","post","type-post","status-publish","format-standard","has-post-thumbnail","hentry","category-notadefalecimento","category-noticiasdestaque"],"_links":{"self":[{"href":"https:\/\/jorgezanoni.com.br\/2019\/wp-json\/wp\/v2\/posts\/30587","targetHints":{"allow":["GET"]}}],"collection":[{"href":"https:\/\/jorgezanoni.com.br\/2019\/wp-json\/wp\/v2\/posts"}],"about":[{"href":"https:\/\/jorgezanoni.com.br\/2019\/wp-json\/wp\/v2\/types\/post"}],"author":[{"embeddable":true,"href":"https:\/\/jorgezanoni.com.br\/2019\/wp-json\/wp\/v2\/users\/1"}],"replies":[{"embeddable":true,"href":"https:\/\/jorgezanoni.com.br\/2019\/wp-json\/wp\/v2\/comments?post=30587"}],"version-history":[{"count":0,"href":"https:\/\/jorgezanoni.com.br\/2019\/wp-json\/wp\/v2\/posts\/30587\/revisions"}],"wp:featuredmedia":[{"embeddable":true,"href":"https:\/\/jorgezanoni.com.br\/2019\/wp-json\/wp\/v2\/media\/30588"}],"wp:attachment":[{"href":"https:\/\/jorgezanoni.com.br\/2019\/wp-json\/wp\/v2\/media?parent=30587"}],"wp:term":[{"taxonomy":"category","embeddable":true,"href":"https:\/\/jorgezanoni.com.br\/2019\/wp-json\/wp\/v2\/categories?post=30587"},{"taxonomy":"post_tag","embeddable":true,"href":"https:\/\/jorgezanoni.com.br\/2019\/wp-json\/wp\/v2\/tags?post=30587"}],"curies":[{"name":"wp","href":"https:\/\/api.w.org\/{rel}","templated":true}]}}