{"id":30574,"date":"2020-07-12T16:57:58","date_gmt":"2020-07-12T16:57:58","guid":{"rendered":"https:\/\/jorgezanoni.com.br\/2019\/?p=30574"},"modified":"2020-07-12T16:57:58","modified_gmt":"2020-07-12T16:57:58","slug":"reclamacao-da-populacao-aterro-sanitario-tem-entrada-fechada-e-nao-deram-explicacoes","status":"publish","type":"post","link":"https:\/\/jorgezanoni.com.br\/2019\/reclamacao-da-populacao-aterro-sanitario-tem-entrada-fechada-e-nao-deram-explicacoes\/","title":{"rendered":"Reclama\u00e7\u00e3o da Popula\u00e7\u00e3o: Aterro Sanit\u00e1rio tem entrada fechada e n\u00e3o deram explica\u00e7\u00f5es"},"content":{"rendered":"<p style=\"text-align: justify;\">O Aterro Sanit\u00e1rio do Bairro Iandara, local onde \u00e9 descartado os galhos e podas da cidade, teve sua entrada fechada, provavelmente pela Secretaria respons\u00e1vel.<\/p>\n<p style=\"text-align: justify;\">Pessoas que fazem uso do local para o descarte, est\u00e3o indignadas com a atitude, pois nenhum comunicado foi feito, ao menos que se tenha conhecimento.<\/p>\n<p style=\"text-align: justify;\">Pedem ao setor competente uma solu\u00e7\u00e3o para o problema e que seja indicado onde pode ser feito o descarte legalmente.<\/p>\n<p style=\"text-align: justify;\">E assim caminha a administra\u00e7\u00e3o &#8220;Transforma Dracena&#8221;<\/p>\n<p><img loading=\"lazy\" decoding=\"async\" class=\"alignnone size-full wp-image-30575\" src=\"https:\/\/jorgezanoni.com.br\/2019\/wp-content\/uploads\/2020\/07\/arvores.jpg\" alt=\"\" width=\"1032\" height=\"774\" srcset=\"https:\/\/jorgezanoni.com.br\/2019\/wp-content\/uploads\/2020\/07\/arvores.jpg 1032w, https:\/\/jorgezanoni.com.br\/2019\/wp-content\/uploads\/2020\/07\/arvores-300x225.jpg 300w, https:\/\/jorgezanoni.com.br\/2019\/wp-content\/uploads\/2020\/07\/arvores-1024x768.jpg 1024w, https:\/\/jorgezanoni.com.br\/2019\/wp-content\/uploads\/2020\/07\/arvores-768x576.jpg 768w, https:\/\/jorgezanoni.com.br\/2019\/wp-content\/uploads\/2020\/07\/arvores-80x60.jpg 80w, https:\/\/jorgezanoni.com.br\/2019\/wp-content\/uploads\/2020\/07\/arvores-265x198.jpg 265w, https:\/\/jorgezanoni.com.br\/2019\/wp-content\/uploads\/2020\/07\/arvores-696x522.jpg 696w, https:\/\/jorgezanoni.com.br\/2019\/wp-content\/uploads\/2020\/07\/arvores-560x420.jpg 560w\" sizes=\"auto, (max-width: 1032px) 100vw, 1032px\" \/> <img loading=\"lazy\" decoding=\"async\" class=\"alignnone size-full wp-image-30576\" src=\"https:\/\/jorgezanoni.com.br\/2019\/wp-content\/uploads\/2020\/07\/arvores1.jpg\" alt=\"\" width=\"1032\" height=\"774\" srcset=\"https:\/\/jorgezanoni.com.br\/2019\/wp-content\/uploads\/2020\/07\/arvores1.jpg 1032w, https:\/\/jorgezanoni.com.br\/2019\/wp-content\/uploads\/2020\/07\/arvores1-300x225.jpg 300w, https:\/\/jorgezanoni.com.br\/2019\/wp-content\/uploads\/2020\/07\/arvores1-1024x768.jpg 1024w, https:\/\/jorgezanoni.com.br\/2019\/wp-content\/uploads\/2020\/07\/arvores1-768x576.jpg 768w, https:\/\/jorgezanoni.com.br\/2019\/wp-content\/uploads\/2020\/07\/arvores1-80x60.jpg 80w, https:\/\/jorgezanoni.com.br\/2019\/wp-content\/uploads\/2020\/07\/arvores1-265x198.jpg 265w, https:\/\/jorgezanoni.com.br\/2019\/wp-content\/uploads\/2020\/07\/arvores1-696x522.jpg 696w, https:\/\/jorgezanoni.com.br\/2019\/wp-content\/uploads\/2020\/07\/arvores1-560x420.jpg 560w\" sizes=\"auto, (max-width: 1032px) 100vw, 1032px\" \/><\/p>\n<p style=\"text-align: justify;\">Jorge Zanoni<\/p>\n<p>Fotos de Internauta<\/p>\n","protected":false},"excerpt":{"rendered":"<p>O Aterro Sanit\u00e1rio do Bairro Iandara, local onde \u00e9 descartado os galhos e podas da cidade, teve sua entrada fechada, provavelmente pela Secretaria respons\u00e1vel. Pessoas que fazem uso do local para o descarte, est\u00e3o indignadas com a atitude, pois nenhum comunicado foi feito, ao menos que se tenha conhecimento. Pedem ao setor competente uma solu\u00e7\u00e3o [&hellip;]<\/p>\n","protected":false},"author":1,"featured_media":30577,"comment_status":"closed","ping_status":"open","sticky":false,"template":"","format":"standard","meta":{"footnotes":""},"categories":[179,184,110],"tags":[],"class_list":["post-30574","post","type-post","status-publish","format-standard","has-post-thumbnail","hentry","category-cidadeseregiao","category-dracena","category-noticiasdestaque"],"_links":{"self":[{"href":"https:\/\/jorgezanoni.com.br\/2019\/wp-json\/wp\/v2\/posts\/30574","targetHints":{"allow":["GET"]}}],"collection":[{"href":"https:\/\/jorgezanoni.com.br\/2019\/wp-json\/wp\/v2\/posts"}],"about":[{"href":"https:\/\/jorgezanoni.com.br\/2019\/wp-json\/wp\/v2\/types\/post"}],"author":[{"embeddable":true,"href":"https:\/\/jorgezanoni.com.br\/2019\/wp-json\/wp\/v2\/users\/1"}],"replies":[{"embeddable":true,"href":"https:\/\/jorgezanoni.com.br\/2019\/wp-json\/wp\/v2\/comments?post=30574"}],"version-history":[{"count":0,"href":"https:\/\/jorgezanoni.com.br\/2019\/wp-json\/wp\/v2\/posts\/30574\/revisions"}],"wp:featuredmedia":[{"embeddable":true,"href":"https:\/\/jorgezanoni.com.br\/2019\/wp-json\/wp\/v2\/media\/30577"}],"wp:attachment":[{"href":"https:\/\/jorgezanoni.com.br\/2019\/wp-json\/wp\/v2\/media?parent=30574"}],"wp:term":[{"taxonomy":"category","embeddable":true,"href":"https:\/\/jorgezanoni.com.br\/2019\/wp-json\/wp\/v2\/categories?post=30574"},{"taxonomy":"post_tag","embeddable":true,"href":"https:\/\/jorgezanoni.com.br\/2019\/wp-json\/wp\/v2\/tags?post=30574"}],"curies":[{"name":"wp","href":"https:\/\/api.w.org\/{rel}","templated":true}]}}