{"id":30561,"date":"2020-07-12T14:27:44","date_gmt":"2020-07-12T14:27:44","guid":{"rendered":"https:\/\/jorgezanoni.com.br\/2019\/?p=30561"},"modified":"2020-07-12T14:27:44","modified_gmt":"2020-07-12T14:27:44","slug":"reclamacao-da-populacao-emdaep-realiza-obra-deixa-inacabada-e-prejudica-moradores","status":"publish","type":"post","link":"https:\/\/jorgezanoni.com.br\/2019\/reclamacao-da-populacao-emdaep-realiza-obra-deixa-inacabada-e-prejudica-moradores\/","title":{"rendered":"Reclama\u00e7\u00e3o da Popula\u00e7\u00e3o: EMDAEP realiza obra, deixa inacabada e prejudica moradores"},"content":{"rendered":"<p style=\"text-align: justify;\">Na \u00faltima ter\u00e7a-feira (7), funcion\u00e1rios da EMDAEP realizaram um servi\u00e7o na Rua S\u00e3o Carlos, no Parque S\u00e3o Carlos em Dracena, simplesmente foram embora e deixaram o buraco que havia sido aberto, na terra.<\/p>\n<p style=\"text-align: justify;\">O que seria? Falta de planejamento, falta de vontade, falta de material, ou falta de preocupa\u00e7\u00e3o com o mun\u00edcipe que paga impostos?<\/p>\n<p style=\"text-align: justify;\">Pois os moradores das imedia\u00e7\u00f5es est\u00e3o queixando da &#8220;imundice&#8221; que virou as resid\u00eancias, eles n\u00e3o conseguem abrir portas e janelas, al\u00e9m dos ve\u00edculos e garagens todas cheias de poeira.<\/p>\n<p style=\"text-align: justify;\">Pedem que os respons\u00e1veis resolvam com urg\u00eancia o problema e quando forem fazer servi\u00e7o dessa natureza que se fa\u00e7a completo, pois \u00e9 inadmiss\u00edvel da forma que est\u00e3o agindo.<\/p>\n<p><img loading=\"lazy\" decoding=\"async\" class=\"alignnone size-full wp-image-30562\" src=\"https:\/\/jorgezanoni.com.br\/2019\/wp-content\/uploads\/2020\/07\/s-carlos.jpg\" alt=\"\" width=\"1280\" height=\"720\" srcset=\"https:\/\/jorgezanoni.com.br\/2019\/wp-content\/uploads\/2020\/07\/s-carlos.jpg 1280w, https:\/\/jorgezanoni.com.br\/2019\/wp-content\/uploads\/2020\/07\/s-carlos-300x169.jpg 300w, https:\/\/jorgezanoni.com.br\/2019\/wp-content\/uploads\/2020\/07\/s-carlos-1024x576.jpg 1024w, https:\/\/jorgezanoni.com.br\/2019\/wp-content\/uploads\/2020\/07\/s-carlos-768x432.jpg 768w, https:\/\/jorgezanoni.com.br\/2019\/wp-content\/uploads\/2020\/07\/s-carlos-696x392.jpg 696w, https:\/\/jorgezanoni.com.br\/2019\/wp-content\/uploads\/2020\/07\/s-carlos-1068x601.jpg 1068w, https:\/\/jorgezanoni.com.br\/2019\/wp-content\/uploads\/2020\/07\/s-carlos-747x420.jpg 747w\" sizes=\"auto, (max-width: 1280px) 100vw, 1280px\" \/> <img loading=\"lazy\" decoding=\"async\" class=\"alignnone size-full wp-image-30563\" src=\"https:\/\/jorgezanoni.com.br\/2019\/wp-content\/uploads\/2020\/07\/s.-carlos1.jpg\" alt=\"\" width=\"720\" height=\"1280\" srcset=\"https:\/\/jorgezanoni.com.br\/2019\/wp-content\/uploads\/2020\/07\/s.-carlos1.jpg 720w, https:\/\/jorgezanoni.com.br\/2019\/wp-content\/uploads\/2020\/07\/s.-carlos1-169x300.jpg 169w, https:\/\/jorgezanoni.com.br\/2019\/wp-content\/uploads\/2020\/07\/s.-carlos1-576x1024.jpg 576w, https:\/\/jorgezanoni.com.br\/2019\/wp-content\/uploads\/2020\/07\/s.-carlos1-696x1237.jpg 696w, https:\/\/jorgezanoni.com.br\/2019\/wp-content\/uploads\/2020\/07\/s.-carlos1-236x420.jpg 236w\" sizes=\"auto, (max-width: 720px) 100vw, 720px\" \/><\/p>\n<p style=\"text-align: justify;\">Jorge Zanoni<\/p>\n<p>Fotos de Internauta<\/p>\n","protected":false},"excerpt":{"rendered":"<p>Na \u00faltima ter\u00e7a-feira (7), funcion\u00e1rios da EMDAEP realizaram um servi\u00e7o na Rua S\u00e3o Carlos, no Parque S\u00e3o Carlos em Dracena, simplesmente foram embora e deixaram o buraco que havia sido aberto, na terra. O que seria? Falta de planejamento, falta de vontade, falta de material, ou falta de preocupa\u00e7\u00e3o com o mun\u00edcipe que paga impostos? [&hellip;]<\/p>\n","protected":false},"author":1,"featured_media":30564,"comment_status":"closed","ping_status":"open","sticky":false,"template":"","format":"standard","meta":{"footnotes":""},"categories":[179,184,110],"tags":[],"class_list":["post-30561","post","type-post","status-publish","format-standard","has-post-thumbnail","hentry","category-cidadeseregiao","category-dracena","category-noticiasdestaque"],"_links":{"self":[{"href":"https:\/\/jorgezanoni.com.br\/2019\/wp-json\/wp\/v2\/posts\/30561","targetHints":{"allow":["GET"]}}],"collection":[{"href":"https:\/\/jorgezanoni.com.br\/2019\/wp-json\/wp\/v2\/posts"}],"about":[{"href":"https:\/\/jorgezanoni.com.br\/2019\/wp-json\/wp\/v2\/types\/post"}],"author":[{"embeddable":true,"href":"https:\/\/jorgezanoni.com.br\/2019\/wp-json\/wp\/v2\/users\/1"}],"replies":[{"embeddable":true,"href":"https:\/\/jorgezanoni.com.br\/2019\/wp-json\/wp\/v2\/comments?post=30561"}],"version-history":[{"count":0,"href":"https:\/\/jorgezanoni.com.br\/2019\/wp-json\/wp\/v2\/posts\/30561\/revisions"}],"wp:featuredmedia":[{"embeddable":true,"href":"https:\/\/jorgezanoni.com.br\/2019\/wp-json\/wp\/v2\/media\/30564"}],"wp:attachment":[{"href":"https:\/\/jorgezanoni.com.br\/2019\/wp-json\/wp\/v2\/media?parent=30561"}],"wp:term":[{"taxonomy":"category","embeddable":true,"href":"https:\/\/jorgezanoni.com.br\/2019\/wp-json\/wp\/v2\/categories?post=30561"},{"taxonomy":"post_tag","embeddable":true,"href":"https:\/\/jorgezanoni.com.br\/2019\/wp-json\/wp\/v2\/tags?post=30561"}],"curies":[{"name":"wp","href":"https:\/\/api.w.org\/{rel}","templated":true}]}}