{"id":30558,"date":"2020-07-12T13:44:33","date_gmt":"2020-07-12T13:44:33","guid":{"rendered":"https:\/\/jorgezanoni.com.br\/2019\/?p=30558"},"modified":"2020-07-12T13:44:33","modified_gmt":"2020-07-12T13:44:33","slug":"caminhonete-capota-invade-pista-contraria-e-atinge-outro-veiculo-em-presidente-prudente","status":"publish","type":"post","link":"https:\/\/jorgezanoni.com.br\/2019\/caminhonete-capota-invade-pista-contraria-e-atinge-outro-veiculo-em-presidente-prudente\/","title":{"rendered":"Caminhonete capota, invade pista contr\u00e1ria e atinge outro ve\u00edculo em Presidente Prudente"},"content":{"rendered":"<h2 class=\"content-head__subtitle\" style=\"text-align: justify;\"><strong>Acidente foi na Avenida Juscelino Kubitschek, por volta das 20h30, deste s\u00e1bado (11). Duas pessoas ficaram feridas.<\/strong><\/h2>\n<div class=\"mc-column content-text active-extra-styles \" data-block-type=\"unstyled\" data-block-weight=\"33\" data-block-id=\"2\">\n<p class=\"content-text__container \" style=\"text-align: justify;\" data-track-category=\"Link no Texto\" data-track-links=\"\">A Pol\u00edcia Militar e o Corpo de Bombeiros foram acionados para atender um acidente de tr\u00e2nsito por volta das 20h30, neste s\u00e1bado (11), na Avenida Juscelino Kubitschek, na Cecap, em\u00a0<a href=\"https:\/\/g1.globo.com\/sp\/presidente-prudente-regiao\/cidade\/presidente-prudente\/\">Presidente Prudente<\/a>.<\/p>\n<\/div>\n<div class=\"wall protected-content\">\n<div class=\"mc-column content-text active-extra-styles \" style=\"text-align: justify;\" data-block-type=\"unstyled\" data-block-weight=\"15\" data-block-id=\"3\">\n<p class=\"content-text__container \" data-track-category=\"Link no Texto\" data-track-links=\"\">Conforme a pol\u00edcia, uma caminhonete capotou, invadiu a pista contr\u00e1ria e atingiu outro ve\u00edculo.<\/p>\n<\/div>\n<div class=\"mc-column content-text active-extra-styles \" style=\"text-align: justify;\" data-block-type=\"unstyled\" data-block-weight=\"26\" data-block-id=\"4\">\n<p class=\"content-text__container \" data-track-category=\"Link no Texto\" data-track-links=\"\">O acidente deixou dois homens, de 25 e 28 anos, feridos. As v\u00edtimas foram socorridas pelo Corpo de Bombeiros e levadas para o Hospital Regional (HR).<\/p>\n<\/div>\n<div class=\"mc-column content-text active-extra-styles \" data-block-type=\"unstyled\" data-block-weight=\"6\" data-block-id=\"5\">\n<p class=\"content-text__container \" style=\"text-align: justify;\" data-track-category=\"Link no Texto\" data-track-links=\"\">O local foi isolado pela pol\u00edcia.<\/p>\n<p style=\"text-align: justify;\" data-track-category=\"Link no Texto\" data-track-links=\"\">Fonte: G1<\/p>\n<\/div>\n<\/div>\n","protected":false},"excerpt":{"rendered":"<p>Acidente foi na Avenida Juscelino Kubitschek, por volta das 20h30, deste s\u00e1bado (11). Duas pessoas ficaram feridas. A Pol\u00edcia Militar e o Corpo de Bombeiros foram acionados para atender um acidente de tr\u00e2nsito por volta das 20h30, neste s\u00e1bado (11), na Avenida Juscelino Kubitschek, na Cecap, em\u00a0Presidente Prudente. Conforme a pol\u00edcia, uma caminhonete capotou, invadiu [&hellip;]<\/p>\n","protected":false},"author":1,"featured_media":30559,"comment_status":"closed","ping_status":"open","sticky":false,"template":"","format":"standard","meta":{"footnotes":""},"categories":[170,110],"tags":[],"class_list":["post-30558","post","type-post","status-publish","format-standard","has-post-thumbnail","hentry","category-acidentes","category-noticiasdestaque"],"_links":{"self":[{"href":"https:\/\/jorgezanoni.com.br\/2019\/wp-json\/wp\/v2\/posts\/30558","targetHints":{"allow":["GET"]}}],"collection":[{"href":"https:\/\/jorgezanoni.com.br\/2019\/wp-json\/wp\/v2\/posts"}],"about":[{"href":"https:\/\/jorgezanoni.com.br\/2019\/wp-json\/wp\/v2\/types\/post"}],"author":[{"embeddable":true,"href":"https:\/\/jorgezanoni.com.br\/2019\/wp-json\/wp\/v2\/users\/1"}],"replies":[{"embeddable":true,"href":"https:\/\/jorgezanoni.com.br\/2019\/wp-json\/wp\/v2\/comments?post=30558"}],"version-history":[{"count":0,"href":"https:\/\/jorgezanoni.com.br\/2019\/wp-json\/wp\/v2\/posts\/30558\/revisions"}],"wp:featuredmedia":[{"embeddable":true,"href":"https:\/\/jorgezanoni.com.br\/2019\/wp-json\/wp\/v2\/media\/30559"}],"wp:attachment":[{"href":"https:\/\/jorgezanoni.com.br\/2019\/wp-json\/wp\/v2\/media?parent=30558"}],"wp:term":[{"taxonomy":"category","embeddable":true,"href":"https:\/\/jorgezanoni.com.br\/2019\/wp-json\/wp\/v2\/categories?post=30558"},{"taxonomy":"post_tag","embeddable":true,"href":"https:\/\/jorgezanoni.com.br\/2019\/wp-json\/wp\/v2\/tags?post=30558"}],"curies":[{"name":"wp","href":"https:\/\/api.w.org\/{rel}","templated":true}]}}