{"id":3055,"date":"2019-08-06T00:21:40","date_gmt":"2019-08-06T00:21:40","guid":{"rendered":"https:\/\/jorgezanoni.com.br\/2019\/?p=3055"},"modified":"2019-08-06T00:21:40","modified_gmt":"2019-08-06T00:21:40","slug":"fiscalizacao-apreende-casal-de-adolescentes-com-mais-de-200kg-de-maconha-em-porta-malas-de-carro","status":"publish","type":"post","link":"https:\/\/jorgezanoni.com.br\/2019\/fiscalizacao-apreende-casal-de-adolescentes-com-mais-de-200kg-de-maconha-em-porta-malas-de-carro\/","title":{"rendered":"Fiscaliza\u00e7\u00e3o apreende casal de adolescentes com mais de 200kg de maconha em porta-malas de carro"},"content":{"rendered":"<h2 class=\"content-head__subtitle\" style=\"text-align: justify;\"><strong>Jovens, de 15 e 17 anos, foram abordados na tarde desta segunda-feira (5), na Base Operacional da Pol\u00edcia Militar Rodovi\u00e1ria, em Presidente Prudente.<\/strong><\/h2>\n<div class=\"mc-column content-text active-extra-styles \" data-block-type=\"unstyled\" data-block-weight=\"40\" data-block-id=\"2\">\n<p class=\"content-text__container \" style=\"text-align: justify;\" data-track-category=\"Link no Texto\" data-track-links=\"\">Uma opera\u00e7\u00e3o conjunta realizada pelas pol\u00edcias Militar, com os efetivos da For\u00e7a T\u00e1tica e das Rondas Ostensivas com Apoio de Motocicletas (Rocam), e Rodovi\u00e1ria apreendeu na tarde desta segunda-feira (5) mais de 200 quilos de maconha em\u00a0<a href=\"https:\/\/g1.globo.com\/sp\/presidente-prudente-regiao\/cidade\/presidente-prudente\/\">Presidente Prudente (SP)<\/a>.<\/p>\n<\/div>\n<div class=\"wall protected-content\">\n<div class=\"mc-column content-text active-extra-styles \" style=\"text-align: justify;\" data-block-type=\"unstyled\" data-block-weight=\"29\" data-block-id=\"3\">\n<p class=\"content-text__container \" data-track-category=\"Link no Texto\" data-track-links=\"\">A droga era transportada em um carro roubado em Curitiba (PR), no qual seguia um casal de adolescentes, de 15 e 17 anos, que tamb\u00e9m acabaram apreendidos em flagrante.<\/p>\n<\/div>\n<div class=\"mc-column content-text active-extra-styles \" style=\"text-align: justify;\" data-block-type=\"unstyled\" data-block-weight=\"24\" data-block-id=\"4\">\n<p class=\"content-text__container \" data-track-category=\"Link no Texto\" data-track-links=\"\">Os adolescentes foram abordados pela fiscaliza\u00e7\u00e3o na Base Operacional da Pol\u00edcia Militar Rodovi\u00e1ria, no km 561,500 da Rodovia Raposo Tavares (SP-270), em Presidente Prudente.<\/p>\n<\/div>\n<div class=\"mc-column content-text active-extra-styles \" style=\"text-align: justify;\" data-block-type=\"unstyled\" data-block-weight=\"35\" data-block-id=\"5\">\n<p class=\"content-text__container \" data-track-category=\"Link no Texto\" data-track-links=\"\">Como o condutor e a passageira do ve\u00edculo demonstraram \u201cnervosismo demasiado\u201d, o comportamento gerou suspeita nos policiais, que encontram no porta-malas do carro o carregamento com 227 tabletes de maconha, um total de 205,373 quilos.<\/p>\n<\/div>\n<div class=\"mc-column content-text active-extra-styles \" style=\"text-align: justify;\" data-block-type=\"unstyled\" data-block-weight=\"46\" data-block-id=\"6\">\n<p class=\"content-text__container \" data-track-category=\"Link no Texto\" data-track-links=\"\">O rapaz que dirigia o carro alegou, segundo a PM, que \u00e9 morador de Ponta Por\u00e3 (MS) e foi contratado por um desconhecido para levar o ve\u00edculo com a droga at\u00e9 a cidade de Osasco (SP), servi\u00e7o pelo qual receberia o valor de R$ 15 mil.<\/p>\n<\/div>\n<div class=\"mc-column content-text active-extra-styles \" data-block-type=\"unstyled\" data-block-weight=\"35\" data-block-id=\"7\">\n<p class=\"content-text__container \" style=\"text-align: justify;\" data-track-category=\"Link no Texto\" data-track-links=\"\">O jovem informou ainda que pegou o ve\u00edculo no Terminal Rodovi\u00e1rio de Ponta Por\u00e3, que as chaves estariam dentro do lixo no banheiro e que no carro haveria R$ 750,00 para as despesas da viagem.\u00a0Na abordagem, os policiais encontraram R$ 581,85 em dinheiro.<\/p>\n<p style=\"text-align: justify;\" data-track-category=\"Link no Texto\" data-track-links=\"\"><img loading=\"lazy\" decoding=\"async\" class=\"alignnone size-full wp-image-3056\" src=\"https:\/\/jorgezanoni.com.br\/2019\/wp-content\/uploads\/2019\/08\/droga1.jpg\" alt=\"\" width=\"1000\" height=\"750\" srcset=\"https:\/\/jorgezanoni.com.br\/2019\/wp-content\/uploads\/2019\/08\/droga1.jpg 1000w, https:\/\/jorgezanoni.com.br\/2019\/wp-content\/uploads\/2019\/08\/droga1-300x225.jpg 300w, https:\/\/jorgezanoni.com.br\/2019\/wp-content\/uploads\/2019\/08\/droga1-768x576.jpg 768w, https:\/\/jorgezanoni.com.br\/2019\/wp-content\/uploads\/2019\/08\/droga1-80x60.jpg 80w, https:\/\/jorgezanoni.com.br\/2019\/wp-content\/uploads\/2019\/08\/droga1-265x198.jpg 265w, https:\/\/jorgezanoni.com.br\/2019\/wp-content\/uploads\/2019\/08\/droga1-696x522.jpg 696w, https:\/\/jorgezanoni.com.br\/2019\/wp-content\/uploads\/2019\/08\/droga1-560x420.jpg 560w\" sizes=\"auto, (max-width: 1000px) 100vw, 1000px\" \/><\/p>\n<\/div>\n<div class=\"row medium-uncollapsed content-media content-photo\" data-block-type=\"backstage-photo\" data-block-id=\"10\">\n<div class=\"mc-column content-media__container\"><strong>Adolescentes transportavam mais de 200 quilos de maconha \u2014 Foto: Pol\u00edcia Militar<\/strong><\/div>\n<\/div>\n<div class=\"mc-column content-text active-extra-styles \" data-block-type=\"unstyled\" data-block-weight=\"21\" data-block-id=\"13\">\n<div class=\"mc-column content-text active-extra-styles \" data-block-type=\"unstyled\" data-block-weight=\"21\" data-block-id=\"11\">\n<p class=\"content-text__container \" data-track-category=\"Link no Texto\" data-track-links=\"\">J\u00e1 a adolescente alegou, segundo a PM, que n\u00e3o sabia da droga e que estaria viajando apenas em companhia do rapaz.<\/p>\n<\/div>\n<div class=\"mc-column content-text active-extra-styles \" data-block-type=\"unstyled\" data-block-weight=\"46\" data-block-id=\"12\">\n<p class=\"content-text__container \" data-track-category=\"Link no Texto\" data-track-links=\"\">Durante a vistoria, os militares constataram que o lacre estava rompido e que o carro tinha placas que n\u00e3o correspondiam \u00e0 sua verdadeira identifica\u00e7\u00e3o. Na verifica\u00e7\u00e3o do chassi, os policiais verificaram que o ve\u00edculo havia sido roubado no dia 2 de abril de 2019, em Curitiba.<\/p>\n<\/div>\n<div class=\"mc-column content-text active-extra-styles \" data-block-type=\"unstyled\" data-block-weight=\"21\" data-block-id=\"13\">\n<p class=\"content-text__container \" data-track-category=\"Link no Texto\" data-track-links=\"\">A ocorr\u00eancia foi apresentada na Delegacia Participativa, onde a Pol\u00edcia Civil formalizou a apreens\u00e3o dos adolescentes, do carro e da droga.<\/p>\n<p data-track-category=\"Link no Texto\" data-track-links=\"\"><img loading=\"lazy\" decoding=\"async\" class=\"alignnone size-full wp-image-3057\" src=\"https:\/\/jorgezanoni.com.br\/2019\/wp-content\/uploads\/2019\/08\/droga2.jpg\" alt=\"\" width=\"1000\" height=\"750\" srcset=\"https:\/\/jorgezanoni.com.br\/2019\/wp-content\/uploads\/2019\/08\/droga2.jpg 1000w, https:\/\/jorgezanoni.com.br\/2019\/wp-content\/uploads\/2019\/08\/droga2-300x225.jpg 300w, https:\/\/jorgezanoni.com.br\/2019\/wp-content\/uploads\/2019\/08\/droga2-768x576.jpg 768w, https:\/\/jorgezanoni.com.br\/2019\/wp-content\/uploads\/2019\/08\/droga2-80x60.jpg 80w, https:\/\/jorgezanoni.com.br\/2019\/wp-content\/uploads\/2019\/08\/droga2-265x198.jpg 265w, https:\/\/jorgezanoni.com.br\/2019\/wp-content\/uploads\/2019\/08\/droga2-696x522.jpg 696w, https:\/\/jorgezanoni.com.br\/2019\/wp-content\/uploads\/2019\/08\/droga2-560x420.jpg 560w\" sizes=\"auto, (max-width: 1000px) 100vw, 1000px\" \/><\/p>\n<p data-track-category=\"Link no Texto\" data-track-links=\"\">Fonte: G1<\/p>\n<\/div>\n<\/div>\n<div class=\"mc-column content-text active-extra-styles \" data-block-type=\"unstyled\" data-block-weight=\"35\" data-block-id=\"7\">\n<p data-track-category=\"Link no Texto\" data-track-links=\"\">\n<\/div>\n<\/div>\n","protected":false},"excerpt":{"rendered":"<p>Jovens, de 15 e 17 anos, foram abordados na tarde desta segunda-feira (5), na Base Operacional da Pol\u00edcia Militar Rodovi\u00e1ria, em Presidente Prudente. Uma opera\u00e7\u00e3o conjunta realizada pelas pol\u00edcias Militar, com os efetivos da For\u00e7a T\u00e1tica e das Rondas Ostensivas com Apoio de Motocicletas (Rocam), e Rodovi\u00e1ria apreendeu na tarde desta segunda-feira (5) mais de [&hellip;]<\/p>\n","protected":false},"author":1,"featured_media":3058,"comment_status":"closed","ping_status":"open","sticky":false,"template":"","format":"standard","meta":{"footnotes":""},"categories":[110,2],"tags":[],"class_list":["post-3055","post","type-post","status-publish","format-standard","has-post-thumbnail","hentry","category-noticiasdestaque","category-policial"],"_links":{"self":[{"href":"https:\/\/jorgezanoni.com.br\/2019\/wp-json\/wp\/v2\/posts\/3055","targetHints":{"allow":["GET"]}}],"collection":[{"href":"https:\/\/jorgezanoni.com.br\/2019\/wp-json\/wp\/v2\/posts"}],"about":[{"href":"https:\/\/jorgezanoni.com.br\/2019\/wp-json\/wp\/v2\/types\/post"}],"author":[{"embeddable":true,"href":"https:\/\/jorgezanoni.com.br\/2019\/wp-json\/wp\/v2\/users\/1"}],"replies":[{"embeddable":true,"href":"https:\/\/jorgezanoni.com.br\/2019\/wp-json\/wp\/v2\/comments?post=3055"}],"version-history":[{"count":0,"href":"https:\/\/jorgezanoni.com.br\/2019\/wp-json\/wp\/v2\/posts\/3055\/revisions"}],"wp:featuredmedia":[{"embeddable":true,"href":"https:\/\/jorgezanoni.com.br\/2019\/wp-json\/wp\/v2\/media\/3058"}],"wp:attachment":[{"href":"https:\/\/jorgezanoni.com.br\/2019\/wp-json\/wp\/v2\/media?parent=3055"}],"wp:term":[{"taxonomy":"category","embeddable":true,"href":"https:\/\/jorgezanoni.com.br\/2019\/wp-json\/wp\/v2\/categories?post=3055"},{"taxonomy":"post_tag","embeddable":true,"href":"https:\/\/jorgezanoni.com.br\/2019\/wp-json\/wp\/v2\/tags?post=3055"}],"curies":[{"name":"wp","href":"https:\/\/api.w.org\/{rel}","templated":true}]}}