{"id":30528,"date":"2020-07-12T01:42:30","date_gmt":"2020-07-12T01:42:30","guid":{"rendered":"https:\/\/jorgezanoni.com.br\/2019\/?p=30528"},"modified":"2020-07-12T01:42:30","modified_gmt":"2020-07-12T01:42:30","slug":"incendio-destruiu-milhares-de-teste-de-covid-e-suplementos-alimentares-r-300-mil-so-de-leite-diz-secretario","status":"publish","type":"post","link":"https:\/\/jorgezanoni.com.br\/2019\/incendio-destruiu-milhares-de-teste-de-covid-e-suplementos-alimentares-r-300-mil-so-de-leite-diz-secretario\/","title":{"rendered":"Inc\u00eandio destruiu milhares de teste de Covid e suplementos alimentares: &#8216;R$ 300 mil s\u00f3 de leite&#8217;, diz secret\u00e1rio"},"content":{"rendered":"<h2 class=\"content-head__subtitle\" style=\"text-align: justify;\"><strong>Segundo o secret\u00e1rio de Sa\u00fade de Botucatu (SP), fogo queimou pelo menos 2 mil testes r\u00e1pidos e 3 mil kits de coleta do teste PCR. Fogo come\u00e7ou em vag\u00e3o na linha f\u00e9rrea e atingiu pr\u00e9dio da secretaria.<\/strong><\/h2>\n<div class=\"mc-column content-text active-extra-styles \" data-block-type=\"unstyled\" data-block-weight=\"44\" data-block-id=\"2\">\n<p class=\"content-text__container \" style=\"text-align: justify;\" data-track-category=\"Link no Texto\" data-track-links=\"\">O\u00a0<a href=\"https:\/\/g1.globo.com\/sp\/bauru-marilia\/noticia\/2020\/07\/11\/incendio-em-predio-da-saude-destroi-testes-para-covid-19-em-botucatu.ghtml\">inc\u00eandio que atingiu o pr\u00e9dio da Secretaria de Sa\u00fade de Botucatu (SP) na madrugada deste s\u00e1bado (11)<\/a>\u00a0destruiu milhares de testes de Covid-19 e suplementos alimentares. Segundo o secret\u00e1rio de Sa\u00fade, Andr\u00e9 Spadaro, a pasta perdeu R$ 300 mil s\u00f3 de leite especial.<\/p>\n<\/div>\n<div class=\"wall protected-content\">\n<div class=\"mc-column content-text active-extra-styles \" style=\"text-align: justify;\" data-block-type=\"unstyled\" data-block-weight=\"22\" data-block-id=\"3\">\n<p class=\"content-text__container \" data-track-category=\"Link no Texto\" data-track-links=\"\">O secret\u00e1rio informou que o fogo queimou pelo menos 2 mil testes r\u00e1pidos e 3 mil kits de coleta do teste PCR.<\/p>\n<\/div>\n<div class=\"mc-column content-text active-extra-styles \" style=\"text-align: justify;\" data-block-type=\"unstyled\" data-block-weight=\"53\" data-block-id=\"4\">\n<p class=\"content-text__container \" data-track-category=\"Link no Texto\" data-track-links=\"\">\u201cT\u00ednhamos recebido essa semana uma grande quantidade de suplementos alimentares, leites especiais para crian\u00e7as que t\u00eam algum tipo de alergia. S\u00f3 de leite tinha R$ 300 mil. Mas a mensagem mais importante \u00e9 que toda nossa equipe est\u00e1 bem, ningu\u00e9m se feriu. Agora a quest\u00e3o material vamos ter que correr atr\u00e1s\u201d, explicou Spadaro.<\/p>\n<\/div>\n<div class=\"row medium-uncollapsed content-media content-photo\" style=\"text-align: justify;\" data-block-type=\"backstage-photo\" data-block-id=\"6\">\n<div class=\"mc-column content-media__container\">\n<figure><img decoding=\"async\" class=\"i-amphtml-fill-content i-amphtml-replaced-content\" src=\"https:\/\/s2.glbimg.com\/z6tbkvWBlKO0bjab9QtZskjwtSM=\/0x0:1280x960\/984x0\/smart\/filters:strip_icc()\/i.s3.glbimg.com\/v1\/AUTH_59edd422c0c84a879bd37670ae4f538a\/internal_photos\/bs\/2020\/M\/y\/Jg1XV0QpOJTwgtLFwi5Q\/prefeitura-de-botucatu-guilherme-torres-5-.jpeg\" sizes=\"(max-width: 1242px) 648px, 100vw\" srcset=\"https:\/\/s2.glbimg.com\/1QzYBWF4f5-vQ_Svt4bt767GnFA=\/0x0:1280x960\/1000x0\/smart\/filters:strip_icc()\/i.s3.glbimg.com\/v1\/AUTH_59edd422c0c84a879bd37670ae4f538a\/internal_photos\/bs\/2020\/M\/y\/Jg1XV0QpOJTwgtLFwi5Q\/prefeitura-de-botucatu-guilherme-torres-5-.jpeg 1000w, https:\/\/s2.glbimg.com\/z6tbkvWBlKO0bjab9QtZskjwtSM=\/0x0:1280x960\/984x0\/smart\/filters:strip_icc()\/i.s3.glbimg.com\/v1\/AUTH_59edd422c0c84a879bd37670ae4f538a\/internal_photos\/bs\/2020\/M\/y\/Jg1XV0QpOJTwgtLFwi5Q\/prefeitura-de-botucatu-guilherme-torres-5-.jpeg 984w, https:\/\/s2.glbimg.com\/o5h51h0ibcyHAYqUkjj8_x7HYpE=\/0x0:1280x960\/640x0\/smart\/filters:strip_icc()\/i.s3.glbimg.com\/v1\/AUTH_59edd422c0c84a879bd37670ae4f538a\/internal_photos\/bs\/2020\/M\/y\/Jg1XV0QpOJTwgtLFwi5Q\/prefeitura-de-botucatu-guilherme-torres-5-.jpeg 640w, https:\/\/s2.glbimg.com\/iy6dwfK52y4bQLgvPJvnpCnv-9Y=\/0x0:1280x960\/600x0\/smart\/filters:strip_icc()\/i.s3.glbimg.com\/v1\/AUTH_59edd422c0c84a879bd37670ae4f538a\/internal_photos\/bs\/2020\/M\/y\/Jg1XV0QpOJTwgtLFwi5Q\/prefeitura-de-botucatu-guilherme-torres-5-.jpeg 600w\" alt=\"Pol\u00edcia cient\u00edfica esteve no local para apurar as causas do inc\u00eandio em Botucatu \u2014 Foto: Guilherme Torres\/Prefeitura de Botucatu\" \/><\/figure>\n<p class=\"content-media__description \">Pol\u00edcia cient\u00edfica esteve no local para apurar as causas do inc\u00eandio em Botucatu \u2014 Foto: Guilherme Torres\/Prefeitura de Botucatu<\/p>\n<p class=\"content-media__description \"><span style=\"font-family: inherit; font-size: inherit; font-style: inherit; font-variant-ligatures: inherit; font-variant-caps: inherit; font-weight: inherit; text-align: center;\">Apesar da perda dos milhares de testes para Covid, o secret\u00e1rio garantiu que o programa de testagem na cidade n\u00e3o ser\u00e1 interrompido, pois a Secretaria possui estoques em outras unidades e vai receber mais 14 mil testes r\u00e1pidos nesta semana.<\/span><\/p>\n<p>\u201cEstamos muito abalados com a situa\u00e7\u00e3o, mas estamos fazendo o rescaldo, vendo o que tinha nos almoxarifados e vendo que a\u00e7\u00f5es podemos tomar de imediato\u201d, comenta.<\/p>\n<\/div>\n<\/div>\n<div class=\"mc-column content-media content-video\" style=\"text-align: justify;\" data-block-type=\"backstage-video\" data-block-id=\"10\">\n<div class=\"content-media__container\">\n<div class=\"content-video__bigger-player-description-fixer\">\n<article class=\"content-video\">\n<section class=\"content-video__video-container\">\n<div class=\"content-video__video\">\n<div id=\"wp3-player-2\" class=\"clappr-player\" tabindex=\"9999\" data-player=\"\">\n<div class=\"media-control media-control-hide\">\n<div class=\"media-control-panel\">\n<div class=\"media-control-panel__modal\">Inc\u00eandio em pr\u00e9dio da Sa\u00fade destr\u00f3i mais de 2 mil testes para Covid-19 em Botucatu<\/div>\n<\/div>\n<\/div>\n<\/div>\n<\/div>\n<\/section>\n<\/article>\n<\/div>\n<\/div>\n<\/div>\n<div class=\"mc-column content-text active-extra-styles \" style=\"text-align: justify;\" data-block-type=\"unstyled\" data-block-weight=\"32\" data-block-id=\"11\">\n<p class=\"content-text__container \" data-track-category=\"Link no Texto\" data-track-links=\"\">De acordo com a prefeitura de Botucatu, no local tamb\u00e9m tinham m\u00f3veis que seriam levados a novas unidades de sa\u00fade do munic\u00edpio, equipamentos de prote\u00e7\u00e3o individual (EPIs), documentos, eletrodom\u00e9sticos, entre outros objetos.<\/p>\n<\/div>\n<div class=\"mc-column content-text active-extra-styles \" style=\"text-align: justify;\" data-block-type=\"unstyled\" data-block-weight=\"42\" data-block-id=\"12\">\n<p class=\"content-text__container \" data-track-category=\"Link no Texto\" data-track-links=\"\">Al\u00e9m disso, o inc\u00eandio deixou a Central Coronav\u00edrus, que fica no pr\u00e9dio ao lado da Secretaria, sem energia. Por isso, o atendimento ficou sem funcionar por cerca de duas horas durante a manh\u00e3 deste s\u00e1bado, mas j\u00e1 est\u00e1 com os servi\u00e7os restabelecidos.<\/p>\n<\/div>\n<div class=\"mc-column content-text active-extra-styles\" style=\"text-align: justify;\" data-block-type=\"raw\" data-block-weight=\"1\" data-block-id=\"13\">\n<div class=\"content-intertitle\">\n<h2>Causas<\/h2>\n<\/div>\n<\/div>\n<div class=\"row medium-uncollapsed content-media content-photo\" style=\"text-align: justify;\" data-block-type=\"backstage-photo\" data-block-id=\"14\">\n<div class=\"mc-column content-media__container\">\n<figure><img decoding=\"async\" class=\"i-amphtml-fill-content i-amphtml-replaced-content\" src=\"https:\/\/s2.glbimg.com\/gnzvzi11OFJLFnf0Enf59OC4z6E=\/0x0:1280x960\/984x0\/smart\/filters:strip_icc()\/i.s3.glbimg.com\/v1\/AUTH_59edd422c0c84a879bd37670ae4f538a\/internal_photos\/bs\/2020\/r\/g\/3QL5iQQmOAtVggTOCzBQ\/vagao-prefeitura-de-botucatu-guilherme-torres.jpeg\" sizes=\"(max-width: 1242px) 648px, 100vw\" srcset=\"https:\/\/s2.glbimg.com\/UEH-WDr5rNC9yQVNpZV_0V_xweg=\/0x0:1280x960\/1000x0\/smart\/filters:strip_icc()\/i.s3.glbimg.com\/v1\/AUTH_59edd422c0c84a879bd37670ae4f538a\/internal_photos\/bs\/2020\/r\/g\/3QL5iQQmOAtVggTOCzBQ\/vagao-prefeitura-de-botucatu-guilherme-torres.jpeg 1000w, https:\/\/s2.glbimg.com\/gnzvzi11OFJLFnf0Enf59OC4z6E=\/0x0:1280x960\/984x0\/smart\/filters:strip_icc()\/i.s3.glbimg.com\/v1\/AUTH_59edd422c0c84a879bd37670ae4f538a\/internal_photos\/bs\/2020\/r\/g\/3QL5iQQmOAtVggTOCzBQ\/vagao-prefeitura-de-botucatu-guilherme-torres.jpeg 984w, https:\/\/s2.glbimg.com\/Q-gABY6uz5sIwIOHaLouTyFIBTM=\/0x0:1280x960\/640x0\/smart\/filters:strip_icc()\/i.s3.glbimg.com\/v1\/AUTH_59edd422c0c84a879bd37670ae4f538a\/internal_photos\/bs\/2020\/r\/g\/3QL5iQQmOAtVggTOCzBQ\/vagao-prefeitura-de-botucatu-guilherme-torres.jpeg 640w, https:\/\/s2.glbimg.com\/s-ilRLlpIlo6JwK2LW6w32P1FMY=\/0x0:1280x960\/600x0\/smart\/filters:strip_icc()\/i.s3.glbimg.com\/v1\/AUTH_59edd422c0c84a879bd37670ae4f538a\/internal_photos\/bs\/2020\/r\/g\/3QL5iQQmOAtVggTOCzBQ\/vagao-prefeitura-de-botucatu-guilherme-torres.jpeg 600w\" alt=\"Corpo de Bombeiros informou que o fogo come\u00e7ou em um vag\u00e3o de madeira nos fundos do pr\u00e9dio em Botucatu \u2014 Foto: Guilherme Torres\/Prefeitura de Botucatu\" \/><\/figure>\n<p class=\"content-media__description \">Corpo de Bombeiros informou que o fogo come\u00e7ou em um vag\u00e3o de madeira nos fundos do pr\u00e9dio em Botucatu \u2014 Foto: Guilherme Torres\/Prefeitura de Botucatu<span style=\"font-family: inherit; font-size: inherit; font-style: inherit; font-variant-ligatures: inherit; font-variant-caps: inherit; font-weight: inherit; text-align: center;\">Segundo o Corpo de Bombeiros, o fogo come\u00e7ou em um vag\u00e3o de madeira que estava abandonado na linha f\u00e9rrea nos fundos do pr\u00e9dio da Secretaria de Sa\u00fade. As chamas se espalharam atingindo as salas do pr\u00e9dio, onde estavam os testes.<\/span><\/p>\n<\/div>\n<\/div>\n<div class=\"mc-column content-text active-extra-styles \" style=\"text-align: justify;\" data-block-type=\"unstyled\" data-block-weight=\"25\" data-block-id=\"17\">\n<p class=\"content-text__container \" data-track-category=\"Link no Texto\" data-track-links=\"\">A pol\u00edcia cient\u00edfica esteve no local para apurar as causas do inc\u00eandio e a Pol\u00edcia Civil vai investigar a possibilidade do inc\u00eandio ter sido criminoso.<\/p>\n<\/div>\n<div class=\"row medium-uncollapsed content-media content-photo\" style=\"text-align: justify;\" data-block-type=\"backstage-photo\" data-block-id=\"18\">\n<div class=\"mc-column content-media__container\">\n<figure><img decoding=\"async\" class=\"i-amphtml-fill-content i-amphtml-replaced-content\" src=\"https:\/\/s2.glbimg.com\/KKP0z013mdffcrj3CqzTaXr6MGo=\/0x0:1280x960\/984x0\/smart\/filters:strip_icc()\/i.s3.glbimg.com\/v1\/AUTH_59edd422c0c84a879bd37670ae4f538a\/internal_photos\/bs\/2020\/h\/c\/mOUwhFRUqocw5mHmA81w\/whatsapp-image-2020-07-11-at-13.14.14.jpeg\" sizes=\"(max-width: 1242px) 648px, 100vw\" srcset=\"https:\/\/s2.glbimg.com\/UDM-SZXdQ9HACyljCAVn7gVIwLA=\/0x0:1280x960\/1000x0\/smart\/filters:strip_icc()\/i.s3.glbimg.com\/v1\/AUTH_59edd422c0c84a879bd37670ae4f538a\/internal_photos\/bs\/2020\/h\/c\/mOUwhFRUqocw5mHmA81w\/whatsapp-image-2020-07-11-at-13.14.14.jpeg 1000w, https:\/\/s2.glbimg.com\/KKP0z013mdffcrj3CqzTaXr6MGo=\/0x0:1280x960\/984x0\/smart\/filters:strip_icc()\/i.s3.glbimg.com\/v1\/AUTH_59edd422c0c84a879bd37670ae4f538a\/internal_photos\/bs\/2020\/h\/c\/mOUwhFRUqocw5mHmA81w\/whatsapp-image-2020-07-11-at-13.14.14.jpeg 984w, https:\/\/s2.glbimg.com\/fk93ST-VBjKrAz2wVo-Q83W5KQg=\/0x0:1280x960\/640x0\/smart\/filters:strip_icc()\/i.s3.glbimg.com\/v1\/AUTH_59edd422c0c84a879bd37670ae4f538a\/internal_photos\/bs\/2020\/h\/c\/mOUwhFRUqocw5mHmA81w\/whatsapp-image-2020-07-11-at-13.14.14.jpeg 640w, https:\/\/s2.glbimg.com\/9LViQC0mqw1G_c-5fYWyrP4f5nw=\/0x0:1280x960\/600x0\/smart\/filters:strip_icc()\/i.s3.glbimg.com\/v1\/AUTH_59edd422c0c84a879bd37670ae4f538a\/internal_photos\/bs\/2020\/h\/c\/mOUwhFRUqocw5mHmA81w\/whatsapp-image-2020-07-11-at-13.14.14.jpeg 600w\" alt=\"Pol\u00edcia vai investigar se inc\u00eandio na Secretaria de Sa\u00fade de Botucatu foi criminoso \u2014 Foto: Guilherme Torres\/Prefeitura de Botucatu\" \/><\/figure>\n<p class=\"content-media__description \">Pol\u00edcia vai investigar se inc\u00eandio na Secretaria de Sa\u00fade de Botucatu foi criminoso \u2014 Foto: Guilherme Torres\/Prefeitura de Botucatu<\/p>\n<\/div>\n<\/div>\n<div class=\"mc-column content-text active-extra-styles \" style=\"text-align: justify;\" data-block-type=\"unstyled\" data-block-weight=\"29\" data-block-id=\"19\">\n<p class=\"content-text__container \" data-track-category=\"Link no Texto\" data-track-links=\"\">Em nota, a Rumo esclareceu que o vag\u00e3o incendiado n\u00e3o \u00e9 arrendado da concession\u00e1ria, mas que estava apoiando as tratativas de retirada do vag\u00e3o do local, junto ao DNIT.<\/p>\n<\/div>\n<div class=\"mc-column content-text active-extra-styles \" data-block-type=\"unstyled\" data-block-weight=\"42\" data-block-id=\"20\">\n<p class=\"content-text__container \" style=\"text-align: justify;\" data-track-category=\"Link no Texto\" data-track-links=\"\">A concession\u00e1ria tamb\u00e9m informou que mant\u00e9m equipes de vigil\u00e2ncia que fazem fiscaliza\u00e7\u00f5es nas \u00e1reas sob sua responsabilidade para tentar coibir atos como o inc\u00eandio, mas que a empresa n\u00e3o tem poder de pol\u00edcia. Por fim, disse que est\u00e1 colaborando com as investiga\u00e7\u00f5es.<\/p>\n<p style=\"text-align: justify;\" data-track-category=\"Link no Texto\" data-track-links=\"\">Fonte: G1<\/p>\n<\/div>\n<\/div>\n","protected":false},"excerpt":{"rendered":"<p>Segundo o secret\u00e1rio de Sa\u00fade de Botucatu (SP), fogo queimou pelo menos 2 mil testes r\u00e1pidos e 3 mil kits de coleta do teste PCR. Fogo come\u00e7ou em vag\u00e3o na linha f\u00e9rrea e atingiu pr\u00e9dio da secretaria. O\u00a0inc\u00eandio que atingiu o pr\u00e9dio da Secretaria de Sa\u00fade de Botucatu (SP) na madrugada deste s\u00e1bado (11)\u00a0destruiu milhares [&hellip;]<\/p>\n","protected":false},"author":1,"featured_media":30529,"comment_status":"closed","ping_status":"open","sticky":false,"template":"","format":"standard","meta":{"footnotes":""},"categories":[110,2],"tags":[],"class_list":["post-30528","post","type-post","status-publish","format-standard","has-post-thumbnail","hentry","category-noticiasdestaque","category-policial"],"_links":{"self":[{"href":"https:\/\/jorgezanoni.com.br\/2019\/wp-json\/wp\/v2\/posts\/30528","targetHints":{"allow":["GET"]}}],"collection":[{"href":"https:\/\/jorgezanoni.com.br\/2019\/wp-json\/wp\/v2\/posts"}],"about":[{"href":"https:\/\/jorgezanoni.com.br\/2019\/wp-json\/wp\/v2\/types\/post"}],"author":[{"embeddable":true,"href":"https:\/\/jorgezanoni.com.br\/2019\/wp-json\/wp\/v2\/users\/1"}],"replies":[{"embeddable":true,"href":"https:\/\/jorgezanoni.com.br\/2019\/wp-json\/wp\/v2\/comments?post=30528"}],"version-history":[{"count":0,"href":"https:\/\/jorgezanoni.com.br\/2019\/wp-json\/wp\/v2\/posts\/30528\/revisions"}],"wp:featuredmedia":[{"embeddable":true,"href":"https:\/\/jorgezanoni.com.br\/2019\/wp-json\/wp\/v2\/media\/30529"}],"wp:attachment":[{"href":"https:\/\/jorgezanoni.com.br\/2019\/wp-json\/wp\/v2\/media?parent=30528"}],"wp:term":[{"taxonomy":"category","embeddable":true,"href":"https:\/\/jorgezanoni.com.br\/2019\/wp-json\/wp\/v2\/categories?post=30528"},{"taxonomy":"post_tag","embeddable":true,"href":"https:\/\/jorgezanoni.com.br\/2019\/wp-json\/wp\/v2\/tags?post=30528"}],"curies":[{"name":"wp","href":"https:\/\/api.w.org\/{rel}","templated":true}]}}