{"id":30513,"date":"2020-07-12T00:11:06","date_gmt":"2020-07-12T00:11:06","guid":{"rendered":"https:\/\/jorgezanoni.com.br\/2019\/?p=30513"},"modified":"2020-07-12T00:12:30","modified_gmt":"2020-07-12T00:12:30","slug":"policiais-militares-participam-de-treinamento-de-desembarque-de-tropa-em-accoes-especiais-de-helicoptero","status":"publish","type":"post","link":"https:\/\/jorgezanoni.com.br\/2019\/policiais-militares-participam-de-treinamento-de-desembarque-de-tropa-em-accoes-especiais-de-helicoptero\/","title":{"rendered":"Policiais Militares participam de treinamento de desembarque de tropa em a\u00e7\u00f5es especiais de Helic\u00f3ptero"},"content":{"rendered":"<p style=\"text-align: justify;\"><strong>O HOMEM \u00c9 O QUE ELE TREINA&#8230;<\/strong><\/p>\n<div style=\"width: 640px;\" class=\"wp-video\"><video class=\"wp-video-shortcode\" id=\"video-30513-1\" width=\"640\" height=\"352\" preload=\"metadata\" controls=\"controls\"><source type=\"video\/mp4\" src=\"https:\/\/jorgezanoni.com.br\/2019\/wp-content\/uploads\/2020\/07\/WhatsApp-Video-2020-07-11-at-20.54.35.mp4?_=1\" \/><a href=\"https:\/\/jorgezanoni.com.br\/2019\/wp-content\/uploads\/2020\/07\/WhatsApp-Video-2020-07-11-at-20.54.35.mp4\">https:\/\/jorgezanoni.com.br\/2019\/wp-content\/uploads\/2020\/07\/WhatsApp-Video-2020-07-11-at-20.54.35.mp4<\/a><\/video><\/div>\n<p style=\"text-align: justify;\">No in\u00edcio do m\u00eas de julho, dias 01 e 02, as equipes de For\u00e7a T\u00e1tica do 25\u00ba BPM\/I participaram na Base de Avia\u00e7\u00e3o de Presidente Prudente juntamente com o Comando de Avia\u00e7\u00e3o da Pol\u00edcia Militar de um treinamento de desembarque de tropa em a\u00e7\u00f5es especiais de Pol\u00edcia.<br \/>\nA finalidade \u00e9 estar em constante treinamento para deixar os policiais militares cada vez mais preparados e prontos para atuarem em conjunto em situa\u00e7\u00f5es que exijam uma resposta diferenciada para a seguran\u00e7a da popula\u00e7\u00e3o do Oeste Paulista.<br \/>\nEssa a\u00e7\u00e3o foi pioneira na \u00e1rea do Comando de Policiamento do Interior 8 e contou com a participa\u00e7\u00e3o de peofissionais que transmitiram todo conhecimento.<br \/>\nParab\u00e9ns ao Comando de Avia\u00e7\u00e3o da Pol\u00edcia Militar e a Base de Avia\u00e7\u00e3o de Presidente Prudente.<\/p>\n<p style=\"text-align: justify;\">#25BPMI<br \/>\n#POLICIAMILITARSP<br \/>\n#AFOR\u00c7AP\u00daBLICADES\u00c3OPAULO<br \/>\nCOMUNICA\u00c7\u00c3O SOCIAL DO 25\u00ba BPM\/I &#8211; Dracena e regi\u00e3o.<\/p>\n<p>Imagem Arquivo<\/p>\n","protected":false},"excerpt":{"rendered":"<p>O HOMEM \u00c9 O QUE ELE TREINA&#8230; No in\u00edcio do m\u00eas de julho, dias 01 e 02, as equipes de For\u00e7a T\u00e1tica do 25\u00ba BPM\/I participaram na Base de Avia\u00e7\u00e3o de Presidente Prudente juntamente com o Comando de Avia\u00e7\u00e3o da Pol\u00edcia Militar de um treinamento de desembarque de tropa em a\u00e7\u00f5es especiais de Pol\u00edcia. A [&hellip;]<\/p>\n","protected":false},"author":1,"featured_media":30515,"comment_status":"closed","ping_status":"open","sticky":false,"template":"","format":"video","meta":{"footnotes":""},"categories":[110,2,169],"tags":[],"class_list":["post-30513","post","type-post","status-publish","format-video","has-post-thumbnail","hentry","category-noticiasdestaque","category-policial","category-videos","post_format-post-format-video"],"_links":{"self":[{"href":"https:\/\/jorgezanoni.com.br\/2019\/wp-json\/wp\/v2\/posts\/30513","targetHints":{"allow":["GET"]}}],"collection":[{"href":"https:\/\/jorgezanoni.com.br\/2019\/wp-json\/wp\/v2\/posts"}],"about":[{"href":"https:\/\/jorgezanoni.com.br\/2019\/wp-json\/wp\/v2\/types\/post"}],"author":[{"embeddable":true,"href":"https:\/\/jorgezanoni.com.br\/2019\/wp-json\/wp\/v2\/users\/1"}],"replies":[{"embeddable":true,"href":"https:\/\/jorgezanoni.com.br\/2019\/wp-json\/wp\/v2\/comments?post=30513"}],"version-history":[{"count":0,"href":"https:\/\/jorgezanoni.com.br\/2019\/wp-json\/wp\/v2\/posts\/30513\/revisions"}],"wp:featuredmedia":[{"embeddable":true,"href":"https:\/\/jorgezanoni.com.br\/2019\/wp-json\/wp\/v2\/media\/30515"}],"wp:attachment":[{"href":"https:\/\/jorgezanoni.com.br\/2019\/wp-json\/wp\/v2\/media?parent=30513"}],"wp:term":[{"taxonomy":"category","embeddable":true,"href":"https:\/\/jorgezanoni.com.br\/2019\/wp-json\/wp\/v2\/categories?post=30513"},{"taxonomy":"post_tag","embeddable":true,"href":"https:\/\/jorgezanoni.com.br\/2019\/wp-json\/wp\/v2\/tags?post=30513"}],"curies":[{"name":"wp","href":"https:\/\/api.w.org\/{rel}","templated":true}]}}