{"id":30510,"date":"2020-07-11T23:43:30","date_gmt":"2020-07-11T23:43:30","guid":{"rendered":"https:\/\/jorgezanoni.com.br\/2019\/?p=30510"},"modified":"2020-07-11T23:43:30","modified_gmt":"2020-07-11T23:43:30","slug":"brasil-tem-715-mil-mortes-por-coronavirus-e-mais-de-18-milhao-de-infectados-mostra-consorcio-de-veiculos-de-imprensa","status":"publish","type":"post","link":"https:\/\/jorgezanoni.com.br\/2019\/brasil-tem-715-mil-mortes-por-coronavirus-e-mais-de-18-milhao-de-infectados-mostra-consorcio-de-veiculos-de-imprensa\/","title":{"rendered":"Brasil tem 71,5 mil mortes por coronav\u00edrus e mais de 1,8 milh\u00e3o de infectados, mostra cons\u00f3rcio de ve\u00edculos de imprensa"},"content":{"rendered":"<h2 class=\"content-head__subtitle\" style=\"text-align: justify;\"><strong>Pa\u00eds soma 968 novos \u00f3bitos e 36,4 mil infectados.<\/strong><\/h2>\n<div class=\"mc-column content-text active-extra-styles active-capital-letter\" style=\"text-align: justify;\" data-block-type=\"unstyled\" data-block-weight=\"33\" data-block-id=\"1\">\n<p class=\"content-text__container theme-color-primary-first-letter\" data-track-category=\"Link no Texto\" data-track-links=\"\">O\u00a0<a href=\"https:\/\/g1.globo.com\/politica\/noticia\/2020\/06\/08\/veiculos-de-comunicacao-formam-parceria-para-dar-transparencia-a-dados-de-covid-19.ghtml\">cons\u00f3rcio de ve\u00edculos de imprensa<\/a>\u00a0divulgou novo levantamento da situa\u00e7\u00e3o da epidemia de coronav\u00edrus no Brasil a partir de dados das secretarias estaduais de Sa\u00fade, consolidados \u00e0s 20h deste s\u00e1bado (11).<\/p>\n<\/div>\n<div class=\"wall protected-content\">\n<div class=\"mc-column content-text active-extra-styles \" style=\"text-align: justify;\" data-block-type=\"unstyled\" data-block-weight=\"68\" data-block-id=\"2\">\n<p class=\"content-text__container \" data-track-category=\"Link no Texto\" data-track-links=\"\">O pa\u00eds registrou\u00a0<strong>968<\/strong>\u00a0<strong>mortes pela Covid-19<\/strong>\u00a0nas \u00faltimas 24 horas, chegando ao total de\u00a0<strong>71.492 \u00f3bitos<\/strong>. Com isso, a m\u00e9dia m\u00f3vel de novas mortes no Brasil na \u00faltima semana foi de\u00a0<strong>1.018 por dia<\/strong>, uma\u00a0<strong>varia\u00e7\u00e3o de 2%<\/strong>\u00a0em rela\u00e7\u00e3o aos \u00f3bitos registrados em 14 dias. Em casos confirmados foram\u00a0<strong>36.474 registrados no \u00faltimo dia<\/strong>, com o total de\u00a0<strong>1.840.812 de brasileiros infectados\u00a0<\/strong>pelo novo coronav\u00edrus.<\/p>\n<\/div>\n<div class=\"mc-column content-text active-extra-styles \" style=\"text-align: justify;\" data-block-type=\"unstyled\" data-block-weight=\"31\" data-block-id=\"3\">\n<p class=\"content-text__container \" data-track-category=\"Link no Texto\" data-track-links=\"\">Ao comparar a curva do\u00a0<strong>Brasil<\/strong>\u00a0com outros pa\u00edses tamb\u00e9m duramente afetados pela doen\u00e7a, especialistas apontam que a pandemia no pa\u00eds n\u00e3o chegou a um pico e uma queda na sequ\u00eancia.<\/p>\n<\/div>\n<div class=\"mc-column content-text active-extra-styles \" style=\"text-align: justify;\" data-block-type=\"unstyled\" data-block-weight=\"4\" data-block-id=\"4\">\n<p class=\"content-text__container \" data-track-category=\"Link no Texto\" data-track-links=\"\"><strong>Veja a seguir:<\/strong><\/p>\n<\/div>\n<div class=\"mc-column content-text active-extra-styles\" style=\"text-align: justify;\" data-block-type=\"raw\" data-block-weight=\"5\" data-block-id=\"5\">\n<div class=\"content-intertitle\">\n<h2>Brasil, em 11 de julho<\/h2>\n<\/div>\n<\/div>\n<div class=\"mc-column content-text active-extra-styles\" style=\"text-align: justify;\" data-block-type=\"raw\" data-block-weight=\"36\" data-block-id=\"6\">\n<ul class=\"content-unordered-list\">\n<li><strong>Total de mortes: 71.492<\/strong><\/li>\n<li><strong>Mortes em 24 horas: 968<\/strong><\/li>\n<li><strong>M\u00e9dia de novas mortes nos \u00faltimos 7 dias: 1<\/strong>.<strong>018<\/strong>\u00a0por dia (varia\u00e7\u00e3o em 14 dias: 2%)<\/li>\n<li><strong>Total de casos confirmados: 1.840.812<\/strong><\/li>\n<li><strong>Casos confirmados em 24 horas: 36.474<\/strong><\/li>\n<\/ul>\n<\/div>\n<div class=\"mc-column content-text active-extra-styles \" data-block-type=\"unstyled\" data-block-weight=\"30\" data-block-id=\"7\">\n<p class=\"content-text__container \" style=\"text-align: justify;\" data-track-category=\"Link no Texto\" data-track-links=\"\"><em>(Antes do balan\u00e7o das 20h, o cons\u00f3rcio divulgou dois boletins parciais, \u00e0s 8h, com 70.601 mortes e 1.807.496 casos confirmados, e \u00e0s 13h, com 70.623 mortes e 1.810.691 casos confirmados.)<\/em><\/p>\n<p style=\"text-align: justify;\" data-track-category=\"Link no Texto\" data-track-links=\"\">Fonte: https:\/\/g1.globo.com\/bemestar\/coronavirus\/noticia\/2020\/07\/11\/casos-e-mortes-por-coronavirus-no-brasil-em-11-de-julho-segundo-consorcio-de-veiculos-de-imprensa.ghtml?uhm<\/p>\n<\/div>\n<\/div>\n","protected":false},"excerpt":{"rendered":"<p>Pa\u00eds soma 968 novos \u00f3bitos e 36,4 mil infectados. O\u00a0cons\u00f3rcio de ve\u00edculos de imprensa\u00a0divulgou novo levantamento da situa\u00e7\u00e3o da epidemia de coronav\u00edrus no Brasil a partir de dados das secretarias estaduais de Sa\u00fade, consolidados \u00e0s 20h deste s\u00e1bado (11). O pa\u00eds registrou\u00a0968\u00a0mortes pela Covid-19\u00a0nas \u00faltimas 24 horas, chegando ao total de\u00a071.492 \u00f3bitos. Com isso, a [&hellip;]<\/p>\n","protected":false},"author":1,"featured_media":30511,"comment_status":"closed","ping_status":"open","sticky":false,"template":"","format":"standard","meta":{"footnotes":""},"categories":[110,122],"tags":[],"class_list":["post-30510","post","type-post","status-publish","format-standard","has-post-thumbnail","hentry","category-noticiasdestaque","category-saudeeducacaoeconcurso"],"_links":{"self":[{"href":"https:\/\/jorgezanoni.com.br\/2019\/wp-json\/wp\/v2\/posts\/30510","targetHints":{"allow":["GET"]}}],"collection":[{"href":"https:\/\/jorgezanoni.com.br\/2019\/wp-json\/wp\/v2\/posts"}],"about":[{"href":"https:\/\/jorgezanoni.com.br\/2019\/wp-json\/wp\/v2\/types\/post"}],"author":[{"embeddable":true,"href":"https:\/\/jorgezanoni.com.br\/2019\/wp-json\/wp\/v2\/users\/1"}],"replies":[{"embeddable":true,"href":"https:\/\/jorgezanoni.com.br\/2019\/wp-json\/wp\/v2\/comments?post=30510"}],"version-history":[{"count":0,"href":"https:\/\/jorgezanoni.com.br\/2019\/wp-json\/wp\/v2\/posts\/30510\/revisions"}],"wp:featuredmedia":[{"embeddable":true,"href":"https:\/\/jorgezanoni.com.br\/2019\/wp-json\/wp\/v2\/media\/30511"}],"wp:attachment":[{"href":"https:\/\/jorgezanoni.com.br\/2019\/wp-json\/wp\/v2\/media?parent=30510"}],"wp:term":[{"taxonomy":"category","embeddable":true,"href":"https:\/\/jorgezanoni.com.br\/2019\/wp-json\/wp\/v2\/categories?post=30510"},{"taxonomy":"post_tag","embeddable":true,"href":"https:\/\/jorgezanoni.com.br\/2019\/wp-json\/wp\/v2\/tags?post=30510"}],"curies":[{"name":"wp","href":"https:\/\/api.w.org\/{rel}","templated":true}]}}