{"id":30507,"date":"2020-07-11T21:37:56","date_gmt":"2020-07-11T21:37:56","guid":{"rendered":"https:\/\/jorgezanoni.com.br\/2019\/?p=30507"},"modified":"2020-07-11T21:37:56","modified_gmt":"2020-07-11T21:37:56","slug":"ovni-e-visto-proximo-ao-aeroporto-e-assusta-marilienses","status":"publish","type":"post","link":"https:\/\/jorgezanoni.com.br\/2019\/ovni-e-visto-proximo-ao-aeroporto-e-assusta-marilienses\/","title":{"rendered":"Ovni \u00e9 visto pr\u00f3ximo ao aeroporto e assusta marilienses"},"content":{"rendered":"<p style=\"text-align: justify;\"><strong>Marilienses filmaram um Objeto Voador N\u00e3o Identificado (Ovni) nas proximidades do Aeroporto Estadual \u2013 Frank Miloye Milenkovich, na zona Leste, na madrugada deste s\u00e1bado (11).<\/strong><\/p>\n<p style=\"text-align: justify;\">O Governo Federal explica que um Ovni n\u00e3o \u00e9 necessariamente um disco voador \u2013 ou nave extraterrestre, mas \u201cqualquer objeto no c\u00e9u que n\u00e3o foi poss\u00edvel descobrir de imediato sua origem natural\u201d.<\/p>\n<p style=\"text-align: justify;\">\u201cPode ser um drone, uma estrela, um sat\u00e9lite, um bal\u00e3o meteorol\u00f3gico ou at\u00e9 mesmo um fen\u00f4meno natural\u201d, explica o Minist\u00e9rio da Justi\u00e7a sobre a natureza de registros do tipo.<\/p>\n<p style=\"text-align: justify;\">O \u00f3rg\u00e3o \u00e9 respons\u00e1vel pelo Arquivo Nacional onde est\u00e3o armazenados mais de 700 grava\u00e7\u00f5es de Ovnis feitas por civis ou por integrantes da For\u00e7a A\u00e9rea Brasileira (FAB).<\/p>\n<p style=\"text-align: justify;\">Para a autora da grava\u00e7\u00e3o feita no condom\u00ednio Terras da Fazenda nesta madrugada, J\u00falia Torrecilla, de 24 anos, trata-se de uma experi\u00eancia muito intrigante.<\/p>\n<p style=\"text-align: justify;\">De acordo com a jovem, o objeto luminoso circular se movia em alta velocidade e parecia estar interagindo com ela e seus amigos, que sentiram muito medo durante o ocorrido, por volta das 5h.<\/p>\n<p style=\"text-align: justify;\">Eles teriam percebido a presen\u00e7a do Ovni ap\u00f3s um ru\u00eddo muito alto e tamb\u00e9m relataram ter visto alguns flashes no c\u00e9u.<\/p>\n<p style=\"text-align: justify;\">\u201cOuvimos um barulho muito forte e um amigo olhou para o c\u00e9u e viu essa luz, que n\u00e3o era estrela, nem avi\u00e3o. Peguei meu celular e dei zoom, estava girando muito r\u00e1pido. Consegui ver uma bola no meio com algo em volta\u201d, detalhou Maria J\u00falia.<\/p>\n<p style=\"text-align: justify;\">O\u00a0<strong>Mar\u00edlia Not\u00edcia<\/strong>\u00a0enviou o v\u00eddeo para Jos\u00e9 Carlos Figueiredo, meteorologista e coordenador de opera\u00e7\u00f5es do Instituto de Pesquisas Meteorol\u00f3gicas (IPMet) da Universidade Estadual Paulista (Unesp), campus de Bauru (distante 118 quil\u00f4metros).<\/p>\n<p style=\"text-align: justify;\">A reportagem questionou se poderia ser uma esp\u00e9cie de bal\u00e3o meteorol\u00f3gico ou algum fen\u00f4meno meteorol\u00f3gico raro.<\/p>\n<p style=\"text-align: justify;\">\u201cN\u00e3o tem nada a ver com meteorologia. Voc\u00ea t\u00eam dois caminhos, ligar para a FAB ou para o pessoal da astronomia. Na internet tem reportagem sobre um meteoro que apareceu no Hemisf\u00e9rio Norte, recentemente, o C2020 F3. Pode ser isso\u201d, comentou Figueiredo.<\/p>\n<p style=\"text-align: justify;\">J\u00e1 o presidente do Sistema Astron\u00f4mico de Mar\u00edlia tem uma opini\u00e3o diferente. Ele afirma que a princ\u00edpio \u201cn\u00e3o d\u00e1 pra se ter uma an\u00e1lise mais apurada, entretanto me parece inicialmente a luz solar refletindo em algum objeto tipo \u2018bal\u00e3o\u2019, mas pode ser tamb\u00e9m algum tipo de drone especial\u201d.<\/p>\n<p style=\"text-align: justify;\">De acordo com ele, n\u00e3o pode ser o meteoro C2020 F3, pois no momento ele s\u00f3 pode ser visto do hemisf\u00e9rio Norte.<\/p>\n<p style=\"text-align: justify;\">A reportagem conversou com fontes do Aeroporto de Mar\u00edlia, que fica nas proximidades do local em que as imagens foram feitas.<\/p>\n<p style=\"text-align: justify;\">A informa\u00e7\u00e3o \u00e9 de que os equipamentos e radares aeron\u00e1uticos n\u00e3o identificaram nenhuma anormalidade no espa\u00e7o a\u00e9reo local durante a madrugada.<\/p>\n<p style=\"text-align: justify;\">As imagens foram enviadas pela reportagem para a FAB com o objetivo de an\u00e1lise, mas ainda n\u00e3o houve um retorno. O\u00a0<strong>MN\u00a0<\/strong>acompanha o caso.<\/p>\n<p style=\"text-align: justify;\">Fonte: https:\/\/marilianoticia.com.br\/ovni-e-visto-proximo-ao-aeroporto-e-assusta-marilienses\/<\/p>\n","protected":false},"excerpt":{"rendered":"<p>Marilienses filmaram um Objeto Voador N\u00e3o Identificado (Ovni) nas proximidades do Aeroporto Estadual \u2013 Frank Miloye Milenkovich, na zona Leste, na madrugada deste s\u00e1bado (11). O Governo Federal explica que um Ovni n\u00e3o \u00e9 necessariamente um disco voador \u2013 ou nave extraterrestre, mas \u201cqualquer objeto no c\u00e9u que n\u00e3o foi poss\u00edvel descobrir de imediato sua [&hellip;]<\/p>\n","protected":false},"author":1,"featured_media":30508,"comment_status":"closed","ping_status":"open","sticky":false,"template":"","format":"standard","meta":{"footnotes":""},"categories":[114,110],"tags":[],"class_list":["post-30507","post","type-post","status-publish","format-standard","has-post-thumbnail","hentry","category-geralecomercio","category-noticiasdestaque"],"_links":{"self":[{"href":"https:\/\/jorgezanoni.com.br\/2019\/wp-json\/wp\/v2\/posts\/30507","targetHints":{"allow":["GET"]}}],"collection":[{"href":"https:\/\/jorgezanoni.com.br\/2019\/wp-json\/wp\/v2\/posts"}],"about":[{"href":"https:\/\/jorgezanoni.com.br\/2019\/wp-json\/wp\/v2\/types\/post"}],"author":[{"embeddable":true,"href":"https:\/\/jorgezanoni.com.br\/2019\/wp-json\/wp\/v2\/users\/1"}],"replies":[{"embeddable":true,"href":"https:\/\/jorgezanoni.com.br\/2019\/wp-json\/wp\/v2\/comments?post=30507"}],"version-history":[{"count":0,"href":"https:\/\/jorgezanoni.com.br\/2019\/wp-json\/wp\/v2\/posts\/30507\/revisions"}],"wp:featuredmedia":[{"embeddable":true,"href":"https:\/\/jorgezanoni.com.br\/2019\/wp-json\/wp\/v2\/media\/30508"}],"wp:attachment":[{"href":"https:\/\/jorgezanoni.com.br\/2019\/wp-json\/wp\/v2\/media?parent=30507"}],"wp:term":[{"taxonomy":"category","embeddable":true,"href":"https:\/\/jorgezanoni.com.br\/2019\/wp-json\/wp\/v2\/categories?post=30507"},{"taxonomy":"post_tag","embeddable":true,"href":"https:\/\/jorgezanoni.com.br\/2019\/wp-json\/wp\/v2\/tags?post=30507"}],"curies":[{"name":"wp","href":"https:\/\/api.w.org\/{rel}","templated":true}]}}