{"id":30504,"date":"2020-07-11T21:15:46","date_gmt":"2020-07-11T21:15:46","guid":{"rendered":"https:\/\/jorgezanoni.com.br\/2019\/?p=30504"},"modified":"2020-07-11T21:15:46","modified_gmt":"2020-07-11T21:15:46","slug":"foragido-da-justica-e-morto-em-troca-de-tiros-com-a-policia-militar-em-tupa","status":"publish","type":"post","link":"https:\/\/jorgezanoni.com.br\/2019\/foragido-da-justica-e-morto-em-troca-de-tiros-com-a-policia-militar-em-tupa\/","title":{"rendered":"Foragido da Justi\u00e7a \u00e9 morto em troca de tiros com a Pol\u00edcia Militar em Tup\u00e3"},"content":{"rendered":"<p style=\"text-align: justify;\">Um homem de 35 anos, que estava foragido da Justi\u00e7a, morreu em troca de tiros com a equipe de For\u00e7a T\u00e1tica da Pol\u00edcia Militar de Tup\u00e3, na noite dessa sexta-feira, dia 10. O tup\u00e3ense ainda foi socorrido para a Santa Casa de Tup\u00e3, mais veio a \u00f3bito. Ainda segundo a Pol\u00edcia Militar, um rev\u00f3lver que estava com o procurado e uma quantia de R$ 11.300, que tamb\u00e9m era do homem, foram apreendidos.<\/p>\n<p>Consta que por volta das 21 horas policiais militares realizavam patrulhamento e na esquina das ruas Caingangs e Manoel Ferreira Dami\u00e3o avistaram um ve\u00edculo Gol com duas pessoas em atitudes suspeitas. Foi dado ordem de parada, momento que o tup\u00e3ense de 35 anos desceu do carro e fugiu em dire\u00e7\u00e3o ao c\u00f3rrego Afonso XIII. Policiais da For\u00e7a T\u00e1tica sa\u00edram em acompanhamento, momento que o homem disparou contra a equipe, que revidou e baleou o foragido.<\/p>\n<p>A arma apreendida, de cinco proj\u00e9teis, sendo que dois haviam sido disparados e um picotado, e o dinheiro foram levados para a Central de Pol\u00edcia Judici\u00e1ria (CPJ), onde a delegada de plant\u00e3o Janaina Pinheiro registrou a ocorr\u00eancia. O comando de For\u00e7a Patrulha de Mar\u00edlia, com o tenente Kobayashi e tenente Assis, juntamente com o capit\u00e3o Wander e tenente Butareli e delegado seccional Luiz Antonio Hauy, estiveram no local para ouvir os pol\u00edcias envolvidos na ocorr\u00eancia.<\/p>\n<p style=\"text-align: justify;\">Fonte: Tup\u00e3city<\/p>\n","protected":false},"excerpt":{"rendered":"<p>Um homem de 35 anos, que estava foragido da Justi\u00e7a, morreu em troca de tiros com a equipe de For\u00e7a T\u00e1tica da Pol\u00edcia Militar de Tup\u00e3, na noite dessa sexta-feira, dia 10. O tup\u00e3ense ainda foi socorrido para a Santa Casa de Tup\u00e3, mais veio a \u00f3bito. Ainda segundo a Pol\u00edcia Militar, um rev\u00f3lver que [&hellip;]<\/p>\n","protected":false},"author":1,"featured_media":30505,"comment_status":"closed","ping_status":"open","sticky":false,"template":"","format":"standard","meta":{"footnotes":""},"categories":[110,2],"tags":[],"class_list":["post-30504","post","type-post","status-publish","format-standard","has-post-thumbnail","hentry","category-noticiasdestaque","category-policial"],"_links":{"self":[{"href":"https:\/\/jorgezanoni.com.br\/2019\/wp-json\/wp\/v2\/posts\/30504","targetHints":{"allow":["GET"]}}],"collection":[{"href":"https:\/\/jorgezanoni.com.br\/2019\/wp-json\/wp\/v2\/posts"}],"about":[{"href":"https:\/\/jorgezanoni.com.br\/2019\/wp-json\/wp\/v2\/types\/post"}],"author":[{"embeddable":true,"href":"https:\/\/jorgezanoni.com.br\/2019\/wp-json\/wp\/v2\/users\/1"}],"replies":[{"embeddable":true,"href":"https:\/\/jorgezanoni.com.br\/2019\/wp-json\/wp\/v2\/comments?post=30504"}],"version-history":[{"count":0,"href":"https:\/\/jorgezanoni.com.br\/2019\/wp-json\/wp\/v2\/posts\/30504\/revisions"}],"wp:featuredmedia":[{"embeddable":true,"href":"https:\/\/jorgezanoni.com.br\/2019\/wp-json\/wp\/v2\/media\/30505"}],"wp:attachment":[{"href":"https:\/\/jorgezanoni.com.br\/2019\/wp-json\/wp\/v2\/media?parent=30504"}],"wp:term":[{"taxonomy":"category","embeddable":true,"href":"https:\/\/jorgezanoni.com.br\/2019\/wp-json\/wp\/v2\/categories?post=30504"},{"taxonomy":"post_tag","embeddable":true,"href":"https:\/\/jorgezanoni.com.br\/2019\/wp-json\/wp\/v2\/tags?post=30504"}],"curies":[{"name":"wp","href":"https:\/\/api.w.org\/{rel}","templated":true}]}}