{"id":30500,"date":"2020-07-11T19:22:53","date_gmt":"2020-07-11T19:22:53","guid":{"rendered":"https:\/\/jorgezanoni.com.br\/2019\/?p=30500"},"modified":"2020-07-11T19:22:53","modified_gmt":"2020-07-11T19:22:53","slug":"acidente-em-avenida-envolve-dois-veiculos-e-deixa-tres-feridos-em-venceslau","status":"publish","type":"post","link":"https:\/\/jorgezanoni.com.br\/2019\/acidente-em-avenida-envolve-dois-veiculos-e-deixa-tres-feridos-em-venceslau\/","title":{"rendered":"Acidente em avenida envolve dois ve\u00edculos e deixa tr\u00eas feridos em Venceslau"},"content":{"rendered":"<p style=\"text-align: justify;\">Uma colis\u00e3o lateral entre dois ve\u00edculos deixou tr\u00eas pessoas feridas na madrugada deste s\u00e1bado (11) em Presidente Venceslau. O acidente foi registrado por volta das 01h50 no cruzamento da rua Duque de Caxias com a avenida Newton Prado.<\/p>\n<p style=\"text-align: justify;\">De acordo com informa\u00e7\u00f5es apuradas pelo\u00a0<em><strong>PORTAL BUENO<\/strong><\/em>, o motorista do ve\u00edculo Megane, um jovem de 32 anos de idade, seguia na rua Duque de Caxias e ao avan\u00e7ar no cruzamento da via com a avenida Newton Prado, acabou colidindo na lateral do ve\u00edculo Fox que seguia pela via no sentido centro\/bairro.<\/p>\n<p style=\"text-align: justify;\">Com o impacto o Megane empurrou o Fox contra o pr\u00e9dio da Apeoesp que teve a porta de vidro danificada. O Fox acabou entrando parcialmente na sede da associa\u00e7\u00e3o. J\u00e1 o Megane rodou na via e teve a frente totalmente danificada..<\/p>\n<p style=\"text-align: justify;\">O motorista do Megane estava sozinho no ve\u00edculo e teve diversos ferimentos. O Fox era conduzido por um rapaz de 21 anos de idade, que estava acompanhado por um jovem de 19 anos. Os dois tiveram ferimentos e escoria\u00e7\u00f5es.<\/p>\n<p style=\"text-align: justify;\">As v\u00edtimas foram socorridas por equipes do Corpo de Bombeiros e encaminhadas at\u00e9 o Pronto Socorro da Santa Casa de Presidente Venceslau. Eles passaram por exames e de acordo com informa\u00e7\u00f5es iniciais, nenhum dos envolvidos no acidente corre risco e est\u00e3o com o estado de sa\u00fade bom.<\/p>\n<p style=\"text-align: justify;\">A Pol\u00edcia Militar esteve no local e registrou a ocorr\u00eancia. A Per\u00edcia T\u00e9cnica foi acionada e um laudo ser\u00e1 elaborado para apurar as causas do acidente.<\/p>\n<p style=\"text-align: justify;\">Veja abaixo as fotos do acidente.<\/p>\n<p style=\"text-align: justify;\"><img decoding=\"async\" src=\"https:\/\/www.portalbueno.com.br\/uploads\/news\/11_07_2020_044813_450.jpg\" alt=\"\" \/><\/p>\n<p style=\"text-align: justify;\"><img decoding=\"async\" src=\"https:\/\/www.portalbueno.com.br\/uploads\/news\/11_07_2020_044916_738.jpg\" alt=\"\" \/><\/p>\n<p style=\"text-align: justify;\"><img decoding=\"async\" src=\"https:\/\/www.portalbueno.com.br\/uploads\/news\/11_07_2020_044850_752.jpg\" alt=\"\" \/><\/p>\n<p style=\"text-align: justify;\"><img decoding=\"async\" src=\"https:\/\/www.portalbueno.com.br\/uploads\/news\/11_07_2020_044928_381.jpg\" alt=\"\" \/><\/p>\n<p style=\"text-align: justify;\"><img decoding=\"async\" src=\"https:\/\/www.portalbueno.com.br\/uploads\/news\/11_07_2020_045321_37.jpg\" alt=\"\" \/>Fonte: Portal Bueno<\/p>\n","protected":false},"excerpt":{"rendered":"<p>Uma colis\u00e3o lateral entre dois ve\u00edculos deixou tr\u00eas pessoas feridas na madrugada deste s\u00e1bado (11) em Presidente Venceslau. O acidente foi registrado por volta das 01h50 no cruzamento da rua Duque de Caxias com a avenida Newton Prado. De acordo com informa\u00e7\u00f5es apuradas pelo\u00a0PORTAL BUENO, o motorista do ve\u00edculo Megane, um jovem de 32 anos [&hellip;]<\/p>\n","protected":false},"author":1,"featured_media":30502,"comment_status":"closed","ping_status":"open","sticky":false,"template":"","format":"standard","meta":{"footnotes":""},"categories":[170,110],"tags":[],"class_list":["post-30500","post","type-post","status-publish","format-standard","has-post-thumbnail","hentry","category-acidentes","category-noticiasdestaque"],"_links":{"self":[{"href":"https:\/\/jorgezanoni.com.br\/2019\/wp-json\/wp\/v2\/posts\/30500","targetHints":{"allow":["GET"]}}],"collection":[{"href":"https:\/\/jorgezanoni.com.br\/2019\/wp-json\/wp\/v2\/posts"}],"about":[{"href":"https:\/\/jorgezanoni.com.br\/2019\/wp-json\/wp\/v2\/types\/post"}],"author":[{"embeddable":true,"href":"https:\/\/jorgezanoni.com.br\/2019\/wp-json\/wp\/v2\/users\/1"}],"replies":[{"embeddable":true,"href":"https:\/\/jorgezanoni.com.br\/2019\/wp-json\/wp\/v2\/comments?post=30500"}],"version-history":[{"count":0,"href":"https:\/\/jorgezanoni.com.br\/2019\/wp-json\/wp\/v2\/posts\/30500\/revisions"}],"wp:featuredmedia":[{"embeddable":true,"href":"https:\/\/jorgezanoni.com.br\/2019\/wp-json\/wp\/v2\/media\/30502"}],"wp:attachment":[{"href":"https:\/\/jorgezanoni.com.br\/2019\/wp-json\/wp\/v2\/media?parent=30500"}],"wp:term":[{"taxonomy":"category","embeddable":true,"href":"https:\/\/jorgezanoni.com.br\/2019\/wp-json\/wp\/v2\/categories?post=30500"},{"taxonomy":"post_tag","embeddable":true,"href":"https:\/\/jorgezanoni.com.br\/2019\/wp-json\/wp\/v2\/tags?post=30500"}],"curies":[{"name":"wp","href":"https:\/\/api.w.org\/{rel}","templated":true}]}}