{"id":30483,"date":"2020-07-11T17:40:05","date_gmt":"2020-07-11T17:40:05","guid":{"rendered":"https:\/\/jorgezanoni.com.br\/2019\/?p=30483"},"modified":"2020-07-12T02:38:12","modified_gmt":"2020-07-12T02:38:12","slug":"morre-o-pastor-benedito-amaro-silva","status":"publish","type":"post","link":"https:\/\/jorgezanoni.com.br\/2019\/morre-o-pastor-benedito-amaro-silva\/","title":{"rendered":"Morre o Pastor Benedito Amaro Silva"},"content":{"rendered":"<p style=\"text-align: justify;\">Faleceu na manh\u00e3 deste s\u00e1bado, o Pastor Benedito Amaro Silva. Ele era Pastor da comunidade Batista Jeov\u00e1 Nissin, no jardim Brasil\u00e2ndia em Dracena.<\/p>\n<p style=\"text-align: justify;\">Seu Corpo ser\u00e1 velado amanh\u00e3 das 07:30 h as 15:00 hs. na comunidade Batista Jeov\u00e1 Nissin, Rua Fagundes Varela, 300 no Jardim Brasil\u00e2ndia.<\/p>\n<p><img loading=\"lazy\" decoding=\"async\" class=\"alignnone size-full wp-image-30531\" src=\"https:\/\/jorgezanoni.com.br\/2019\/wp-content\/uploads\/2020\/07\/PASTOR-NOVO.jpg\" alt=\"\" width=\"906\" height=\"507\" srcset=\"https:\/\/jorgezanoni.com.br\/2019\/wp-content\/uploads\/2020\/07\/PASTOR-NOVO.jpg 906w, https:\/\/jorgezanoni.com.br\/2019\/wp-content\/uploads\/2020\/07\/PASTOR-NOVO-300x168.jpg 300w, https:\/\/jorgezanoni.com.br\/2019\/wp-content\/uploads\/2020\/07\/PASTOR-NOVO-768x430.jpg 768w, https:\/\/jorgezanoni.com.br\/2019\/wp-content\/uploads\/2020\/07\/PASTOR-NOVO-696x389.jpg 696w, https:\/\/jorgezanoni.com.br\/2019\/wp-content\/uploads\/2020\/07\/PASTOR-NOVO-751x420.jpg 751w\" sizes=\"auto, (max-width: 906px) 100vw, 906px\" \/><\/p>\n<p>&nbsp;<\/p>\n<p>&nbsp;<\/p>\n","protected":false},"excerpt":{"rendered":"<p>Faleceu na manh\u00e3 deste s\u00e1bado, o Pastor Benedito Amaro Silva. Ele era Pastor da comunidade Batista Jeov\u00e1 Nissin, no jardim Brasil\u00e2ndia em Dracena. Seu Corpo ser\u00e1 velado amanh\u00e3 das 07:30 h as 15:00 hs. na comunidade Batista Jeov\u00e1 Nissin, Rua Fagundes Varela, 300 no Jardim Brasil\u00e2ndia. &nbsp; &nbsp;<\/p>\n","protected":false},"author":1,"featured_media":30484,"comment_status":"closed","ping_status":"open","sticky":false,"template":"","format":"standard","meta":{"footnotes":""},"categories":[178,110],"tags":[],"class_list":["post-30483","post","type-post","status-publish","format-standard","has-post-thumbnail","hentry","category-notadefalecimento","category-noticiasdestaque"],"_links":{"self":[{"href":"https:\/\/jorgezanoni.com.br\/2019\/wp-json\/wp\/v2\/posts\/30483","targetHints":{"allow":["GET"]}}],"collection":[{"href":"https:\/\/jorgezanoni.com.br\/2019\/wp-json\/wp\/v2\/posts"}],"about":[{"href":"https:\/\/jorgezanoni.com.br\/2019\/wp-json\/wp\/v2\/types\/post"}],"author":[{"embeddable":true,"href":"https:\/\/jorgezanoni.com.br\/2019\/wp-json\/wp\/v2\/users\/1"}],"replies":[{"embeddable":true,"href":"https:\/\/jorgezanoni.com.br\/2019\/wp-json\/wp\/v2\/comments?post=30483"}],"version-history":[{"count":0,"href":"https:\/\/jorgezanoni.com.br\/2019\/wp-json\/wp\/v2\/posts\/30483\/revisions"}],"wp:featuredmedia":[{"embeddable":true,"href":"https:\/\/jorgezanoni.com.br\/2019\/wp-json\/wp\/v2\/media\/30484"}],"wp:attachment":[{"href":"https:\/\/jorgezanoni.com.br\/2019\/wp-json\/wp\/v2\/media?parent=30483"}],"wp:term":[{"taxonomy":"category","embeddable":true,"href":"https:\/\/jorgezanoni.com.br\/2019\/wp-json\/wp\/v2\/categories?post=30483"},{"taxonomy":"post_tag","embeddable":true,"href":"https:\/\/jorgezanoni.com.br\/2019\/wp-json\/wp\/v2\/tags?post=30483"}],"curies":[{"name":"wp","href":"https:\/\/api.w.org\/{rel}","templated":true}]}}